{"id":16603,"date":"2009-11-16T15:29:48","date_gmt":"2009-11-16T13:29:48","guid":{"rendered":"http:\/\/www.korhanyilmaz.com\/?p=16603"},"modified":"2009-11-16T15:29:48","modified_gmt":"2009-11-16T13:29:48","slug":"kanuna-uygun-hersey-hukuka-uygun-degil","status":"publish","type":"post","link":"http:\/\/www.korhanyilmaz.com\/?p=16603","title":{"rendered":"Ger\u00e7eker : &#039;Kanuna uygun her\u015fey hukuka uygun de\u011fil!&#039;"},"content":{"rendered":"<p style=\"text-align: center;\"><a href=\"http:\/\/www.korhanyilmaz.com\/wp-content\/uploads\/2009\/11\/GERCEKER.jpg\"  class=\"lightview\"><img loading=\"lazy\" decoding=\"async\" class=\"aligncenter size-full wp-image-16604\" src=\"http:\/\/www.korhanyilmaz.com\/wp-content\/uploads\/2009\/11\/GERCEKER.jpg\" alt=\"\" width=\"307\" height=\"236\" \/><\/a><\/p>\n<p style=\"text-align: justify;\">Yarg\u0131tay Ba\u015fkan\u0131 Hasan Ger\u00e7eker, Yarg\u0131tay&#8217;da ba\u015fkalar\u0131n\u0131n da dinlenip dinlenmedi\u011fini ara\u015ft\u0131racaklar\u0131n\u0131, mahkeme kararlar\u0131n\u0131 da incelediklerini belirterek, &#8220;Kanuna uygun her \u015fey hukuka uygun olmuyor&#8221; dedi.<\/p>\n<p style=\"text-align: justify;\">Ger\u00e7eker, Cumhurba\u015fkan\u0131 Abdullah G\u00fcl ile g\u00f6r\u00fc\u015fmesinin ard\u0131ndan makam\u0131nda gazetecilerin sorular\u0131n\u0131 yan\u0131tlad\u0131.<\/p>\n<p style=\"text-align: justify;\">Cumhurba\u015fkan\u0131 G\u00fcl&#8217;e, sistemdeki aksakl\u0131klar\u0131 aktard\u0131\u011f\u0131n\u0131 s\u00f6yleyen Ger\u00e7eker, G\u00fcl&#8217;e, Yarg\u0131tay Birinci Ba\u015fkanl\u0131k Kurulu taraf\u0131ndan y\u00fcr\u00fct\u00fclen inceleme konusunda bilgi verdi\u011fini kaydetti. <!--more--><\/p>\n<p style=\"text-align: justify;\">Ger\u00e7eker, &#8220;Say\u0131n Cumhurba\u015fkan\u0131 konuyu detaylar\u0131yla \u00f6\u011frenebilmek i\u00e7in benimle bu g\u00f6r\u00fc\u015fmeyi yapt\u0131&#8221; dedi. Yarg\u0131tay&#8217;\u0131n telefonlar\u0131n\u0131n dinlenilmesine ili\u015fkin sorular \u00fczerine Ger\u00e7eker, \u015funlar\u0131 kaydetti:<\/p>\n<p style=\"text-align: justify;\">&#8220;Konu\u015fma yasal yolla dinlenmi\u015f olabilir. Ama Yarg\u0131tay Birinci Ba\u015fkanl\u0131k Kurulunun izni olmas\u0131 gerekir. Yarg\u0131tay \u00fcyesinin kullan\u0131m\u0131na tahsis edilmi\u015f bir telefon, Yarg\u0131tay&#8217;\u0131n telefonu. Bug\u00fcn bir arkada\u015f\u0131m\u0131za verilmi\u015f olmas\u0131 \u015fahsi telefon oldu\u011fu anlam\u0131na gelmez. O telefon kurum telefonudur. Bas\u0131na yans\u0131yanlara g\u00f6re o arkada\u015f\u0131m\u0131z\u0131n santrale ba\u011fl\u0131 telefonu dinleniyor. Ama asl\u0131nda dinleme yap\u0131lacaksa, direkt telefonunun dinlenmesi laz\u0131m. \u0130\u015fin \u00fcz\u00fcc\u00fc yan\u0131, \u00e7ok \u00f6nemli g\u00f6revlerde bulunan insanlarla ilgili \u00e7ok \u00f6nemli su\u00e7larda ancak katalog su\u00e7larda dinleme yetkisi verilmi\u015ftir ve s\u0131k\u0131 kurallara ba\u011flanm\u0131\u015ft\u0131r. Ama sistemde sakatl\u0131k, karma\u015fa var. Biz bu \u00fc\u00e7 ba\u015fl\u0131 sistemden kaynakl\u0131 sorunlar\u0131 ortaya koymak istiyoruz. Hakim ve savc\u0131larla ilgili soru\u015fturma a\u00e7mak Adalet Bakanl\u0131\u011f\u0131n\u0131n yetkisinde, yani bir anlamda onlar\u0131n amiri konumunda. HSYK \u00f6n\u00fcne gelmeden bir \u015fey yapam\u0131yor.&#8221;<\/p>\n<p style=\"text-align: justify;\"><strong><em>&#8220;Sistemde ar\u0131za var&#8221; <\/em><\/strong><\/p>\n<p style=\"text-align: justify;\">Dinleme konusunun toplumda s\u0131k\u0131nt\u0131, paranoyaya d\u00f6n\u00fc\u015ft\u00fc\u011f\u00fcn\u00fc s\u00f6yleyen Ger\u00e7eker, &#8220;Sistemde ar\u0131za var, giderilmesi laz\u0131m&#8221; diye konu\u015ftu.<\/p>\n<p style=\"text-align: justify;\">Adalet Bakanl\u0131\u011f\u0131 Tefti\u015f Kurulu Y\u00f6netmeli\u011fi ile adalet m\u00fcfetti\u015flerine, mahkemeden do\u011fduran dinleme karar\u0131 alma yetkisi tan\u0131nd\u0131\u011f\u0131n\u0131 an\u0131msatan Ger\u00e7eker, &#8220;Tefti\u015f Kurulu m\u00fcfetti\u015fleri de hakim ama Adalet Bakanl\u0131\u011f\u0131na ba\u011fl\u0131 olarak \u00e7al\u0131\u015f\u0131yorlar, savc\u0131lar devreden \u00e7\u0131kar\u0131l\u0131yor. Savc\u0131lar s\u00fczge\u00e7 g\u00f6revi g\u00f6r\u00fcyorlard\u0131. Daha \u00f6nce de Tefti\u015f Kuruluna verilen bu yetkinin yanl\u0131\u015fl\u0131\u011f\u0131n\u0131 belirttik, \u00e7\u00fcnk\u00fc bu kararlar bakanl\u0131\u011f\u0131n tasarrufu gibi g\u00f6r\u00fcn\u00fcyor. Bunlar\u0131 yarg\u0131 reformuyla ilgili g\u00f6r\u00fc\u015flerimizi a\u00e7\u0131klarken de bildirdik. Bunlar\u0131n t\u00fcm\u00fc bir b\u00fct\u00fcn\u00fcn par\u00e7alar\u0131. Bir zinciri d\u00fczeltmekle bu i\u015f olmaz&#8221; \u015feklinde konu\u015ftu.<\/p>\n<p style=\"text-align: justify;\">Hasan Ger\u00e7eker, Yarg\u0131tay telefon santral\u0131n\u0131n yap\u0131s\u0131 itibar\u0131yla dinlenemedi\u011fi iddialar\u0131n\u0131n an\u0131msat\u0131lmas\u0131 \u00fczerine, &#8220;Hepsi ara\u015ft\u0131r\u0131lacak. Dinleme iste\u011fi do\u011fru mu yanl\u0131\u015f m\u0131? Ba\u015fka arkada\u015flar\u0131m\u0131z\u0131n dinlenip dinlenmedi\u011fini de ara\u015ft\u0131raca\u011f\u0131z. Mahkeme kararlar\u0131n\u0131 da inceliyoruz. Kanuna uygun her \u015fey hukuka uygun olmuyor. Hukuk, temel ve hak ve \u00f6zg\u00fcrl\u00fcklerin teminat\u0131d\u0131r. &#8216;Dinleme karar\u0131 var&#8217; gibi b\u00f6yle bi\u00e7imsel tart\u0131\u015fmalar olay\u0131n ciddiyetini kaybettiriyor. Bi\u00e7imsel olarak do\u011fru olabilir, \u00f6z\u00fc itibar\u0131yla yanl\u0131\u015ft\u0131r. Dinleme kararlar\u0131 s\u00fcresi dolduktan sonra iptal edilmi\u015f mi o da de\u011ferlendirilecek&#8221; dedi.<\/p>\n<p style=\"text-align: justify;\"><strong><em>Bilirki\u015fi incelemesi <\/em><\/strong><\/p>\n<p style=\"text-align: justify;\">Ba\u015fkan Ger\u00e7eker, &#8220;Yarg\u0131tay santralinin dinlenip dinlenmedi\u011fine ili\u015fkin yeni bir bilirki\u015fi incelemesi yapt\u0131racak m\u0131s\u0131n\u0131z?&#8221; sorusu \u00fczerine, konunun de\u011ferlendirilece\u011fini s\u00f6yledi. Ger\u00e7eker, &#8220;Di\u011fer telefonlar da dinlenmi\u015f mi, dinlenmemi\u015f mi incelenecek. Gerek g\u00f6r\u00fcl\u00fcrse bilirki\u015fi incelemesi yapt\u0131r\u0131labilir&#8221; dedi.<\/p>\n<p style=\"text-align: justify;\">Anayasa&#8217;da, &#8220;temel hak ve \u00f6zg\u00fcrl\u00fcklere ayk\u0131r\u0131 olarak telefon dinlemesi yap\u0131lamayaca\u011f\u0131n\u0131n&#8221; belirtildi\u011fini an\u0131msatan Ger\u00e7eker, kanunlar\u0131n da hukuka ve Anayasa&#8217;ya uygun olmas\u0131 gerekti\u011fini vurgulad\u0131.<\/p>\n<p style=\"text-align: justify;\">Ger\u00e7eker, &#8220;Mahkemenin verdi\u011fi kararlara uymak zorunday\u0131z, aksini s\u00f6ylemek m\u00fcmk\u00fcn de\u011fil. Yoksa hukuk devleti olmaktan \u00e7\u0131kar\u0131z. Yasal olsa bile prosed\u00fcre uygun mu, de\u011fil mi ara\u015ft\u0131r\u0131yoruz? Yasal taraf\u0131 hak ve \u00f6zg\u00fcrl\u00fcklere uygun mu bakaca\u011f\u0131z. Yarg\u0131n\u0131n mahkeme kararlar\u0131na uymamas\u0131 diye bir \u015fey s\u00f6z konusu olmaz. T\u0130B, &#8216;geli\u015fig\u00fczel telefon dinlenmesin, dinlemeler sistem alt\u0131na girsin&#8217; diye kuruldu. \u0130yi niyetle yap\u0131lan \u015feyler, k\u00f6t\u00fc sonu\u00e7lar do\u011furabiliyor. Hepimizde, telefonda istedi\u011fimiz \u015feyleri s\u00f6ylememe, telefonda konu\u015famama gibi bir endi\u015fe do\u011fdu. Bu \u00e7ok k\u00f6t\u00fc. \u00d6zel hayat\u0131n gizlili\u011fine ve temel hak ve \u00f6zg\u00fcrl\u00fcklere ayk\u0131r\u0131&#8221; diye konu\u015ftu.<\/p>\n<p style=\"text-align: justify;\">&#8220;Adalet Bakanl\u0131\u011f\u0131nca yap\u0131lan a\u00e7\u0131klamaya g\u00f6re, 56 hakim ve savc\u0131 dinlenmi\u015f. Bunu nas\u0131l de\u011ferlendiriyorsunuz?&#8221; sorusuna Ger\u00e7eker, &#8220;G\u00fczel de\u011fil, yasal olarak engel yok ama bunlar\u0131 yaparken, belli prosed\u00fcrlere uyulmas\u0131 zorunlu. Toplumun en b\u00fcy\u00fck teminat\u0131 yarg\u0131 mensuplar\u0131yla ile ilgili olmas\u0131 \u00fcz\u00fcnt\u00fc verici&#8221; yan\u0131t\u0131n\u0131 verdi.<\/p>\n<p style=\"text-align: justify;\"><span style=\"color: #888888;\">CNN T\u00dcRK<\/span><\/p>\n","protected":false},"excerpt":{"rendered":"<p style=\"text-align: center;\">\n<p style=\"text-align: justify;\">Yarg\u0131tay Ba\u015fkan\u0131 Hasan Ger\u00e7eker, Yarg\u0131tay&#8217;da ba\u015fkalar\u0131n\u0131n da dinlenip dinlenmedi\u011fini ara\u015ft\u0131racaklar\u0131n\u0131, mahkeme kararlar\u0131n\u0131 da incelediklerini belirterek, &#8220;Kanuna uygun her \u015fey hukuka uygun olmuyor&#8221; dedi.<\/p>\n<p style=\"text-align: justify;\">Ger\u00e7eker, Cumhurba\u015fkan\u0131 Abdullah G\u00fcl ile g\u00f6r\u00fc\u015fmesinin ard\u0131ndan makam\u0131nda gazetecilerin sorular\u0131n\u0131 yan\u0131tlad\u0131.<\/p>\n<p style=\"text-align: justify;\">Cumhurba\u015fkan\u0131 G\u00fcl&#8217;e, sistemdeki aksakl\u0131klar\u0131 aktard\u0131\u011f\u0131n\u0131 s\u00f6yleyen Ger\u00e7eker, G\u00fcl&#8217;e, Yarg\u0131tay Birinci Ba\u015fkanl\u0131k Kurulu <\/p>\n","protected":false},"author":1,"featured_media":0,"comment_status":"open","ping_status":"closed","sticky":false,"template":"","format":"standard","meta":{"footnotes":""},"categories":[105],"tags":[],"class_list":["post-16603","post","type-post","status-publish","format-standard","hentry","category-gundem","odd"],"_links":{"self":[{"href":"http:\/\/www.korhanyilmaz.com\/index.php?rest_route=\/wp\/v2\/posts\/16603","targetHints":{"allow":["GET"]}}],"collection":[{"href":"http:\/\/www.korhanyilmaz.com\/index.php?rest_route=\/wp\/v2\/posts"}],"about":[{"href":"http:\/\/www.korhanyilmaz.com\/index.php?rest_route=\/wp\/v2\/types\/post"}],"author":[{"embeddable":true,"href":"http:\/\/www.korhanyilmaz.com\/index.php?rest_route=\/wp\/v2\/users\/1"}],"replies":[{"embeddable":true,"href":"http:\/\/www.korhanyilmaz.com\/index.php?rest_route=%2Fwp%2Fv2%2Fcomments&post=16603"}],"version-history":[{"count":0,"href":"http:\/\/www.korhanyilmaz.com\/index.php?rest_route=\/wp\/v2\/posts\/16603\/revisions"}],"wp:attachment":[{"href":"http:\/\/www.korhanyilmaz.com\/index.php?rest_route=%2Fwp%2Fv2%2Fmedia&parent=16603"}],"wp:term":[{"taxonomy":"category","embeddable":true,"href":"http:\/\/www.korhanyilmaz.com\/index.php?rest_route=%2Fwp%2Fv2%2Fcategories&post=16603"},{"taxonomy":"post_tag","embeddable":true,"href":"http:\/\/www.korhanyilmaz.com\/index.php?rest_route=%2Fwp%2Fv2%2Ftags&post=16603"}],"curies":[{"name":"wp","href":"https:\/\/api.w.org\/{rel}","templated":true}]}}