{"id":16600,"date":"2009-11-16T19:24:25","date_gmt":"2009-11-16T17:24:25","guid":{"rendered":"http:\/\/www.korhanyilmaz.com\/?p=16600"},"modified":"2009-11-16T19:24:25","modified_gmt":"2009-11-16T17:24:25","slug":"telekulak-cezasina-yeni-duzenleme","status":"publish","type":"post","link":"http:\/\/www.korhanyilmaz.com\/?p=16600","title":{"rendered":"Telekulak cezas\u0131na yeni d\u00fczenleme"},"content":{"rendered":"<p><a href=\"http:\/\/www.korhanyilmaz.com\/wp-content\/uploads\/2009\/11\/cicek2.jpg\"  class=\"lightview\"><img loading=\"lazy\" decoding=\"async\" class=\"aligncenter size-full wp-image-16601\" src=\"http:\/\/www.korhanyilmaz.com\/wp-content\/uploads\/2009\/11\/cicek2.jpg\" alt=\"\" width=\"292\" height=\"201\" \/><\/a><\/p>\n<p style=\"text-align: justify;\">H\u00fck\u00fcmet S\u00f6zc\u00fcs\u00fc Cemil \u00c7i\u00e7ek, usuls\u00fcz dinlemeler ile ilgili olarak yeni bir d\u00fczenleme yapacaklar\u0131n\u0131 ve cezalar\u0131n art\u0131r\u0131laca\u011f\u0131n\u0131 s\u00f6yledi.<\/p>\n<p style=\"text-align: justify;\">H\u00fck\u00fcmet S\u00f6zc\u00fcs\u00fc, Devlet Bakan\u0131 ve Ba\u015fbakan Yard\u0131mc\u0131s\u0131 Cemil \u00c7i\u00e7ek, &#8220;Haberle\u015fmenin gizli\u011fini d\u00fczenleyen, ki\u015filer aras\u0131ndaki konu\u015fmalar\u0131n dinlenmesi ve kayda al\u0131nmas\u0131, \u00f6zel hayat\u0131n gizlili\u011fini ihlal ve soru\u015fturman\u0131n gizlili\u011fini ihlal su\u00e7unu d\u00fczenleyen T\u00fcrk Ceza Kanunu&#8217;nun (TCK) ilgili maddelerinin yeniden d\u00fczenleme yap\u0131larak, cezalar\u0131 art\u0131r\u0131yoruz&#8221; dedi. <!--more--><\/p>\n<p style=\"text-align: justify;\">\u00c7i\u00e7ek, Ba\u015fbakanl\u0131k Merkez Bina&#8217;da yap\u0131lan Bakanlar Kurulu Toplant\u0131s\u0131&#8217;n\u0131n ard\u0131ndan yapt\u0131\u011f\u0131 a\u00e7\u0131klamada, TCK&#8217;n\u0131n baz\u0131 maddelerinde de\u011fi\u015fiklik yap\u0131lmas\u0131yla ilgili kanun tasar\u0131s\u0131n\u0131n ele al\u0131nd\u0131\u011f\u0131n\u0131 s\u00f6yledi.<\/p>\n<p style=\"text-align: justify;\">Cemil \u00c7i\u00e7ek, haberle\u015fmenin gizli\u011fini d\u00fczenleyen, ki\u015filer aras\u0131ndaki konu\u015fmalar\u0131n dinlenmesi ve kayda al\u0131nmas\u0131, \u00f6zel hayat\u0131n gizlili\u011finin ihlal su\u00e7unu d\u00fczenleyen, ayr\u0131ca soru\u015fturman\u0131n gizlili\u011fini ihlal su\u00e7unu d\u00fczenleyen TCK&#8217;n\u0131n ilgili maddelerinde yeniden d\u00fczenleme yap\u0131larak, cezalar\u0131n art\u0131r\u0131laca\u011f\u0131n\u0131 bildirdi.<\/p>\n<p style=\"text-align: justify;\">Bunlar\u0131n TCK&#8217;n\u0131n, haberle\u015fmenin gizlili\u011fini d\u00fczenleyen 132. maddesi, ki\u015filer aras\u0131ndaki konu\u015fmalar\u0131n dinlenmesi ve kayda al\u0131nmas\u0131yla ilgili 133. maddesi, \u00f6zel hayat\u0131n gizlili\u011fini ihlal su\u00e7unu d\u00fczenleyen 134. maddesi ve soru\u015fturman\u0131n gizlili\u011fini ihlal su\u00e7unu d\u00fczenleyen 285. maddesi oldu\u011funu belirten \u00c7i\u00e7ek bu maddelerle ilgili yeni bir d\u00fczenleme getirdiklerini kaydetti.<\/p>\n<p style=\"text-align: justify;\">Cemil \u00c7i\u00e7ek, &#8220;Cezalar\u0131 da art\u0131r\u0131yoruz. Ger\u00e7ekten, hepimizin son g\u00fcnlerdeki tart\u0131\u015fmalardan s\u00f6ylenenlerden rahats\u0131z oldu\u011fumuz bir husustur bu. Adalet Bakan\u0131 \u00fczerinde belli bir s\u00fcre \u00e7al\u0131\u015ft\u0131 bunun. Bug\u00fcn bunun karar\u0131n\u0131 vermi\u015f oluyoruz. Zaten bunlar su\u00e7 ama cayd\u0131r\u0131c\u0131 olabilmek bak\u0131m\u0131ndan b\u00fcy\u00fck \u00f6l\u00e7\u00fcde cezalar\u0131n art\u0131r\u0131lmas\u0131 gibi bir sonuca g\u00f6t\u00fcr\u00fcyor. Bunlar 4 tane madde. Bunlar\u0131n hepsi, hepimizi ilgilendiren konulard\u0131r&#8221; dedi.<\/p>\n<p style=\"text-align: justify;\">\u00c7i\u00e7ek, &#8220;Biz 2005&#8217;te d\u00fczenlerken bunlar\u0131 su\u00e7 haline getirmi\u015ftik, ama konulan cezalar bir k\u0131s\u0131m tart\u0131\u015fmalara da konu oldu ki &#8216;yeterli de\u011fildir&#8217; diye. Dolay\u0131s\u0131yla, cezalar\u0131n art\u0131r\u0131lmas\u0131 sonucunu do\u011furacak bir d\u00fczenleme. Ayr\u0131ca, bunun d\u0131\u015f\u0131nda internet su\u00e7lar\u0131 ve elektronik imkanlarla i\u015flenen su\u00e7larla ilgili ayr\u0131 bir \u00e7al\u0131\u015fmaya da zaten Adalet Bakanl\u0131\u011f\u0131 ba\u015flam\u0131\u015ft\u0131. Bu \u00e7al\u0131\u015fman\u0131n da bir an \u00f6nce ilgili kurumlarla tart\u0131\u015f\u0131larak sonu\u00e7land\u0131r\u0131lmas\u0131 i\u00e7in karar alm\u0131\u015f bulunuyoruz&#8221; diye konu\u015ftu.<\/p>\n<p style=\"text-align: justify;\"><strong><em>KEY \u00f6demeleri <\/em><\/strong><\/p>\n<p style=\"text-align: justify;\">\u00c7i\u00e7ek, Ba\u015fbakanl\u0131k Merkez Bina&#8217;da ger\u00e7ekle\u015ftirilen Bakanlar Kurulu toplant\u0131s\u0131n\u0131n ard\u0131ndan yapt\u0131\u011f\u0131 a\u00e7\u0131klamada, 2007 y\u0131l\u0131nda \u00e7\u0131kar\u0131lan 5664 say\u0131l\u0131 &#8220;Konut Edindirme Yard\u0131m\u0131 Hak Sahiplerine \u00d6deme Yap\u0131lmas\u0131na Dair Kanun&#8221;a at\u0131fta bulunarak, kanun kapsam\u0131nda 8 milyon 630 bin 604 hak sahibine ili\u015fkin listenin 27 Temmuz 2007 tarihli Resmi Gazete&#8217;de yay\u0131nland\u0131\u011f\u0131n\u0131 ve tarihten itibaren Ziraat Bankas\u0131&#8217;ndan \u00f6demelere ba\u015fland\u0131\u011f\u0131n\u0131 hat\u0131rlatt\u0131.<\/p>\n<p style=\"text-align: justify;\">Bu kapsamda, 11 Kas\u0131m 2009 tarihi itibariyle 5 milyon 397 bin 382 hak sahibine 2 katrilyon 544 trilyon \u00f6deme yap\u0131ld\u0131\u011f\u0131n\u0131 belirten \u00c7i\u00e7ek, buna ra\u011fmen halen konuyla ilgili zaman zaman \u015fikayetler geldi\u011fine dikkati \u00e7ekti.<\/p>\n<p style=\"text-align: justify;\">\u0130lan edilen listede isimleri yer almad\u0131\u011f\u0131 halde KEY \u00f6demesi almaya hak kazand\u0131klar\u0131n\u0131 ileri s\u00fcrenler oldu\u011funu, bunlarla ilgili kurumlara ek s\u00fcre verildi\u011fini ancak hala aksakl\u0131klar ya\u015fand\u0131\u011f\u0131n\u0131 anlatan \u00c7i\u00e7ek, halen ilgili kurumlardan Ziraat Bankas\u0131&#8217;na bildirilmemi\u015f listeler oldu\u011funu s\u00f6yledi.<\/p>\n<p style=\"text-align: justify;\">&#8220;Gelinen bu noktada, hak sahibi oldu\u011fu tespit edilmi\u015f ancak isimleri s\u00fcresi i\u00e7erisinde bankaya iletilememi\u015f olanlar i\u00e7in yeni bir yasal d\u00fczenleme yapma mecburiyeti var&#8221; diyen \u00c7i\u00e7ek, temel d\u00fc\u015f\u00fcncelerinin &#8220;hak sahibi olan kim varsa bunun hakk\u0131n\u0131 \u00f6demek&#8221; oldu\u011funa i\u015faret etti.<\/p>\n<p style=\"text-align: justify;\">H\u00fck\u00fcmet&#8217;in ald\u0131\u011f\u0131 kararlar\u0131n bu y\u00f6nde oldu\u011funu vurgulayan \u00c7i\u00e7ek, bug\u00fcne kadar 5 milyondan fazla ki\u015fiye \u00f6deme yap\u0131l\u0131rken di\u011ferlerine yap\u0131lmam\u0131\u015f olmas\u0131n\u0131n, kay\u0131tlar\u0131n d\u00fczg\u00fcn tutulmamas\u0131 ya da ki\u015filerin hak sahipli\u011fi noktas\u0131ndaki baz\u0131 s\u0131k\u0131nt\u0131lardan kaynakland\u0131\u011f\u0131n\u0131 dile getirdi.<\/p>\n<p style=\"text-align: justify;\">\u00c7i\u00e7ek, &#8220;Dolay\u0131s\u0131yla bu ma\u011fduriyetlerin giderilebilmesi bak\u0131m\u0131ndan yeni bir ba\u015fvuruya imkan verecek ve hak sahiplerinin haklar\u0131n\u0131n iadesine k\u0131sa s\u00fcrede imkan verecek bir yasal d\u00fczenlemeye ihtiya\u00e7 var. Bunu yeti\u015ftirebilirsek bug\u00fcn TBMM&#8217;ye g\u00f6nderece\u011fiz. Meclis takvimi de uygun d\u00fc\u015f\u00fcrse y\u0131l sonuna kadar bunu \u00e7\u0131karabilirsek iyi olacak. H\u00fck\u00fcmet olarak bu haks\u0131zl\u0131\u011f\u0131n giderilmesi i\u00e7in bug\u00fcn bir karar alm\u0131\u015f olduk&#8221; dedi.<\/p>\n<p style=\"text-align: justify;\"><strong><em>\u00c7ek kanunu <\/em><\/strong><\/p>\n<p style=\"text-align: justify;\">Bakanlar Kurulu toplant\u0131s\u0131nda, \u00c7ek Kanunu&#8217;nun da ele al\u0131nd\u0131\u011f\u0131n\u0131 ifade eden \u00c7i\u00e7ek, bir ka\u00e7 y\u00f6n\u00fc olan bu konunun, &#8220;yasal olarak d\u00fczenlenmesi en zor konular\u0131n ba\u015f\u0131nda geldi\u011fini&#8221; ifade etti.<\/p>\n<p style=\"text-align: justify;\">\u00c7ek nedeniyle alaca\u011f\u0131 bulunanlar\u0131n, \u00e7ek vermi\u015f ama \u00e7e\u015fitli nedenlerden \u00f6deyememi\u015f olanlar\u0131n, \u00e7ek \u00f6demesini yapmayanlar\u0131n, bankalar\u0131n konuya taraf oldu\u011funu dile getiren \u00c7i\u00e7ek, \u00f6denmeyenler \u00e7ek konusunda herkesin ayn\u0131 kefeye konmamas\u0131 gerekti\u011fine i\u015faret etti.<\/p>\n<p style=\"text-align: justify;\">Toplumsal talep haline geldi\u011fi i\u00e7in konu \u00fczerinde yeniden durulmas\u0131 gere\u011finin ortaya \u00e7\u0131kt\u0131\u011f\u0131n\u0131 kaydeden \u00c7i\u00e7ek, konuyla ilgili TBMM Adalet Komisyonu&#8217;nda yap\u0131lan \u00e7al\u0131\u015fmalar\u0131n belli bir noktaya geldi\u011fini ancak son \u015feklinin verilemedi\u011fini kaydetti.<\/p>\n<p style=\"text-align: justify;\">\u00c7i\u00e7ek, &#8220;Herkes kendi y\u00f6n\u00fcnden olaya bak\u0131yor. \u00c7ek konusu bir g\u00fcven konusudur. Piyasada g\u00fcven ve istikrar b\u00fcy\u00fck \u00f6l\u00e7\u00fcde \u00e7ekler yoluyla sa\u011flan\u0131yor. E\u011fer \u00e7ekin g\u00fcvenilirli\u011fi ortadan kalkarsa bu da ekonomik faaliyet bak\u0131m\u0131ndan beraberinde \u00e7ok ciddi s\u0131k\u0131nt\u0131lar, sorunlar getirecektir. Piyasan\u0131n durmas\u0131 gibi s\u0131k\u0131nt\u0131lar\u0131 getirecektir. \u00d6zellikle i\u00e7inden ge\u00e7ti\u011fimiz ekonomik s\u0131k\u0131nt\u0131lar da hesaba katt\u0131\u011f\u0131m\u0131zda&#8230; B\u00fct\u00fcn bunlar\u0131 hesaba katarak son bir de\u011ferlendirme daha yapaca\u011f\u0131z. Say\u0131n Babacan ilgili arkada\u015flar\u0131m\u0131zla bu konuyu konu\u015facak, taraflarla konu\u015facak. Muhtemelen bir hafta i\u00e7erisinde bunu da netle\u015ftirmi\u015f olaca\u011f\u0131z&#8221; dedi.<\/p>\n<p style=\"text-align: justify;\"><strong><em>Kurban bayram\u0131 <\/em><\/strong><\/p>\n<p style=\"text-align: justify;\">H\u00fck\u00fcmet S\u00f6zc\u00fcs\u00fc Cemil \u00c7i\u00e7ek, Kurban Bayram\u0131&#8217;ndan \u00f6nce yap\u0131lan son Bakanlar Kurulu toplant\u0131s\u0131 oldu\u011fu bug\u00fcn bayram s\u00fcresince otoyollar\u0131n, k\u00f6pr\u00fclerin ve toplu ta\u015f\u0131ma ara\u00e7lar\u0131n\u0131n kullan\u0131m\u0131yla ilgili bir karar ald\u0131klar\u0131n\u0131 bildirdi.<\/p>\n<p style=\"text-align: justify;\">\u00c7i\u00e7ek, &#8220;26 Kas\u0131m 2009 Per\u015fembe g\u00fcn\u00fc saat 00.00&#8217;dan ba\u015flayarak 30 Kas\u0131m 2009 Pazartesi g\u00fcn\u00fc saat 24.00&#8217;e kadar otoyollar ve bo\u011faz k\u00f6pr\u00fclerinden yararlanmak daha evvel ald\u0131\u011f\u0131m\u0131z karar \u00e7er\u00e7evesinde olacak. 27 Kas\u0131m 2009 Cuma g\u00fcn\u00fc saat 00.00&#8217;dan ba\u015flayarak 30 Kas\u0131m 2009 Pazartesi g\u00fcn\u00fc saat 24.00&#8217;e kadar da belediyelerle bunlar\u0131n kurduklar\u0131 birlik, m\u00fcessese ve ve i\u015fletmelerce y\u00fcr\u00fct\u00fclen toplu ta\u015f\u0131ma hizmetlerinden yararlanma bak\u0131m\u0131ndan bayram m\u00fcnasebetiyle bir kolayl\u0131k getirilmi\u015f oluyor&#8221; diye konu\u015ftu.<\/p>\n<p style=\"text-align: justify;\">Bakanlar Kurulu toplant\u0131s\u0131nda AB-T\u00fcrkiye ili\u015fkilerinin de ele al\u0131nd\u0131\u011f\u0131n\u0131 belirten \u00c7i\u00e7ek, \u0130sve\u00e7&#8217;in d\u00f6nem ba\u015fkanl\u0131\u011f\u0131nda \u00e7evre fasl\u0131n\u0131n a\u00e7\u0131labilmesi i\u00e7in T\u00fcrkiye&#8217;nin Pozisyon Belgesi&#8217;nin ilgili merkeze g\u00f6nderildi\u011fini kaydetti.<\/p>\n<p style=\"text-align: justify;\">Devlet Bakan\u0131 ve Ba\u015fm\u00fczakereci Egemen Ba\u011f\u0131\u015f&#8217;\u0131n konuyla ilgili son \u00e7al\u0131\u015fmalar ve fas\u0131lla ilgili Bakanlar Kurulu&#8217;na bilgi verdi\u011fini aktard\u0131.<\/p>\n<p style=\"text-align: justify;\">Merkez Bankas\u0131&#8217;n\u0131n y\u0131lda iki kez, y\u00fcr\u00fctt\u00fc\u011f\u00fc para politikalar\u0131yla ilgili Bakanlar Kurulu ve TBMM&#8217;ye bilgi verdi\u011fini hat\u0131rlatan \u00c7i\u00e7ek, bu \u00e7er\u00e7evede 2009 y\u0131l\u0131n\u0131n son bilgisinin bug\u00fcn Bakanlar Kurulu&#8217;na sunuldu\u011funu bildirdi.<\/p>\n<p style=\"text-align: justify;\">Ekonomik geli\u015fmeler ve para politikalar\u0131yla ilgili muhtemel geli\u015fmelerle ilgili bir de\u011ferlendirme yap\u0131ld\u0131\u011f\u0131n\u0131 kaydetti. Toplant\u0131da, Bakanlar Kurulu&#8217;nun T\u00fcrkiye&#8217;nin \u00e7e\u015fitli yerlerine gitmi\u015f olan \u00fcyelerinin uygulanan politikalarla ilgili de\u011ferlendirmelerde bulundu\u011funu aktard\u0131.<\/p>\n<p style=\"text-align: justify;\"><span style=\"color: #888888;\">CNN T\u00dcRK<\/span><\/p>\n","protected":false},"excerpt":{"rendered":"<\/p>\n<p style=\"text-align: justify;\">H\u00fck\u00fcmet S\u00f6zc\u00fcs\u00fc Cemil \u00c7i\u00e7ek, usuls\u00fcz dinlemeler ile ilgili olarak yeni bir d\u00fczenleme yapacaklar\u0131n\u0131 ve cezalar\u0131n art\u0131r\u0131laca\u011f\u0131n\u0131 s\u00f6yledi.<\/p>\n<p style=\"text-align: justify;\">H\u00fck\u00fcmet S\u00f6zc\u00fcs\u00fc, Devlet Bakan\u0131 ve Ba\u015fbakan Yard\u0131mc\u0131s\u0131 Cemil \u00c7i\u00e7ek, &#8220;Haberle\u015fmenin gizli\u011fini d\u00fczenleyen, ki\u015filer aras\u0131ndaki konu\u015fmalar\u0131n dinlenmesi ve kayda al\u0131nmas\u0131, \u00f6zel hayat\u0131n gizlili\u011fini ihlal ve soru\u015fturman\u0131n gizlili\u011fini ihlal su\u00e7unu d\u00fczenleyen T\u00fcrk Ceza Kanunu&#8217;nun (TCK) <\/p>\n","protected":false},"author":1,"featured_media":0,"comment_status":"open","ping_status":"closed","sticky":false,"template":"","format":"standard","meta":{"footnotes":""},"categories":[105],"tags":[],"class_list":["post-16600","post","type-post","status-publish","format-standard","hentry","category-gundem","odd"],"_links":{"self":[{"href":"http:\/\/www.korhanyilmaz.com\/index.php?rest_route=\/wp\/v2\/posts\/16600","targetHints":{"allow":["GET"]}}],"collection":[{"href":"http:\/\/www.korhanyilmaz.com\/index.php?rest_route=\/wp\/v2\/posts"}],"about":[{"href":"http:\/\/www.korhanyilmaz.com\/index.php?rest_route=\/wp\/v2\/types\/post"}],"author":[{"embeddable":true,"href":"http:\/\/www.korhanyilmaz.com\/index.php?rest_route=\/wp\/v2\/users\/1"}],"replies":[{"embeddable":true,"href":"http:\/\/www.korhanyilmaz.com\/index.php?rest_route=%2Fwp%2Fv2%2Fcomments&post=16600"}],"version-history":[{"count":0,"href":"http:\/\/www.korhanyilmaz.com\/index.php?rest_route=\/wp\/v2\/posts\/16600\/revisions"}],"wp:attachment":[{"href":"http:\/\/www.korhanyilmaz.com\/index.php?rest_route=%2Fwp%2Fv2%2Fmedia&parent=16600"}],"wp:term":[{"taxonomy":"category","embeddable":true,"href":"http:\/\/www.korhanyilmaz.com\/index.php?rest_route=%2Fwp%2Fv2%2Fcategories&post=16600"},{"taxonomy":"post_tag","embeddable":true,"href":"http:\/\/www.korhanyilmaz.com\/index.php?rest_route=%2Fwp%2Fv2%2Ftags&post=16600"}],"curies":[{"name":"wp","href":"https:\/\/api.w.org\/{rel}","templated":true}]}}