{"id":16584,"date":"2009-11-15T19:19:57","date_gmt":"2009-11-15T17:19:57","guid":{"rendered":"http:\/\/www.korhanyilmaz.com\/?p=16584"},"modified":"2009-11-15T19:19:57","modified_gmt":"2009-11-15T17:19:57","slug":"yarsavda-yeni-donem","status":"publish","type":"post","link":"http:\/\/www.korhanyilmaz.com\/?p=16584","title":{"rendered":"YARSAV&#039;da yeni d\u00f6nem"},"content":{"rendered":"<div id=\"attachment_16585\" style=\"width: 308px\" class=\"wp-caption aligncenter\"><a href=\"http:\/\/www.korhanyilmaz.com\/wp-content\/uploads\/2009\/11\/eminagaoglu1.jpg\"  class=\"lightview\"><img loading=\"lazy\" decoding=\"async\" aria-describedby=\"caption-attachment-16585\" class=\"size-full wp-image-16585\" title=\"\u00d6mer Faruk Emina\u011fo\u011flu\" src=\"http:\/\/www.korhanyilmaz.com\/wp-content\/uploads\/2009\/11\/eminagaoglu1.jpg\" alt=\"\" width=\"298\" height=\"199\" \/><\/a><p id=\"caption-attachment-16585\" class=\"wp-caption-text\">\u00d6mer Faruk Emina\u011fo\u011flu - Ar\u015fiv<\/p><\/div>\n<p style=\"text-align: center;\">\n<p style=\"text-align: justify;\">YARSAV\u2019\u0131n Genel Kurulu\u2019nda yarg\u0131\u00e7lar, telekulak iddialar\u0131yla ilgili a\u00e7\u0131klamalarda bulunurken, g\u00fcn\u00fcn s\u00fcrprizi Ba\u015fkan Emina\u011fao\u011flu\u2019nun yeni listeye girememesi oldu.<\/p>\n<p style=\"text-align: justify;\">ANKARA &#8211; Yarg\u0131\u00e7lar ve Savc\u0131lar Birli\u011fi \u0130kinci Ola\u011fan Genel Kurulu, bug\u00fcn Ankara\u2019da yap\u0131ld\u0131.<\/p>\n<p style=\"text-align: justify;\">441 yarg\u0131c\u0131n kat\u0131ld\u0131\u011f\u0131 ve a\u011f\u0131rl\u0131kl\u0131 olarak telekulak ve bakanl\u0131\u011f\u0131n yarg\u0131\u00e7lara y\u00f6nelik dinleme kararlar\u0131 tart\u0131\u015f\u0131ld\u0131\u011f\u0131 Genel Kurul&#8217;un en b\u00fcy\u00fck s\u00fcrprizi, y\u00f6netim kurulu se\u00e7imlerinde ya\u015fand\u0131. YARSAV Ba\u015fkan\u0131 \u00d6mer Faruk Emina\u011fo\u011flu, 13 ki\u015filik y\u00f6netim kurulu listesine se\u00e7ilemedi. <!--more--><\/p>\n<p style=\"text-align: justify;\"><strong><em>EM\u0130NA\u011eAO\u011eLU&#8217;NUN \u0130SM\u0130 \u00c7\u0130Z\u0130LD\u0130<\/em><\/strong><\/p>\n<p style=\"text-align: justify;\">T\u00fcrkiye Barolar Birli\u011fi Konferans Salonu&#8217;ndaki genel kurulda, YARSAV&#8217;\u0131n 13 ki\u015filik y\u00f6netim kurulu asil \u00fcyeleri ile 5 ki\u015filik denetim kurulu asil \u00fcyeleri ve yedek \u00fcyelerinin se\u00e7imi tamamland\u0131.<\/p>\n<p style=\"text-align: justify;\">Y\u00f6netim kurulu asil \u00fcyeli\u011fi i\u00e7in 15 ki\u015filik \u00e7ar\u015faf liste ile se\u00e7ime gidildi. Delegelerin, \u00e7ar\u015faf liste \u00fczerinde iki aday\u0131n isimlerinin \u00fczerini \u00e7izerek 13 ki\u015fiyi belirlemeleri istendi.<\/p>\n<p style=\"text-align: justify;\">Yap\u0131lan se\u00e7imde 441 delege oy kulland\u0131, 3 delegenin oyu ge\u00e7ersiz say\u0131ld\u0131.<\/p>\n<p style=\"text-align: justify;\">\u00d6mer Faruk Emina\u011fao\u011flu ge\u00e7erli oylar\u0131n 195&#8217;ini alarak liste d\u0131\u015f\u0131 kald\u0131. Listeye sonradan eklenen Ayd\u0131n Tezcan da 247 oyla liste d\u0131\u015f\u0131nda b\u0131rak\u0131ld\u0131.<\/p>\n<p style=\"text-align: justify;\"><strong><em>YO\u011eUN KATILIM<\/em><\/strong><\/p>\n<p style=\"text-align: justify;\">\u0130smi T\u00fcrkiye Yarg\u0131\u00e7lar ve Savc\u0131lar Birli\u011fi olarak de\u011fi\u015ftirilen YARSAV&#8217;\u0131n ikinci se\u00e7imli ola\u011fan genel kuruluna yo\u011fun kat\u0131l\u0131m ger\u00e7ekle\u015fti.<\/p>\n<p style=\"text-align: justify;\">Adli, idari, y\u00fcksek yarg\u0131 ba\u015fkan ve \u00fcyelerinden olu\u015fan 500\u2019e yak\u0131n yarg\u0131c\u0131n yer ald\u0131\u011f\u0131 genel kurulda, Yarg\u0131tay Onursal Ba\u015fsavc\u0131s\u0131 Sabih Kanado\u011flu, Anayasa Mahkemesi Ba\u015fkanvekili Osman Paks\u00fct ve Sincan Birinci A\u011f\u0131r Ceza Mahkemesi Ba\u015fkan\u0131 Osman Ka\u00e7maz da haz\u0131r bulundu.<\/p>\n<p style=\"text-align: justify;\"><strong><em>&#8220;YARGI SALDIRI ALTINDA&#8221;<\/em><\/strong><\/p>\n<p style=\"text-align: justify;\">Genel kurulda en \u00e7ok konu\u015fulan konu telekulak iddialar\u0131 olurken, gazetecilere a\u00e7\u0131klamalarda bulunan \u00d6mer Faruk Emina\u011fao\u011flu, \u201cT\u00fcrkiye&#8217;de yarg\u0131 hi\u00e7 olmad\u0131\u011f\u0131 kadar sald\u0131r\u0131 alt\u0131ndad\u0131r. Siyasi irade tutum ve davran\u0131\u015flar\u0131ndan vazge\u00e7meli ve yarg\u0131y\u0131 rahat b\u0131rakmal\u0131d\u0131r\u201d dedi.<\/p>\n<p style=\"text-align: justify;\">T\u0130B Ba\u015fkan\u0131 Fethi \u015eim\u015fek&#8217;in, teknik imkans\u0131zl\u0131k nedeniyle kendisine y\u00f6nelik dinleme yap\u0131lamad\u0131\u011f\u0131 s\u00f6zlerine de yan\u0131t veren Emina\u011fa\u011flu, \u201dT\u0130B&#8217;deki t\u00fcm kay\u0131tlar\u0131n imha edildi\u011fi y\u00f6n\u00fcnde bir yaz\u0131 vard\u0131r. Bu yaz\u0131 T\u0130B Bak\u015fan\u0131\u2019n\u0131 yan\u0131tlamaktad\u0131r. Kararda i\u015fyerlerinin de dinlenmesi var. Bu da Yarg\u0131tay&#8217;da ortam dinlemesini g\u00f6steren vahim bir tablodur\u201d \u015feklinde konu\u015ftu.<\/p>\n<p style=\"text-align: justify;\"><strong><em>&#8220;\u00c7A\u011eDA\u015e B\u0130R \u00dcLKEDE OLMAZ&#8221;<\/em><\/strong><\/p>\n<p style=\"text-align: justify;\">Bakanl\u0131\u011f\u0131n kendilerine y\u00f6nelik ald\u0131\u011f\u0131 dinleme kararlar\u0131na tepki g\u00f6steren yarg\u0131\u00e7lardan Yarg\u0131tay \u00dcyesi Mahmut Kamac\u0131 da, \u201cSiz T\u00fcrk milleti ad\u0131na yarg\u0131lama yap\u0131p karar veriyorsunuz, devletin bir ba\u015fka organ\u0131 g\u00fcvenlik nedeniyle sizi dinliyor. Bu \u00e7a\u011fda\u015f bir \u00fclkede olmaz. Adalet Bakanl\u0131\u011f\u0131 taraf\u0131ndan derhal d\u00fczeltilmelidir. Bakanl\u0131\u011f\u0131n yarg\u0131dan \u00f6z\u00fcr dilemesi gerekir\u201d dedi.<\/p>\n<p style=\"text-align: justify;\"><strong><em>YARSAV Y\u00f6netim Kurulu \u00fcyeleri \u015fu isimlerden olu\u015ftu: <\/em><\/strong><\/p>\n<p style=\"text-align: justify;\">&#8221;Nuh H\u00fcseyin K\u00f6se, Remzi \u00d6zdemir, Kaz\u0131m Da\u011fdeviren, Eray Kar\u0131nca, G\u00fcrsel \u00d6zkan, Mehmet Ru\u015fen G\u00fcltekin, Emine \u00dclker Tarhan, Leyla K\u00f6ksal, Fetih Say\u0131n, Muhammet \u00d6nder Tekin, Murat Arslan, Ali R\u0131za Ayd\u0131n ve Hasan Akgedik.&#8221;<\/p>\n<p style=\"text-align: justify;\">Se\u00e7im sonucuna delegelerden biri itiraz ederek divan kuruluna dilek\u00e7e verdi. Divan Ba\u015fkan\u0131 Mahir Ersin Germe\u00e7, se\u00e7im tasnif kurulunun oylar\u0131 a\u00e7\u0131k\u00e7a say\u0131p de\u011ferlendirdi\u011fini belirterek yap\u0131lacak bir \u015fey olmad\u0131\u011f\u0131n\u0131 s\u00f6yledi.<\/p>\n<p style=\"text-align: justify;\">Y\u00f6netim kuruluna se\u00e7ilen \u00fcyeler daha sonra toplanarak YARSAV Ba\u015fkan\u0131 ile di\u011fer organlar\u0131n se\u00e7imini ger\u00e7ekle\u015ftirecek.<\/p>\n<p style=\"text-align: justify;\"><span style=\"color: #888888;\">NTVMSNBC<\/span><\/p>\n","protected":false},"excerpt":{"rendered":"<p id=\"caption-attachment-16585\" class=\"wp-caption-text\">\u00d6mer Faruk Emina\u011fo\u011flu &#8211; Ar\u015fiv<\/p>\n<p style=\"text-align: center;\">\n<p style=\"text-align: justify;\">YARSAV\u2019\u0131n Genel Kurulu\u2019nda yarg\u0131\u00e7lar, telekulak iddialar\u0131yla ilgili a\u00e7\u0131klamalarda bulunurken, g\u00fcn\u00fcn s\u00fcrprizi Ba\u015fkan Emina\u011fao\u011flu\u2019nun yeni listeye girememesi oldu.<\/p>\n<p style=\"text-align: justify;\">ANKARA &#8211; Yarg\u0131\u00e7lar ve Savc\u0131lar Birli\u011fi \u0130kinci Ola\u011fan Genel Kurulu, bug\u00fcn Ankara\u2019da yap\u0131ld\u0131.<\/p>\n<p style=\"text-align: justify;\">441 yarg\u0131c\u0131n kat\u0131ld\u0131\u011f\u0131 ve a\u011f\u0131rl\u0131kl\u0131 olarak telekulak ve bakanl\u0131\u011f\u0131n <\/p>\n","protected":false},"author":1,"featured_media":0,"comment_status":"open","ping_status":"closed","sticky":false,"template":"","format":"standard","meta":{"footnotes":""},"categories":[105],"tags":[],"class_list":["post-16584","post","type-post","status-publish","format-standard","hentry","category-gundem","odd"],"_links":{"self":[{"href":"http:\/\/www.korhanyilmaz.com\/index.php?rest_route=\/wp\/v2\/posts\/16584","targetHints":{"allow":["GET"]}}],"collection":[{"href":"http:\/\/www.korhanyilmaz.com\/index.php?rest_route=\/wp\/v2\/posts"}],"about":[{"href":"http:\/\/www.korhanyilmaz.com\/index.php?rest_route=\/wp\/v2\/types\/post"}],"author":[{"embeddable":true,"href":"http:\/\/www.korhanyilmaz.com\/index.php?rest_route=\/wp\/v2\/users\/1"}],"replies":[{"embeddable":true,"href":"http:\/\/www.korhanyilmaz.com\/index.php?rest_route=%2Fwp%2Fv2%2Fcomments&post=16584"}],"version-history":[{"count":0,"href":"http:\/\/www.korhanyilmaz.com\/index.php?rest_route=\/wp\/v2\/posts\/16584\/revisions"}],"wp:attachment":[{"href":"http:\/\/www.korhanyilmaz.com\/index.php?rest_route=%2Fwp%2Fv2%2Fmedia&parent=16584"}],"wp:term":[{"taxonomy":"category","embeddable":true,"href":"http:\/\/www.korhanyilmaz.com\/index.php?rest_route=%2Fwp%2Fv2%2Fcategories&post=16584"},{"taxonomy":"post_tag","embeddable":true,"href":"http:\/\/www.korhanyilmaz.com\/index.php?rest_route=%2Fwp%2Fv2%2Ftags&post=16584"}],"curies":[{"name":"wp","href":"https:\/\/api.w.org\/{rel}","templated":true}]}}