{"id":16562,"date":"2009-11-15T12:54:49","date_gmt":"2009-11-15T10:54:49","guid":{"rendered":"http:\/\/www.korhanyilmaz.com\/?p=16562"},"modified":"2009-11-15T12:54:49","modified_gmt":"2009-11-15T10:54:49","slug":"arinc-askeri-dusunceyle-iktidar-olunmaz","status":"publish","type":"post","link":"http:\/\/www.korhanyilmaz.com\/?p=16562","title":{"rendered":"Ar\u0131n\u00e7: &#039;Askeri d\u00fc\u015f\u00fcnceyle iktidar olunmaz&#039;"},"content":{"rendered":"<p><a href=\"http:\/\/www.korhanyilmaz.com\/wp-content\/uploads\/2009\/11\/arinc1.jpg\"  class=\"lightview\"><img loading=\"lazy\" decoding=\"async\" class=\"aligncenter size-full wp-image-16563\" title=\"arinc\" src=\"http:\/\/www.korhanyilmaz.com\/wp-content\/uploads\/2009\/11\/arinc1.jpg\" alt=\"\" width=\"292\" height=\"194\" \/><\/a><\/p>\n<p style=\"text-align: justify;\">Devlet Bakan\u0131 ve Ba\u015fbakan Yard\u0131mc\u0131s\u0131 B\u00fclent Ar\u0131n\u00e7, a\u00e7\u0131l\u0131ma kar\u015f\u0131 \u00e7\u0131kan muhalefeti ele\u015ftirdi. Hedefinde bu kez H\u00fcsamettin Cindoruk da vard\u0131. Ar\u0131n\u00e7, &#8220;Askeri d\u00fc\u015f\u00fcnceyle iktidar olmak m\u00fcmk\u00fcn de\u011fildir&#8221; dedi.<\/p>\n<p style=\"text-align: justify;\">B\u00fclent Ar\u0131n\u00e7, AK Parti Afyonkarahisar \u0130l Ba\u015fkanl\u0131\u011f\u0131 taraf\u0131ndan d\u00fczenlenen Siyaset Akademisi&#8217;nin a\u00e7\u0131l\u0131\u015f\u0131nda konu\u015ftu. <!--more--><\/p>\n<p style=\"text-align: justify;\">Ar\u0131n\u00e7, &#8220;Biz, hizmet odakl\u0131 siyaset yap\u0131yoruz. \u00c7\u0131kar ama\u00e7l\u0131 siyaset yap\u0131l\u0131r, &#8216;hele bir i\u015fba\u015f\u0131na gelsem, kendimin ve \u00e7evremin cepleri dolsa. &#8216;Dostuma, yar\u0131ma, yarenime bir\u015feyler yapabilsem&#8217; diyenler de siyaset yap\u0131yor. &#8216;Benim ideolojim iktidara gelse de milletin anas\u0131n\u0131 a\u011flatsam&#8217; diyenler de siyaset yapanlar da var&#8221; dedi.<\/p>\n<p style=\"text-align: justify;\"><strong><em>&#8220;CHP ve MHP sevgimizin fark\u0131nda de\u011fil&#8221; <\/em><\/strong><\/p>\n<p style=\"text-align: justify;\">Ar\u0131n\u00e7, &#8220;Muhalefetsiz bir parlamento da olmaz. Biz muhalefeti seviyoruz da CHP ile MHP bu sevginin fark\u0131nda de\u011fil. Ama d\u00fcn s\u00f6ylediklerini duydunuz. Biz seviyoruz, muhalefetsiz olmaz bu i\u015f. \u0130ktidar her rejimde vard\u0131r ama muhalefet sadece demokrasilerde vard\u0131r. Ben ne yapay\u0131m Libya Arap Sosyalist Halk Cemahiriyesi&#8217;ni. Orada iktidar var muhalefet yok. Bana muhalefet laz\u0131m. Ben demokrasiyi istiyorum. Ben T\u00fcrkiye&#8217;nin demokrasiyle cumhuriyetle y\u00f6netilmesini istiyorum&#8221; dedi.<\/p>\n<p style=\"text-align: justify;\">Muhalefetin yar\u0131n\u0131n iktidar\u0131 oldu\u011funu belirten Ar\u0131n\u00e7, ciddi \u00e7al\u0131\u015f\u0131rsa muhalefetin yar\u0131n iktidar olabilece\u011fini s\u00f6yledi.<\/p>\n<p style=\"text-align: justify;\">Y\u0131llarca muhalefet partilerinde bulundu\u011funu hat\u0131rlatan Ar\u0131n\u00e7, muhalefet g\u00f6revlerini yerini getirirken s\u00fcrekli iktidara haz\u0131rl\u0131k yapt\u0131klar\u0131n\u0131 ve iktidar partilerine yol g\u00f6sterdiklerini kaydetti.<\/p>\n<p style=\"text-align: justify;\"><strong><em>&#8220;Allah CHP gibi muhalefet g\u00f6stermesin&#8221; <\/em><\/strong><\/p>\n<p style=\"text-align: justify;\">Y\u0131k\u0131c\u0131 muhalefetin \u00fclkeye hi\u00e7bir hay\u0131r getiremeyece\u011fini belirten Ar\u0131n\u00e7, muhalefet yap\u0131l\u0131rken, ki\u015filik haklar\u0131yla oynanmamas\u0131, \u00f6zel ya\u015fam girilmemesi ve hakaret yap\u0131lmamas\u0131 gerekti\u011fini bildirdi.<\/p>\n<p style=\"text-align: justify;\">Ar\u0131n\u00e7, &#8220;Rahmetli Menderes&#8217;in Yass\u0131ada&#8217;da s\u00f6yledi\u011fi bir s\u00f6z\u00fcn bilmiyorum ger\u00e7eklik pay\u0131 nedir? Aram\u0131zda o g\u00fcnleri ya\u015fam\u0131\u015f insanlar da olabilir, &#8216;Allah hi\u00e7bir iktidara CHP gibi muhalefet g\u00f6stermesin&#8217; demi\u015f oldu\u011funu s\u00f6ylerler. \u015eimdiki g\u00fcnler belki o g\u00fcnler. Ama biz Demokrat Parti de\u011filiz. \u0130n\u015fallah onlar\u0131n a\u00e7t\u0131\u011f\u0131 demokrasi yolunda y\u00fcr\u00fcyen, ama halk\u0131n en b\u00fcy\u00fck deste\u011fini arkas\u0131na alan ve Allah&#8217;a g\u00fcvenen bir iktidar\u0131z&#8221; dedi.<\/p>\n<p style=\"text-align: justify;\">CHP&#8217;nin, \u00e7ok partili d\u00f6neme ge\u00e7ilmesinin ard\u0131ndan 60 y\u0131l ge\u00e7mesine kar\u015f\u0131n iktidar olamad\u0131\u011f\u0131n\u0131 hat\u0131rlatan Ar\u0131n\u00e7, &#8220;60 y\u0131ld\u0131r halk\u0131m\u0131z CHP&#8217;yi tan\u0131d\u0131\u011f\u0131n\u0131 ve bu partiyi iktidar olarak se\u00e7meyece\u011fini ilan ediyor&#8221; dedi.<\/p>\n<p style=\"text-align: justify;\">Ar\u0131n\u00e7, &#8220;1950 y\u0131l\u0131nda Demokrat Parti&#8217;nin iktidar olmas\u0131ndan bu yana 60 y\u0131l ge\u00e7mi\u015f. Yani bir insan \u00f6mr\u00fc. 60 y\u0131lda CHP hep varoldu. 1980 darbesini saym\u0131yorum, o zaman hepimiz kapand\u0131k. 60 y\u0131lda CHP o kadar se\u00e7ime girdi, hi\u00e7birisinden tek ba\u015f\u0131na iktidar olarak \u00e7\u0131kamad\u0131. Bu size neyi anlat\u0131r, neyi g\u00f6sterir? Millet demek ki CHP&#8217;yi tan\u0131yor, yapt\u0131klar\u0131n\u0131 biliyor, bu partiden kendisine iktidar se\u00e7meyece\u011fini de 60 y\u0131ld\u0131r ilan ediyor. Bu b\u00f6yle devam edebilir mi? Etmemesi laz\u0131m, o zaman da CHP&#8217;nin de\u011fi\u015fmesi laz\u0131m. Bu zihniyetle, bu ceberrut kafayla, 1950&#8217;li y\u0131llar\u0131n \u00f6ncesinde, &#8216;ben ne istersem o olur, ben ne d\u00fc\u015f\u00fcn\u00fcrsem sen de onu d\u00fc\u015f\u00fcneceksin, ben nas\u0131l istersem \u00f6yle giyineceksin, ben nas\u0131l istersem \u00f6yle inanacaks\u0131n, benim g\u00f6sterdi\u011fim yola gideceksin&#8217; diktat\u00f6rl\u00fc\u011f\u00fcyle yoluna gidecek olursa, halka de\u011fer vermezse, halk\u0131n ortak de\u011ferlerini payla\u015fmazsa, yol g\u00f6stermezse, 60 senede olmayan \u015fey, bundan sonra da olmaz demektir. \u0130ktidar olmaya niyetleri varsa, d\u00fcnyada her\u015feyin de\u011fi\u015fti\u011fi gibi, CHP&#8217;nin de de\u011fi\u015fmesi laz\u0131m&#8221; dedi.<\/p>\n<p style=\"text-align: justify;\">Di\u011fer partiler i\u00e7in de ayn\u0131 \u015feylerin ge\u00e7erli oldu\u011funu belirten Ar\u0131n\u00e7, &#8220;MHP ve say\u0131n H\u00fcsamettin Cindoruk&#8217;un \u015fimdi oradan buradan toplad\u0131\u011f\u0131 Ergenekoncular ile yeniden d\u00fczenlemek istedi\u011fi partisi i\u00e7in de ayn\u0131 \u015fey ge\u00e7erli. Halka s\u0131rt\u0131n\u0131z\u0131 d\u00f6nerek siyaset yapamazs\u0131n\u0131z. Halk\u0131n de\u011ferlerine sayg\u0131s\u0131zl\u0131k yaparak iktidar da olamazs\u0131n\u0131z. G\u00fc\u00e7l\u00fc de olamazs\u0131n\u0131z&#8221; dedi.<\/p>\n<p style=\"text-align: justify;\">Siyasetin sivil insanlar\u0131n i\u015fi oldu\u011funu ifade eden Ar\u0131n\u00e7, &#8220;Milletin sivil demokrat d\u00fc\u015f\u00fcncesini reddederek, askeri d\u00fc\u015f\u00fcnceyle iktidar olmak m\u00fcmk\u00fcn de\u011fildir&#8221; diye konu\u015ftu.<\/p>\n<p style=\"text-align: justify;\"><strong><em>Da\u011fdan ini\u015fler ve ter\u00f6rle m\u00fccadele <\/em><\/strong><\/p>\n<p style=\"text-align: justify;\">Ar\u0131n\u00e7, demokratik a\u00e7\u0131l\u0131m projesi ilk kez konu\u015fulmaya ba\u015fland\u0131\u011f\u0131nda MHP ve CHP&#8217;nin kar\u015f\u0131 \u00e7\u0131kt\u0131klar\u0131n\u0131 belirterek, &#8220;muhalefet partilerini bir kenara koyarak b\u00fct\u00fcn siyasal partilerle, meslek kurulu\u015flar\u0131yla, sivil toplum \u00f6rg\u00fctleriyle, konuyla ilgili (ben de \u015f\u00f6yle d\u00fc\u015f\u00fcn\u00fcyorum, benim de \u015f\u00f6yle bir fikrim var) diyen herkesin d\u00fc\u015f\u00fcncelerinin al\u0131nd\u0131\u011f\u0131n\u0131&#8221; kaydetti.<\/p>\n<p style=\"text-align: justify;\">Ar\u0131n\u00e7, &#8220;Ter\u00f6r\u00fc sona erdirmek i\u00e7in \u00e7ok basit bir form\u00fcl, ama \u00e7ok zor bir i\u015f laz\u0131m. O da da\u011fa \u00e7\u0131k\u0131\u015flar\u0131n \u00f6n\u00fcn\u00fc kesmek, da\u011fdan ini\u015fleri kolayla\u015ft\u0131rmakt\u0131r. \u00c7\u00fcnk\u00fc \u015fu anda hem T\u00fcrkiye i\u00e7inde hem de T\u00fcrkiye d\u0131\u015f\u0131nda \u00f6zellikle Kandil ve \u00e7evresinde olmak \u00fczere toplam 5 bin civar\u0131nda silahl\u0131 militan var. Bunlar zaman zaman T\u00fcrkiye&#8217;ye giriyorlar, eylem yap\u0131p \u00e7\u0131k\u0131yorlar. Ne kadar bombalarsan\u0131z bombalay\u0131n, onlar \u00e7ok muhkem yerlerde kendilerini koruyorlar. \u0130stihbaratlar\u0131 da \u00e7ok g\u00fc\u00e7l\u00fc ve adeta meydan okur noktadalar&#8221; dedi.<\/p>\n<p style=\"text-align: justify;\">B\u00fclent Ar\u0131n\u00e7, &#8220;Biz bunlarla m\u00fccadele ederken, Allah raz\u0131 olsun ki o \u015fehitlerden, gazilerden ve o g\u00f6revlilerden ki, belki ama\u00e7lar\u0131na ula\u015fmad\u0131lar, yoksa meydan\u0131 bo\u015f bulsalard\u0131 kim bilir T\u00fcrkiye&#8217;yi bug\u00fcne kadar ka\u00e7 par\u00e7aya ay\u0131r\u0131r ve T\u00fcrkiye&#8217;de ba\u015f\u0131m\u0131za gelmedik hi\u00e7bir \u015fey kalmazd\u0131. Biz \u015fimdi sadece bu ac\u0131lar\u0131 konu\u015fuyoruz. Ya bir de muvaffak olsalard\u0131, ya ter\u00f6rle m\u00fccadele de biz ba\u015far\u0131l\u0131 olamasayd\u0131k ne olacakt\u0131. O zaman bu cennet vatan\u0131m\u0131z, Allah korusun elden gidebilir, e\u015fk\u0131yan\u0131n bask\u0131s\u0131 alt\u0131na girerdi. \u0130\u015fin bir de b\u00f6yle tehlikeli taraf\u0131 var. Kendimizi ve \u00fclkemizi muhafaza ettik, ama canlara kastedilmesini maalesef \u00f6nleyemedik&#8221; diye konu\u015ftu.<\/p>\n<p style=\"text-align: justify;\">Da\u011fa \u00e7\u0131kmay\u0131 \u00f6nlemenin &#8220;da\u011fa \u00e7\u0131kmas\u0131nlar&#8221; demekle olmayaca\u011f\u0131n\u0131 ifade eden Ar\u0131n\u00e7, &#8220;Say\u0131n Bah\u00e7eli \u00f6yle diyor, (da\u011fdan insinler). Bizim \u00d6mer \u00c7elik de (siz s\u00f6yleyin de insinler bari) dedi. Da\u011fdan insinler demekle inmedikleri gibi, \u00e7\u0131kmay\u0131n demekle de \u00e7\u0131kmaktan vazge\u00e7mezler&#8221; diye konu\u015ftu.<\/p>\n<p style=\"text-align: justify;\"><span style=\"color: #888888;\">CNN T\u00dcRK<\/span><\/p>\n","protected":false},"excerpt":{"rendered":"<\/p>\n<p style=\"text-align: justify;\">Devlet Bakan\u0131 ve Ba\u015fbakan Yard\u0131mc\u0131s\u0131 B\u00fclent Ar\u0131n\u00e7, a\u00e7\u0131l\u0131ma kar\u015f\u0131 \u00e7\u0131kan muhalefeti ele\u015ftirdi. Hedefinde bu kez H\u00fcsamettin Cindoruk da vard\u0131. Ar\u0131n\u00e7, &#8220;Askeri d\u00fc\u015f\u00fcnceyle iktidar olmak m\u00fcmk\u00fcn de\u011fildir&#8221; dedi.<\/p>\n<p style=\"text-align: justify;\">B\u00fclent Ar\u0131n\u00e7, AK Parti Afyonkarahisar \u0130l Ba\u015fkanl\u0131\u011f\u0131 taraf\u0131ndan d\u00fczenlenen Siyaset Akademisi&#8217;nin a\u00e7\u0131l\u0131\u015f\u0131nda konu\u015ftu. <\/p>\n","protected":false},"author":1,"featured_media":0,"comment_status":"open","ping_status":"closed","sticky":false,"template":"","format":"standard","meta":{"footnotes":""},"categories":[105],"tags":[],"class_list":["post-16562","post","type-post","status-publish","format-standard","hentry","category-gundem","odd"],"_links":{"self":[{"href":"http:\/\/www.korhanyilmaz.com\/index.php?rest_route=\/wp\/v2\/posts\/16562","targetHints":{"allow":["GET"]}}],"collection":[{"href":"http:\/\/www.korhanyilmaz.com\/index.php?rest_route=\/wp\/v2\/posts"}],"about":[{"href":"http:\/\/www.korhanyilmaz.com\/index.php?rest_route=\/wp\/v2\/types\/post"}],"author":[{"embeddable":true,"href":"http:\/\/www.korhanyilmaz.com\/index.php?rest_route=\/wp\/v2\/users\/1"}],"replies":[{"embeddable":true,"href":"http:\/\/www.korhanyilmaz.com\/index.php?rest_route=%2Fwp%2Fv2%2Fcomments&post=16562"}],"version-history":[{"count":0,"href":"http:\/\/www.korhanyilmaz.com\/index.php?rest_route=\/wp\/v2\/posts\/16562\/revisions"}],"wp:attachment":[{"href":"http:\/\/www.korhanyilmaz.com\/index.php?rest_route=%2Fwp%2Fv2%2Fmedia&parent=16562"}],"wp:term":[{"taxonomy":"category","embeddable":true,"href":"http:\/\/www.korhanyilmaz.com\/index.php?rest_route=%2Fwp%2Fv2%2Fcategories&post=16562"},{"taxonomy":"post_tag","embeddable":true,"href":"http:\/\/www.korhanyilmaz.com\/index.php?rest_route=%2Fwp%2Fv2%2Ftags&post=16562"}],"curies":[{"name":"wp","href":"https:\/\/api.w.org\/{rel}","templated":true}]}}