{"id":16558,"date":"2009-11-14T23:15:57","date_gmt":"2009-11-14T21:15:57","guid":{"rendered":"http:\/\/www.korhanyilmaz.com\/?p=16558"},"modified":"2009-11-14T23:15:57","modified_gmt":"2009-11-14T21:15:57","slug":"demirel-boyle-korkulu-donem-yasanmadi","status":"publish","type":"post","link":"http:\/\/www.korhanyilmaz.com\/?p=16558","title":{"rendered":"Demirel: &#039;B\u00f6yle korkulu d\u00f6nem ya\u015fanmad\u0131&#039;"},"content":{"rendered":"<p style=\"text-align: center;\"><a href=\"http:\/\/www.korhanyilmaz.com\/wp-content\/uploads\/2009\/11\/DEM\u0130REL.jpg\"  class=\"lightview\"><img loading=\"lazy\" decoding=\"async\" class=\"aligncenter size-full wp-image-16559\" src=\"http:\/\/www.korhanyilmaz.com\/wp-content\/uploads\/2009\/11\/DEM\u0130REL.jpg\" alt=\"\" width=\"307\" height=\"236\" \/><\/a><\/p>\n<p style=\"text-align: justify;\">9. Cumhurba\u015fkan\u0131 S\u00fcleyman Demirel, &#8220;T\u00fcrkiye Cumhuriyeti kuruldu\u011fundan beri, askeri d\u00f6nemler de dahil -ki biz onlar\u0131 iyi biliriz- b\u00f6ylesine korkulu bir d\u00f6nem ya\u015fanmad\u0131&#8221; dedi.<\/p>\n<p style=\"text-align: justify;\">S\u00fcleyman Demirel, Antalya Ticaret ve Sanayi Odas\u0131&#8217;n\u0131n (ATSO) 123. kurulu\u015f y\u0131ld\u00f6n\u00fcm\u00fc ve geleneksel \u00f6d\u00fcl t\u00f6reninde konu\u015ftu. D\u00fcnyaya a\u00e7\u0131lan pencere olan Antalya&#8217;n\u0131n, T\u00fcrkiye&#8217;nin gururu oldu\u011funu belirten Demirel, Antalya&#8217;n\u0131n k\u0131sa s\u00fcrede \u00f6nemli geli\u015fmeler kaydetti\u011fini anlatt\u0131. <!--more--><\/p>\n<p style=\"text-align: justify;\">Antalya&#8217;n\u0131n y\u0131lda 10 milyona yak\u0131n uygar d\u00fcnyan\u0131n insan\u0131na evsahipli\u011fi yapar duruma geldi\u011fini belirten Demirel, &#8220;Burada medeni d\u00fcnyay\u0131 kucaklay\u0131\u015f\u0131ndaki medenilik takdire de\u011fer. Ticaret odas\u0131 da bu geli\u015fmelere ayak uydurmu\u015f ve bug\u00fcnlere gelinmi\u015ftir&#8221; diye konu\u015ftu. ATSO Y\u00f6netim Kurulu Ba\u015fkan\u0131 \u00c7etin Osman Budak&#8217;\u0131n konu\u015fmas\u0131na da de\u011finen Demirel, Budak&#8217;\u0131n s\u00f6zlerinin T\u00fcrkiye&#8217;deki kayg\u0131lar\u0131n ifadesi oldu\u011funu s\u00f6yledi.<\/p>\n<p style=\"text-align: justify;\">T\u00fcrkiye&#8217;nin neresine gidilirse gidilsin ayn\u0131 hissiyatla kar\u015f\u0131la\u015f\u0131ld\u0131\u011f\u0131n\u0131 ifade eden Demirel, \u015f\u00f6yle konu\u015ftu:<\/p>\n<p style=\"text-align: justify;\">&#8220;\u00dclkemizde korku geni\u015f \u00e7apta hakimdir. T\u00fcrkiye Cumhuriyeti kuruldu\u011fundan beri, askeri d\u00f6nemler dahil, -ki biz onlar\u0131 iyi biliriz- b\u00f6ylesine korkulu bir d\u00f6nem ya\u015fanmad\u0131. Vatanda\u015flar, ziyarete gelenler (acaba buras\u0131 dinleniyor mu) diye soruyorlar bana. Bir \u00fclkenin insanlar\u0131 kendi \u00fclkelerinde bu duruma d\u00fc\u015f\u00fcr\u00fcl\u00fcr m\u00fc? Bu kendili\u011finden olur mu? Olmaz. Asl\u0131nda bu zeminin nezaketini biliyorum ama bunlar\u0131 s\u00f6ylemesem olur mu? Ba\u015fka s\u00f6yleyecek laf\u0131m da yok zaten. Var da s\u00f6ylense de olur s\u00f6ylenmese de olur cinsinden. (Efendim bu zeminde siyaset yapmay\u0131n). Yapt\u0131\u011f\u0131m\u0131z siyaset de\u011fil, \u015fikayet. \u015eikayet yapmayay\u0131m m\u0131?<\/p>\n<p style=\"text-align: justify;\">Onun i\u00e7indir ki ele\u015ftiriler T\u00fcrkiye&#8217;de bir kamuoyu yapmaya kafi de\u011fil. Kamuoyunu ayd\u0131nlatmaya bile kafi de\u011fil. Siyaset b\u00fcy\u00fck s\u0131k\u0131nt\u0131lar i\u00e7inde. Siyaset asl\u0131nda sadece iktidardan ibaret de\u011fildir. \u0130ktidar sadece kendisinden ibaret sayarsa di\u011fer kurullar\u0131 susturmak mecburiyetindedir. E\u011fer bir \u00fclkede \u00f6zg\u00fcr ileti\u015fim vas\u0131talar\u0131, \u00f6zg\u00fcr bas\u0131n, \u00f6zg\u00fcr meslek kurulu\u015flar\u0131, \u00f6zg\u00fcr \u00fcniversite yoksa, veyahut da bunlar\u0131n hepsi varolup da tabela olarak varsa ve fonksiyonlar\u0131n\u0131 ifa etmiyorlarsa, bu \u00fclkede sadece siyasi muhalefetten her\u015feyi beklemek \u00e7ok yanl\u0131\u015ft\u0131r. Siyasi muhalefet \u00e7\u0131rp\u0131n\u0131r durur.<\/p>\n<p style=\"text-align: justify;\">Derdini anlatacak kimse bulmakta s\u0131k\u0131nt\u0131 \u00e7eker. \u00dcz\u00fcnt\u00fcyle s\u00f6yleyeyim ki bug\u00fcnk\u00fc T\u00fcrkiye&#8217;de korku imparatorlu\u011funun kurulmas\u0131nda yanl\u0131\u015flar\u0131 s\u00f6yleyememek ya da s\u00f6ylendi\u011fi zaman yanl\u0131\u015flar\u0131 s\u00f6yleyenlerin (aman bana dokunmayan y\u0131lan bin ya\u015fas\u0131n) \u015feklindeki bir duyguya kap\u0131lm\u0131\u015f olmas\u0131d\u0131r. B\u00f6yle olur mu? 70 milyon insan korkar m\u0131, bir millet korkar m\u0131? Korkmaz ama maalesef bu hissiyat yayg\u0131nd\u0131r.&#8221;<\/p>\n<p style=\"text-align: justify;\"><strong><em>Telefon konu\u015fmalar\u0131n\u0131n dinlenmesi <\/em><\/strong><\/p>\n<p style=\"text-align: justify;\">Telefon konu\u015fmalar\u0131n\u0131n dinlenmesi konusuna da de\u011finen Demirel, telefonun, d\u00fcnyadaki en \u00f6nemli ileti\u015fim arac\u0131, insanlar\u0131 birbirine yakla\u015ft\u0131ran, d\u00fcnyay\u0131 k\u00fc\u00e7\u00fclten bir\u015fey oldu\u011funu belirterek, &#8220;Ama telefonlar\u0131n\u0131z\u0131 dinliyorlarsa, bunu dinlemeye kimin ne hakk\u0131 var? Bir \u00fclkede herkes devlet d\u00fc\u015fman\u0131 olabilir mi, bir \u00fclkede herkes rejim d\u00fc\u015fman\u0131 olur mu, bir \u00fclkenin savc\u0131s\u0131 devlet d\u00fc\u015fman\u0131 olur mu, Yarg\u0131tay&#8217;\u0131 devlet d\u00fc\u015fman\u0131 olur mu, bir \u00fclkenin kurumlar\u0131 o rejimin d\u00fc\u015fman\u0131 olur mu? Yahut rasgele ho\u015flanmad\u0131\u011f\u0131n\u0131z insanlar\u0131n telefonlar\u0131n\u0131 dinleyip adamlar\u0131 hapsederseniz acaba o telefon hizmete mi yarar zulme mi? Bunlar zul\u00fcmd\u00fcr&#8221; diye konu\u015ftu.<\/p>\n<p style=\"text-align: justify;\">Bunlar\u0131 siyasal ama\u00e7la s\u00f6ylemedi\u011fini, g\u00f6rd\u00fc\u011f\u00fc kimi \u015feyleri i\u00e7ine sindiremedi\u011fi i\u00e7in s\u00f6yledi\u011fini anlatan Demirel, \u015f\u00f6yle devam etti:<\/p>\n<p style=\"text-align: justify;\">&#8220;B\u00f6yle devirleri uzun s\u00fcre ya\u015fatmak m\u00fcmk\u00fcn de\u011fildir. Her\u015feyin vakti, saati vard\u0131r. Tabii ki bizim 60 senelik T\u00fcrkiye Cumhuriyeti hizmetimizde devirler de\u011fi\u015fti. Tabii ki devirler sand\u0131kla de\u011fi\u015fmelidir, halk\u0131n oyuyla de\u011fi\u015fmelidir. Devirler de\u011fi\u015fir, halk\u0131n oyuyla de\u011fi\u015fmelidir, sand\u0131kla gelinmelidir, sand\u0131kla gidilmelidir. Bunun m\u00fccadelesini yapm\u0131\u015f bir insan olarak bunun d\u0131\u015f\u0131nda bir\u015feyi tavsiye etmem. Yine de etmiyorum. Sand\u0131k \u00f6n\u00fcn\u00fcze geldi\u011fi zaman e\u011fer bu kadar \u015fikayete ra\u011fmen, bunu size de\u011fil, b\u00fct\u00fcn milletime s\u00f6yl\u00fcyorum: Bu kadar \u015fikayete ra\u011fmen icab\u0131n\u0131 yapmazsan\u0131z o zaman zulm\u00fc hakedersiniz.&#8221;<\/p>\n<p style=\"text-align: justify;\">Kendisinin bu toplant\u0131ya, d\u00fcnya ve T\u00fcrkiye sorunlar\u0131ndan s\u00f6zetmeye geldi\u011fini kaydeden Demirel, &#8220;Ama asl\u0131nda bunlar\u0131 s\u00f6ylemeyip de ba\u015fka \u015feyleri s\u00f6ylesem onlar\u0131n o kadar kula\u011fa girece\u011fini tahmin etmedi\u011fim i\u00e7in kula\u011fa girecek \u015feyleri s\u00f6yledim. \u0130cap ederse gerisini de s\u00f6yleyece\u011fim&#8221; dedi.<\/p>\n<p style=\"text-align: justify;\"><strong><em>Ekonomik geli\u015fmeler <\/em><\/strong><\/p>\n<p style=\"text-align: justify;\">Ekonomik geli\u015fmeler ve T\u00fcrkiye&#8217;nin genel durumundan da s\u00f6zeden Demirel, cumhuriyetin kuruldu\u011fundan bug\u00fcne T\u00fcrkiye&#8217;nin tar\u0131mda 10, hizmette 56, sanayide 170 kez b\u00fcy\u00fcd\u00fc\u011f\u00fcn\u00fc dile getirerek, &#8220;T\u00fcrkiye, y\u00fczde 4.5-5 oran\u0131nda bir b\u00fcy\u00fcmeyi ba\u015farabilmi\u015ftir. T\u00fcrkiye, bir iptidai tar\u0131m \u00fclkesi olmaktan \u00e7\u0131km\u0131\u015f, 190 \u00fclke aras\u0131nda 17., 18. konuma gelmi\u015ftir. Bunlar herhalde ge\u00e7en 7 y\u0131l zarf\u0131nda olmam\u0131\u015ft\u0131r&#8221; diye konu\u015ftu.<\/p>\n<p style=\"text-align: justify;\">Antalya&#8217;da \u00fcniversitenin, havaalan\u0131n\u0131n, Alanya-Antalya karayolunun bu h\u00fck\u00fcmet d\u00f6neminde yap\u0131lmad\u0131\u011f\u0131n\u0131 belirten Demirel, &#8220;E\u011fer bu 7 senede oldu diyen varsa sorar\u0131m ne oldu diye? (\u00dcniversite mi oldu, g\u00fcnde 500 u\u00e7a\u011f\u0131n indi\u011fi havaalan\u0131 m\u0131 oldu, elektrik santral\u0131 mi oldu, Alanya-Antalya yolu mu oldu) diye sorar\u0131m&#8221; dedi.<\/p>\n<p style=\"text-align: justify;\">2002 y\u0131l\u0131na gelindi\u011fi zaman Antalya&#8217;n\u0131n k\u00f6ylerinin y\u00fczde 95&#8217;inde su oldu\u011funu ifade eden Demirel, \u015f\u00f6yle devam etti:<\/p>\n<p style=\"text-align: justify;\">&#8220;\u015eunu s\u00f6ylemek isterim: Benim maksad\u0131m \u015fudur. Bu kadar b\u00fcy\u00fck i\u015f kolayca olmam\u0131\u015ft\u0131r. Seneler alm\u0131\u015ft\u0131r. Bu seneler i\u00e7inde h\u00fck\u00fcmetler gelmi\u015f ge\u00e7mi\u015ftir. Herkesin gayreti olmu\u015ftur. D\u00fcnya konjonkt\u00fcr\u00fc i\u00e7inde olmu\u015ftur ama herkesin gayreti i\u00e7inde olmu\u015ftur. \u0130nsan\u0131n yapt\u0131\u011f\u0131 hizmeti (yapt\u0131m) demesi normaldir ama (bir d\u00fc\u011fmeyi diktim diye b\u00fct\u00fcn elbiseyi ben diktim) dersen o yanl\u0131\u015ft\u0131r.<\/p>\n<p style=\"text-align: justify;\">T\u00fcrkiye&#8217;de 60 bin kilometre asfalt yol var. 350 bin kilometre k\u00f6y yolu var ve 3 bin kilometre otoyol var. 2 bo\u011faz k\u00f6pr\u00fcs\u00fc, 5 bin tane k\u00f6pr\u00fc var. Bunlar ge\u00e7en 7 sene zarf\u0131nda yap\u0131lmad\u0131. Ge\u00e7en 7 y\u0131lda 16 bin kilometre b\u00f6l\u00fcnm\u00fc\u015f yol yap\u0131lm\u0131\u015f. B\u00f6l\u00fcnm\u00fc\u015f yol nedir biliyor musunuz? Yol var da, sa\u011f\u0131na soluna ortas\u0131na bir \u00e7izgi koyuyorsunuz.&#8221;<\/p>\n<p style=\"text-align: justify;\"><strong><em>&#8220;Korku imparatorlu\u011fu&#8230;&#8221; <\/em><\/strong><\/p>\n<p style=\"text-align: justify;\">Korku imparatorlu\u011funda bunlar\u0131 anlatman\u0131n kolay olmad\u0131\u011f\u0131n\u0131 ifade eden Demirel, s\u00f6zlerini \u015f\u00f6yle tamamlad\u0131:<\/p>\n<p style=\"text-align: justify;\">&#8220;Ben 60 sene bu hizmeti yapt\u0131ktan sonra kendi vicdan\u0131mla da, siyaseten herkesle de hesab\u0131n\u0131 g\u00f6rd\u00fcm ama milletin i\u00e7i buna raz\u0131 de\u011fil. Bence \u00fclkeyi y\u00f6netenlere (herhalde bu telefonlar\u0131 dinleyin diyen) biri vard\u0131r. Kayboluyor herkes. O ona at\u0131yor, o ona bak\u0131yor. E\u011fer (dinleyin diyen birisi yok da dinliyorlarsa) bu ay\u0131pt\u0131r yani. O zaman T\u00fcrkiye&#8217;yi idare edenler \u00e7o\u011falm\u0131\u015f demektir. Ya, (\u015fu adamlar\u0131 al\u0131n Silivri Hapishanesi&#8217;ne g\u00f6t\u00fcr\u00fcn) diyenler vard\u0131r herhalde. Yoksa kendili\u011finden birtak\u0131m adamlar\u0131 g\u00f6t\u00fcrmenin ne manas\u0131 var?<\/p>\n<p style=\"text-align: justify;\">Tutuklad\u0131\u011f\u0131n adam\u0131n ka\u00e7\u0131p gitmesi ya da birtak\u0131m delilleri karartma \u015f\u00fcphesi olmas\u0131 laz\u0131m. Mehmet Haberal&#8217;\u0131n ka\u00e7aca\u011f\u0131ndan kimsenin \u015f\u00fcphesi olur mu? Niye tutuyorsunuz Mehmet Haberal&#8217;\u0131 hapishanede. B\u00f6yle hukuk olur mu? Olmaz. Su\u00e7lu kimse yakas\u0131na yap\u0131\u015f\u0131n. Ben mi savunaca\u011f\u0131m su\u00e7luyu? Hi\u00e7 savunmad\u0131m. Ben hukuku savunuyorum, hukukun \u00fcst\u00fcnl\u00fc\u011f\u00fcn\u00fc savunuyorum. Yapmay\u0131n, keyfilik yapmay\u0131n, adaletsizlik yapmay\u0131n. Aya\u011f\u0131n\u0131za dola\u015f\u0131r. Keyfilik yap\u0131p da aya\u011f\u0131na dola\u015fmayan kimse yoktur.&#8221;<\/p>\n<p style=\"text-align: justify;\"><span style=\"color: #888888;\">CNN T\u00dcRK<\/span><\/p>\n","protected":false},"excerpt":{"rendered":"<p style=\"text-align: center;\">\n<p style=\"text-align: justify;\">9. Cumhurba\u015fkan\u0131 S\u00fcleyman Demirel, &#8220;T\u00fcrkiye Cumhuriyeti kuruldu\u011fundan beri, askeri d\u00f6nemler de dahil -ki biz onlar\u0131 iyi biliriz- b\u00f6ylesine korkulu bir d\u00f6nem ya\u015fanmad\u0131&#8221; dedi.<\/p>\n<p style=\"text-align: justify;\">S\u00fcleyman Demirel, Antalya Ticaret ve Sanayi Odas\u0131&#8217;n\u0131n (ATSO) 123. kurulu\u015f y\u0131ld\u00f6n\u00fcm\u00fc ve geleneksel \u00f6d\u00fcl t\u00f6reninde konu\u015ftu. D\u00fcnyaya a\u00e7\u0131lan pencere olan Antalya&#8217;n\u0131n, T\u00fcrkiye&#8217;nin gururu oldu\u011funu belirten <\/p>\n","protected":false},"author":1,"featured_media":0,"comment_status":"open","ping_status":"closed","sticky":false,"template":"","format":"standard","meta":{"footnotes":""},"categories":[105],"tags":[],"class_list":["post-16558","post","type-post","status-publish","format-standard","hentry","category-gundem","odd"],"_links":{"self":[{"href":"http:\/\/www.korhanyilmaz.com\/index.php?rest_route=\/wp\/v2\/posts\/16558","targetHints":{"allow":["GET"]}}],"collection":[{"href":"http:\/\/www.korhanyilmaz.com\/index.php?rest_route=\/wp\/v2\/posts"}],"about":[{"href":"http:\/\/www.korhanyilmaz.com\/index.php?rest_route=\/wp\/v2\/types\/post"}],"author":[{"embeddable":true,"href":"http:\/\/www.korhanyilmaz.com\/index.php?rest_route=\/wp\/v2\/users\/1"}],"replies":[{"embeddable":true,"href":"http:\/\/www.korhanyilmaz.com\/index.php?rest_route=%2Fwp%2Fv2%2Fcomments&post=16558"}],"version-history":[{"count":0,"href":"http:\/\/www.korhanyilmaz.com\/index.php?rest_route=\/wp\/v2\/posts\/16558\/revisions"}],"wp:attachment":[{"href":"http:\/\/www.korhanyilmaz.com\/index.php?rest_route=%2Fwp%2Fv2%2Fmedia&parent=16558"}],"wp:term":[{"taxonomy":"category","embeddable":true,"href":"http:\/\/www.korhanyilmaz.com\/index.php?rest_route=%2Fwp%2Fv2%2Fcategories&post=16558"},{"taxonomy":"post_tag","embeddable":true,"href":"http:\/\/www.korhanyilmaz.com\/index.php?rest_route=%2Fwp%2Fv2%2Ftags&post=16558"}],"curies":[{"name":"wp","href":"https:\/\/api.w.org\/{rel}","templated":true}]}}