{"id":16554,"date":"2009-11-14T17:35:40","date_gmt":"2009-11-14T15:35:40","guid":{"rendered":"http:\/\/www.korhanyilmaz.com\/?p=16554"},"modified":"2009-11-14T17:35:40","modified_gmt":"2009-11-14T15:35:40","slug":"sener-sordu-yargiya-niye-guvenecegim","status":"publish","type":"post","link":"http:\/\/www.korhanyilmaz.com\/?p=16554","title":{"rendered":"\u015eener sordu: &#039;Yarg\u0131ya niye g\u00fcvenece\u011fim?&#039;"},"content":{"rendered":"<p style=\"text-align: center;\"><a href=\"http:\/\/www.korhanyilmaz.com\/wp-content\/uploads\/2009\/11\/sener.jpg\"  class=\"lightview\"><img loading=\"lazy\" decoding=\"async\" class=\"aligncenter size-full wp-image-16555\" src=\"http:\/\/www.korhanyilmaz.com\/wp-content\/uploads\/2009\/11\/sener.jpg\" alt=\"\" width=\"307\" height=\"236\" \/><\/a><\/p>\n<p style=\"text-align: justify;\">T\u00fcrkiye Partisi Genel Ba\u015fkan\u0131 Abd\u00fcllatif \u015eener, &#8220;T\u00fcrkiye&#8217;de hi\u00e7 kimsenin dinlenilmedi\u011finden emin olamayaca\u011f\u0131n\u0131&#8221; savunarak, &#8220;(Siz dinleniliyor musunuz) derseniz, ne s\u00f6yleyeyim bilmiyorum. Ama vaktiyle benim de dinlenildi\u011fim s\u00f6ylenmi\u015fti ve elbette ki dinleniliyorumdur&#8221; dedi. \u015eener &#8220;Bu \u00fclkede herkes &#8216;yarg\u0131ya g\u00fcvenmek laz\u0131m&#8217; diyor. Ama T\u00fcrkiye&#8217;de bir tek ben farkl\u0131 \u015fey s\u00f6yl\u00fcyorum. Niye g\u00fcvenece\u011fim?&#8221; diye sordu. <!--more--><\/p>\n<p style=\"text-align: justify;\">\u015eener, partisinin Mersin il te\u015fkilat binas\u0131n\u0131n a\u00e7\u0131l\u0131\u015f\u0131 \u00f6ncesinde, se\u00e7im minib\u00fcs\u00fcnde yapt\u0131\u011f\u0131 konu\u015fmada, partilerinin kurulu\u015fu d\u00f6neminde bir dizi s\u0131k\u0131nt\u0131 ya\u015fad\u0131klar\u0131n\u0131, g\u00f6reve geldiklerinde ilk olarak Siyasi Partiler Yasas\u0131n\u0131 de\u011fi\u015ftirip, ard\u0131ndan milletvekillerinin dokunulmazl\u0131\u011f\u0131n\u0131 kald\u0131racaklar\u0131n\u0131 s\u00f6yledi.<\/p>\n<p style=\"text-align: justify;\">\u015eener, a\u00e7\u0131l\u0131\u015f\u0131n ard\u0131ndan d\u00fczenledi\u011fi bas\u0131n toplant\u0131s\u0131nda ise telefon dinleme iddialar\u0131na de\u011finerek, \u00fclke genelinde herkesin dinlenilip- dinlenilmedi\u011fi y\u00f6n\u00fcnde \u015f\u00fcphelerinin bulundu\u011funu dile getiren \u015eener, &#8220;siz de dinlenildi\u011finizi d\u00fc\u015f\u00fcn\u00fcyor musunuz?&#8221; \u015feklindeki soruyu \u015f\u00f6yle yan\u0131tlad\u0131:<\/p>\n<p style=\"text-align: justify;\">&#8220;T\u00fcrkiye&#8217;de hi\u00e7 kimse dinlenmedi\u011finden emin olamaz. Peki (siz dinleniliyor musunuz) derseniz, ne s\u00f6yleyeyim bilmiyorum ama vaktiyle dinlenildi\u011fim s\u00f6ylenmi\u015fti. Elbette ki dinleniliyorumdur. Benim bir telefonum var, bakanl\u0131k d\u00f6nemimden kalma. Bu telefonun numaras\u0131n\u0131 hi\u00e7 de\u011fi\u015ftirmedim.<\/p>\n<p style=\"text-align: justify;\">Bakanl\u0131\u011f\u0131n cihaz\u0131n\u0131 teslim ettim. Ama numaras\u0131n\u0131 alarak sivil hayata d\u00f6nd\u00fcm. Ayn\u0131 numaray\u0131 kullan\u0131yorum. K\u00f6ylere kasabalara var\u0131ncaya kadar herkeste numaram vard\u0131r. \u00d6zellikle benim numaram dinleyenlerde zaten vard\u0131r. Dinliyorlard\u0131r.&#8221;<\/p>\n<p style=\"text-align: justify;\">Bu a\u00e7\u0131klamas\u0131n\u0131n ard\u0131ndan baz\u0131 partililerin &#8220;Biz de yok&#8221; demesi \u00fczerine \u015eener, mikrofondan cep telefonu numaras\u0131 a\u00e7\u0131klad\u0131.<\/p>\n<p style=\"text-align: justify;\"><strong><em>&#8220;Bu \u00fclkenin en g\u00fcvenilir kurumu yarg\u0131 m\u0131?&#8221; <\/em><\/strong><\/p>\n<p style=\"text-align: justify;\">\u015eener, &#8220;\u0131slak imzal\u0131&#8221; oldu\u011fu belirtilen &#8220;\u0130rtica Eylem Plan\u0131&#8221; iddialar\u0131na da de\u011finerek, \u015f\u00f6yle konu\u015ftu:<\/p>\n<p style=\"text-align: justify;\">&#8220;T\u00fcrkiye&#8217;de \u00e7ok say\u0131da dava s\u00fcr\u00fcyor. Bunlar\u0131n herhangi biriyle ilgili ne zaman televizyona siyaset\u00e7i, yarg\u0131 mensubu veya ayd\u0131n \u00e7\u0131ksa ayn\u0131 \u015feyleri s\u00f6yl\u00fcyor ve &#8216;yarg\u0131ya g\u00fcvenmek laz\u0131m&#8217; diyor. Ama T\u00fcrkiye&#8217;de bir tek ben farkl\u0131 \u015fey s\u00f6yl\u00fcyorum. Niye g\u00fcvenece\u011fim? Bu \u00fclkede siyaset\u00e7iye, askere, g\u00fcvenlik birimlerine, \u00fcniversitelere, ayd\u0131nlara, gazetecilere ve halka g\u00fcvenmeyeceksin. Peki yarg\u0131ya niye g\u00fcveneceksin? Bu \u00fclkenin en g\u00fcvenilir kurumu yarg\u0131 m\u0131? Yarg\u0131ya i\u015fi d\u00fc\u015fm\u00fc\u015fler aras\u0131nda bir anket yapsan\u0131z, acaba g\u00fcven sonucu \u00e7\u0131kacak m\u0131?<\/p>\n<p style=\"text-align: justify;\">Yarg\u0131da da i\u015fler yanl\u0131\u015f gidebilir, yanl\u0131\u015flar olu\u015fabilir. Hele de iktidar\u0131n bir taraftan yarg\u0131y\u0131 etkilemeye \u00e7al\u0131\u015ft\u0131\u011f\u0131 bir d\u00f6nemde. Ama \u00f6teden beri yarg\u0131 mensuplar\u0131n\u0131n kendilerini dokunulmaz ve sorunsuz hissetmelerinin yarg\u0131 standard\u0131n\u0131 art\u0131rd\u0131\u011f\u0131n\u0131 s\u00f6yleyebilmemiz m\u00fcmk\u00fcn de\u011fil.&#8221;<\/p>\n<p style=\"text-align: justify;\"><span style=\"color: #888888;\">CNN T\u00dcRK<\/span><\/p>\n","protected":false},"excerpt":{"rendered":"<p style=\"text-align: center;\">\n<p style=\"text-align: justify;\">T\u00fcrkiye Partisi Genel Ba\u015fkan\u0131 Abd\u00fcllatif \u015eener, &#8220;T\u00fcrkiye&#8217;de hi\u00e7 kimsenin dinlenilmedi\u011finden emin olamayaca\u011f\u0131n\u0131&#8221; savunarak, &#8220;(Siz dinleniliyor musunuz) derseniz, ne s\u00f6yleyeyim bilmiyorum. Ama vaktiyle benim de dinlenildi\u011fim s\u00f6ylenmi\u015fti ve elbette ki dinleniliyorumdur&#8221; dedi. \u015eener &#8220;Bu \u00fclkede herkes &#8216;yarg\u0131ya g\u00fcvenmek laz\u0131m&#8217; diyor. Ama T\u00fcrkiye&#8217;de bir tek ben farkl\u0131 \u015fey s\u00f6yl\u00fcyorum. Niye g\u00fcvenece\u011fim?&#8221; diye <\/p>\n","protected":false},"author":1,"featured_media":0,"comment_status":"open","ping_status":"closed","sticky":false,"template":"","format":"standard","meta":{"footnotes":""},"categories":[105],"tags":[],"class_list":["post-16554","post","type-post","status-publish","format-standard","hentry","category-gundem","odd"],"_links":{"self":[{"href":"http:\/\/www.korhanyilmaz.com\/index.php?rest_route=\/wp\/v2\/posts\/16554","targetHints":{"allow":["GET"]}}],"collection":[{"href":"http:\/\/www.korhanyilmaz.com\/index.php?rest_route=\/wp\/v2\/posts"}],"about":[{"href":"http:\/\/www.korhanyilmaz.com\/index.php?rest_route=\/wp\/v2\/types\/post"}],"author":[{"embeddable":true,"href":"http:\/\/www.korhanyilmaz.com\/index.php?rest_route=\/wp\/v2\/users\/1"}],"replies":[{"embeddable":true,"href":"http:\/\/www.korhanyilmaz.com\/index.php?rest_route=%2Fwp%2Fv2%2Fcomments&post=16554"}],"version-history":[{"count":0,"href":"http:\/\/www.korhanyilmaz.com\/index.php?rest_route=\/wp\/v2\/posts\/16554\/revisions"}],"wp:attachment":[{"href":"http:\/\/www.korhanyilmaz.com\/index.php?rest_route=%2Fwp%2Fv2%2Fmedia&parent=16554"}],"wp:term":[{"taxonomy":"category","embeddable":true,"href":"http:\/\/www.korhanyilmaz.com\/index.php?rest_route=%2Fwp%2Fv2%2Fcategories&post=16554"},{"taxonomy":"post_tag","embeddable":true,"href":"http:\/\/www.korhanyilmaz.com\/index.php?rest_route=%2Fwp%2Fv2%2Ftags&post=16554"}],"curies":[{"name":"wp","href":"https:\/\/api.w.org\/{rel}","templated":true}]}}