{"id":16546,"date":"2009-11-14T13:33:22","date_gmt":"2009-11-14T11:33:22","guid":{"rendered":"http:\/\/www.korhanyilmaz.com\/?p=16546"},"modified":"2009-11-14T13:33:22","modified_gmt":"2009-11-14T11:33:22","slug":"baykal-acilimin-arkasinda-akp-dtp-pkk-var","status":"publish","type":"post","link":"http:\/\/www.korhanyilmaz.com\/?p=16546","title":{"rendered":"Baykal: &#039;A\u00e7\u0131l\u0131m\u0131n arkas\u0131nda AKP-DTP-PKK var&#039;"},"content":{"rendered":"<p style=\"text-align: center;\"><a href=\"http:\/\/www.korhanyilmaz.com\/wp-content\/uploads\/2009\/11\/BAYKAL21.jpg\"  class=\"lightview\"><img loading=\"lazy\" decoding=\"async\" class=\"aligncenter size-full wp-image-16547\" src=\"http:\/\/www.korhanyilmaz.com\/wp-content\/uploads\/2009\/11\/BAYKAL21.jpg\" alt=\"\" width=\"307\" height=\"236\" \/><\/a><\/p>\n<p style=\"text-align: justify;\">CHP Genel Ba\u015fkan\u0131 Deniz Baykal, &#8220;Bu a\u00e7\u0131l\u0131m politikas\u0131n\u0131n arkas\u0131nda AKP, DTP ve PKK&#8217;n\u0131n i\u015fbirli\u011fi vard\u0131r&#8221; dedi. Burdur&#8217;un Karamanl\u0131 \u0130l\u00e7esinde belediyeyi ziyaret eden CHP Genel Ba\u015fkan\u0131 Deniz Baykal, h\u00fck\u00fcmetin etnik ayr\u0131\u015fman\u0131n d\u00fcmesine bast\u0131\u011f\u0131n\u0131 s\u00f6yledi.<\/p>\n<p style=\"text-align: justify;\">Burdur&#8217;un Karamanl\u0131 Belediyesini ziyaret eden CHP Genel Ba\u015fkan\u0131 Deniz Baykal, gazetecilere yapt\u0131\u011f\u0131 a\u00e7\u0131klamada, D\u00fcnya&#8217;n\u0131n hi\u00e7bir yerinde demokrasinin etnik ayr\u0131\u015ft\u0131rma yapmad\u0131\u011f\u0131n\u0131 s\u00f6yledi. <!--more--><\/p>\n<p style=\"text-align: justify;\">PKK er\u00f6r \u00f6rg\u00fct\u00fcn\u00fcn a\u00e7\u0131l\u0131m s\u00fcrecinin neresinde oldu\u011funu soran Baykal, &#8220;H\u00fck\u00fcmet bu politikay\u0131 kimlerle yap\u0131yor?, PKK ter\u00f6r \u00f6rg\u00fct\u00fc mensuplar\u0131n\u0131n da\u011fdan ini\u015fi s\u0131ras\u0131nda ter\u00f6r \u00f6rg\u00fct\u00fc \u00fcyelerini s\u0131n\u0131rda \u0130\u00e7i\u015fleri Bakanl\u0131\u011f\u0131 M\u00fcste\u015far\u0131, M\u0130T M\u00fcste\u015far\u0131, savc\u0131 ve hakimler kar\u015f\u0131lad\u0131. PKK mensuplar\u0131 bu devletin \u00fcst d\u00fczey y\u00f6neticilerine &#8216;Ter\u00f6rist ba\u015f\u0131 Abdullah \u00d6calan&#8217;\u0131n mektubuyla geldik&#8217; dediler. PKK \u00f6rg\u00fctlerine s\u0131n\u0131rda mahkeme kuruldu. B\u00f6yle bir mahkeme d\u00fcnyan\u0131n neresinde g\u00f6r\u00fcld\u00fc. T\u00fcrkiye&#8217;de PKK&#8217;l\u0131 olmak su\u00e7 olmaktan ne zaman \u00e7\u0131kt\u0131. Bu s\u00fcrecin arkas\u0131nda kimler var. PKK&#8217;l\u0131lar\u0131 da\u011fdan kim indirdi. Ter\u00f6rist ba\u015f\u0131 Abdullah \u00d6calan g\u00f6nderdi. S\u00f6zde demokratik a\u00e7\u0131l\u0131mda AK Parti, PKK, DTP vard\u0131r. Bu politika 3&#8217;\u00fc aras\u0131nda y\u00fcr\u00fct\u00fcl\u00fcyor. Biz ulus olmaya \u00e7al\u0131\u015ft\u0131k. \u015eimdi bunu tersine \u00e7evirip etnik ayr\u0131\u015ft\u0131rma girmi\u015ftir. Hi\u00e7bir demokraside etnik ayr\u0131\u015ft\u0131rma yoktur&#8221; dedi.<\/p>\n<p style=\"text-align: justify;\">A\u00e7\u0131l\u0131m s\u00fcreci kapsam\u0131nda Milli E\u011fitim Bakanl\u0131\u011f\u0131 taraf\u0131ndan etnik dilde e\u011fitim yap\u0131laca\u011f\u0131n\u0131 belirten Baykal, &#8220;Biz y\u0131llarca insanlara T\u00fcrk\u00e7e&#8217;yi \u00f6\u011fretemedik. Devlet art\u0131k etnik dilde e\u011fitim verecek. Etnik dilde \u00f6\u011fretecek. Etnik dilde e\u011fitim veren okullar kurup \u00f6\u011fretmenler yeti\u015ftirecek. Daha sonra tarih, matematik, co\u011frafya gibi dersleri de kendi dillerinde g\u00f6rmek isteyecek. Bu s\u00fcre\u00e7 T\u00fcrkiye&#8217;de uzla\u015fma s\u00fcrecini tersine \u00e7evirece\u011fi bir s\u00fcre\u00e7tir. Bu s\u00fcre\u00e7 T\u00fcrkiye&#8217;ye zarar verir&#8221; dedi.<\/p>\n<p style=\"text-align: justify;\">PKK ter\u00f6r \u00f6rg\u00fct\u00fcn\u00fcn 25 y\u0131l silahla m\u00fccadele ile elde edemedi\u011fini AK Parti h\u00fck\u00fcmeti ile elde etti\u011fini s\u00f6yleyen Baykal, &#8220;D\u00fcn ak\u015fam g\u00f6rd\u00fck. &#8220;Biz \u0130slam&#8217;i unsurlar\u0131n toplulu\u011fuyuz&#8221; diyor Ba\u015fbakan Erdo\u011fan. Do\u011fru  \u0130lk Meclis b\u00f6yle kuruldu. Ama sonradan millet olduk. \u015eimdi de tek millet diyoruz&#8221; dedi.<\/p>\n<p style=\"text-align: justify;\">T\u00fcrkiye&#8217;nin \u00f6n\u00fcne cumhuriyet \u00f6ncesi bir tablo sunuldu\u011funu belirten Baykal \u015f\u00f6yle konu\u015ftu:<\/p>\n<p style=\"text-align: justify;\">&#8220;Ba\u015fbakan Erdo\u011fan, &#8220;Tek millet tek devlet&#8217; diyor ama tek devlet nedir biliyor mu? T\u00fcrkiye&#8217;de T\u00fcrk olmak alt kimlik de\u011fil \u00fcst kimliktir. Erdo\u011fan 1920&#8217;deki tabloyu 21. Y\u00fczy\u0131la sunuyor. Ben \u015fu ana kadar b\u00f6l\u00fcc\u00fcl\u00fck kelimesini kullanmad\u0131m. D\u00fcn ak\u015famki oturumda g\u00f6rd\u00fck ki bu tablo b\u00f6l\u00fcc\u00fck tablosudur. Vatanda\u015flar\u0131m\u0131z\u0131n devletine sahip \u00e7\u0131ks\u0131n.&#8221;<\/p>\n<p style=\"text-align: justify;\">&#8220;Biz PKK ter\u00f6r \u00f6rg\u00fct\u00fc de\u011fil K\u00fcrt k\u00f6kenli insanlar i\u00e7in a\u00e7\u0131l\u0131m yap\u0131n diyoruz&#8221; \u0130fadelerini kullanan Baykal, s\u00f6zlerini \u015f\u00f6yle s\u00fcrd\u00fcrd\u00fc:<\/p>\n<p style=\"text-align: justify;\">&#8220;D\u00fcn Ba\u015fbakan Erdo\u011fan, A\u00e7\u0131l\u0131m\u0131n \u015fifrelerini millete anlat\u0131yor. &#8220;\u015eehit cenazelerinden nemalanmaya kalkanlar var&#8221; diyor. Bir Ba\u015fbakan kendi vatanda\u015flar\u0131n\u0131n b\u00f6yle bir temenni i\u00e7inde olmas\u0131n\u0131 nas\u0131l d\u00fc\u015f\u00fcn\u00fcr. D\u00fcnya&#8217;n\u0131n hi\u00e7bir \u00fclkesinde bir Ba\u015fbakan&#8217;\u0131n yapaca\u011f\u0131 b\u00f6yle bir \u015fey de\u011fildir. T\u00fcrkiye&#8217;de hi\u00e7bir vatanda\u015f \u015fehit cenazesi gelsin diye beklemez. Ba\u015fbakan bu yap\u0131lanmay\u0131 \u00e7i\u00e7ek b\u00f6cek s\u00f6ylemleri ile uyutuyor.&#8221;<\/p>\n<p style=\"text-align: justify;\">Baykal, a\u00e7\u0131klamalar\u0131n\u0131n ard\u0131ndan Burdur&#8217;daki CHP&#8217;li belediye ba\u015fkanlar\u0131, il genel meclisi \u00fcyeleriyle bas\u0131na kapal\u0131 bir toplant\u0131 ger\u00e7ekle\u015ftirdi.<\/p>\n<p style=\"text-align: justify;\"><span style=\"color: #888888;\">CNN T\u00dcRK<\/span><\/p>\n","protected":false},"excerpt":{"rendered":"<p style=\"text-align: center;\">\n<p style=\"text-align: justify;\">CHP Genel Ba\u015fkan\u0131 Deniz Baykal, &#8220;Bu a\u00e7\u0131l\u0131m politikas\u0131n\u0131n arkas\u0131nda AKP, DTP ve PKK&#8217;n\u0131n i\u015fbirli\u011fi vard\u0131r&#8221; dedi. Burdur&#8217;un Karamanl\u0131 \u0130l\u00e7esinde belediyeyi ziyaret eden CHP Genel Ba\u015fkan\u0131 Deniz Baykal, h\u00fck\u00fcmetin etnik ayr\u0131\u015fman\u0131n d\u00fcmesine bast\u0131\u011f\u0131n\u0131 s\u00f6yledi.<\/p>\n<p style=\"text-align: justify;\">Burdur&#8217;un Karamanl\u0131 Belediyesini ziyaret eden CHP Genel Ba\u015fkan\u0131 Deniz Baykal, gazetecilere yapt\u0131\u011f\u0131 a\u00e7\u0131klamada, D\u00fcnya&#8217;n\u0131n hi\u00e7bir <\/p>\n","protected":false},"author":1,"featured_media":0,"comment_status":"open","ping_status":"closed","sticky":false,"template":"","format":"standard","meta":{"footnotes":""},"categories":[105],"tags":[],"class_list":["post-16546","post","type-post","status-publish","format-standard","hentry","category-gundem","odd"],"_links":{"self":[{"href":"http:\/\/www.korhanyilmaz.com\/index.php?rest_route=\/wp\/v2\/posts\/16546","targetHints":{"allow":["GET"]}}],"collection":[{"href":"http:\/\/www.korhanyilmaz.com\/index.php?rest_route=\/wp\/v2\/posts"}],"about":[{"href":"http:\/\/www.korhanyilmaz.com\/index.php?rest_route=\/wp\/v2\/types\/post"}],"author":[{"embeddable":true,"href":"http:\/\/www.korhanyilmaz.com\/index.php?rest_route=\/wp\/v2\/users\/1"}],"replies":[{"embeddable":true,"href":"http:\/\/www.korhanyilmaz.com\/index.php?rest_route=%2Fwp%2Fv2%2Fcomments&post=16546"}],"version-history":[{"count":0,"href":"http:\/\/www.korhanyilmaz.com\/index.php?rest_route=\/wp\/v2\/posts\/16546\/revisions"}],"wp:attachment":[{"href":"http:\/\/www.korhanyilmaz.com\/index.php?rest_route=%2Fwp%2Fv2%2Fmedia&parent=16546"}],"wp:term":[{"taxonomy":"category","embeddable":true,"href":"http:\/\/www.korhanyilmaz.com\/index.php?rest_route=%2Fwp%2Fv2%2Fcategories&post=16546"},{"taxonomy":"post_tag","embeddable":true,"href":"http:\/\/www.korhanyilmaz.com\/index.php?rest_route=%2Fwp%2Fv2%2Ftags&post=16546"}],"curies":[{"name":"wp","href":"https:\/\/api.w.org\/{rel}","templated":true}]}}