{"id":16542,"date":"2009-11-14T13:44:31","date_gmt":"2009-11-14T11:44:31","guid":{"rendered":"http:\/\/www.korhanyilmaz.com\/?p=16542"},"modified":"2009-11-14T13:44:31","modified_gmt":"2009-11-14T11:44:31","slug":"vural-savas-yuce-divani-isaret-etti","status":"publish","type":"post","link":"http:\/\/www.korhanyilmaz.com\/?p=16542","title":{"rendered":"Vural Sava\u015f &quot;Y\u00fcce Divan&quot;\u0131 i\u015faret etti"},"content":{"rendered":"<p style=\"text-align: center;\"><a href=\"http:\/\/www.korhanyilmaz.com\/wp-content\/uploads\/2009\/11\/vural.jpg\"  class=\"lightview\"><img loading=\"lazy\" decoding=\"async\" class=\"aligncenter size-full wp-image-16543\" src=\"http:\/\/www.korhanyilmaz.com\/wp-content\/uploads\/2009\/11\/vural.jpg\" alt=\"\" width=\"307\" height=\"236\" \/><\/a><\/p>\n<p style=\"text-align: justify;\">Yarg\u0131tay Onursal Ba\u015fsavc\u0131s\u0131 Vural Sava\u015f, yarg\u0131da ya\u015fanan telekulak tart\u0131\u015fmalar\u0131yla ilgili, &#8220;T\u00fcrkiye \u015fu anda hukuk devleti olmaktan \u00e7\u0131km\u0131\u015f, korku devleti haline getirilmi\u015ftir. Bu Adalet Bakanl\u0131\u011f\u0131 ve \u0130\u00e7i\u015fleri Bakanl\u0131\u011f\u0131&#8217;n\u0131n himayesinde yap\u0131lmaktad\u0131r. Eninde sonunda Y\u00fcce Divan&#8217;da bunun hesab\u0131 sorulacakt\u0131r. Asl\u0131nda bu yapt\u0131klar\u0131yla ileride Y\u00fcce Divan dosyas\u0131n\u0131n delillerini olu\u015fturuyorlar&#8221; dedi. <!--more--><\/p>\n<p style=\"text-align: justify;\">Yarg\u0131tay Onursal Ba\u015fsavc\u0131s\u0131 Vural Sava\u015f, memleketi Antalya&#8217;da Kalei\u00e7i Rotary Kul\u00fcb\u00fc&#8217;n\u00fcn d\u00fczenledi\u011fi panele kat\u0131ld\u0131. Akdeniz \u00dcniversitesi&#8217;nde ger\u00e7ekle\u015fen &#8216;Ekonomik Kriz ve Atat\u00fcrk\u00e7\u00fcl\u00fck&#8217; ba\u015fl\u0131kl\u0131 panel \u00f6ncesi bas\u0131n mensuplar\u0131n\u0131n yarg\u0131da ya\u015fanan telekulak depremi ile ilgili sorular\u0131n\u0131 yan\u0131tlayan Sava\u015f, &#8220;Anayasam\u0131zda, a\u00e7\u0131k bir h\u00fck\u00fcm var, &#8216;Kanuna ayk\u0131r\u0131 \u015fekilde elde edilen bulgular delil olarak kullan\u0131lamaz.&#8217; Bunu bertaraf etmek i\u00e7in maalesef, hepimiz art\u0131k anlad\u0131k ki emniyet ve yarg\u0131da F Tipi \u00f6rg\u00fct\u00fcn uzant\u0131lar\u0131 var. Bir dinlemenin hakim karar\u0131yla yap\u0131lmas\u0131, onu yasal hale getirmez. Hakim karar\u0131 da yasaya ayk\u0131r\u0131 olabilir&#8221; diye konu\u015ftu.<\/p>\n<p style=\"text-align: justify;\">Ergenekon soru\u015fturmalar\u0131n\u0131n Anayasa&#8217;ya ayk\u0131r\u0131 bir \u015fekilde kanunsuz \u015fekilde elde edilen delillerle devam etti\u011fini belirten Sava\u015f, &#8220;Esasen bu \u015fekilde delil kullanan hakim ve savc\u0131lar hakk\u0131nda disiplin i\u015flemleri yap\u0131lmas\u0131, meslekten at\u0131lmas\u0131 gerekir. Fakat Adalet Bakan\u0131 izin vermedi\u011fi i\u00e7in soru\u015fturma yap\u0131lam\u0131yor. T\u00fcrkiye \u015fu anda hukuk devleti olmaktan \u00e7\u0131km\u0131\u015f, korku devleti haline getirilmi\u015ftir. Bu Adalet Bakanl\u0131\u011f\u0131 ve \u0130\u00e7i\u015fleri Bakanl\u0131\u011f\u0131&#8217;n\u0131n himayesinde yap\u0131lmaktad\u0131r. Eninde sonunda Y\u00fcce Divan&#8217;da bunun hesab\u0131 sorulacakt\u0131r. Asl\u0131nda bu yapt\u0131klar\u0131yla ileride Y\u00fcce Divan dosyas\u0131n\u0131n delillerini olu\u015fturuyorlar&#8221; diye konu\u015ftu.<\/p>\n<p style=\"text-align: justify;\">T\u00fcrkiye&#8217;de \u015fu anda ya\u015fanan t\u00fcm tart\u0131\u015fmalar\u0131n\u0131n merkezinde idarenin her t\u00fcrl\u00fc eylem ve i\u015fleminin yarg\u0131 denetimine tutulmas\u0131 ve meclisin \u00e7\u0131kard\u0131\u011f\u0131 yasalar\u0131n da Anayasa&#8217;ya ayk\u0131r\u0131l\u0131k y\u00f6n\u00fcnden denetlenmesi oldu\u011funu kaydeden Vural Sava\u015f, s\u00f6zlerini \u015f\u00f6yle s\u00fcrd\u00fcrd\u00fc:<\/p>\n<p style=\"text-align: justify;\">&#8220;Bunun ad\u0131 da hukuk devletidir. Hakimler ve Savc\u0131lar Y\u00fcksek Kurulu Ba\u015fkan\u0131 bile diyor ki &#8216;Yarg\u0131 savunmadad\u0131r&#8217;. \u015eu yap\u0131lanlarla iktidar\u0131n me\u015fruiyetini kaybedip kaybetmedi\u011fi bile tart\u0131\u015fma konusu haline gelmi\u015ftir. Maalesef bir tak\u0131m g\u00fcd\u00fcml\u00fc hukuk\u00e7ular\u0131m\u0131z Anayasa de\u011fi\u015fiklikleri yap\u0131ls\u0131n b\u00f6yle bir d\u00fczen, islamc\u0131 fa\u015fist bir d\u00fczen t\u00fcm unsurlar\u0131yla kurulsun \u00e7abalar\u0131 i\u00e7indeler. \u015eimdi peki Anayasa de\u011fi\u015fikli\u011fini kim yapacak? Anayasa&#8217;ya ayk\u0131r\u0131 eylemlerin oda\u011f\u0131 haline geldi\u011fi Anayasa Mahkemesi karar\u0131yla saptanm\u0131\u015f ki\u015filerle, hakk\u0131nda b\u00f6l\u00fcc\u00fcl\u00fckten dava a\u00e7\u0131lm\u0131\u015f milletvekilleri elele verip Anayasa de\u011fi\u015fikli\u011fi yapacak. Bunu savunmak T\u00fcrkiye Cumhuriyeti&#8217;ne en b\u00fcy\u00fck ihanettir.&#8221;<\/p>\n<p style=\"text-align: justify;\">Sava\u015f, son geli\u015fmelerle birlikte T\u00fcrkiye&#8217;nin art\u0131k bir d\u00f6n\u00fcm noktas\u0131nda oldu\u011funu belirterek &#8220;Y\u00fcce Divan&#8217;da hesab\u0131n\u0131n verilece\u011fi durumlar has\u0131l olacak ama Anayasa de\u011fi\u015fikliklerini ba\u015far\u0131rlar, yarg\u0131y\u0131 daha g\u00fcd\u00fcml\u00fc hale getirirlerse T\u00fcrkiye&#8217;de kar\u015f\u0131 devrim b\u00fct\u00fcn unsurlar\u0131yla ger\u00e7ekle\u015fmi\u015f, geri d\u00f6n\u00fclmesi imkans\u0131z bir \u015fekilde islamc\u0131 fa\u015fist d\u00fczen kal\u0131c\u0131 olarak yerle\u015fmi\u015f olacakt\u0131r. \u015eu anda mevcut iktidar\u0131n in\u015faatlar\u0131na bu \u015fekilde kar\u015f\u0131 \u00e7\u0131kmak, Anayasa de\u011fi\u015fikliklerine kar\u015f\u0131 \u00e7\u0131kmak en b\u00fcy\u00fck demokrasi m\u00fccadelesidir&#8221; diye konu\u015ftu.<\/p>\n<p style=\"text-align: justify;\"><span style=\"color: #888888;\">CNN T\u00dcRK<\/span><\/p>\n","protected":false},"excerpt":{"rendered":"<p style=\"text-align: center;\">\n<p style=\"text-align: justify;\">Yarg\u0131tay Onursal Ba\u015fsavc\u0131s\u0131 Vural Sava\u015f, yarg\u0131da ya\u015fanan telekulak tart\u0131\u015fmalar\u0131yla ilgili, &#8220;T\u00fcrkiye \u015fu anda hukuk devleti olmaktan \u00e7\u0131km\u0131\u015f, korku devleti haline getirilmi\u015ftir. Bu Adalet Bakanl\u0131\u011f\u0131 ve \u0130\u00e7i\u015fleri Bakanl\u0131\u011f\u0131&#8217;n\u0131n himayesinde yap\u0131lmaktad\u0131r. Eninde sonunda Y\u00fcce Divan&#8217;da bunun hesab\u0131 sorulacakt\u0131r. Asl\u0131nda bu yapt\u0131klar\u0131yla ileride Y\u00fcce Divan dosyas\u0131n\u0131n delillerini olu\u015fturuyorlar&#8221; dedi. <\/p>\n","protected":false},"author":1,"featured_media":0,"comment_status":"open","ping_status":"closed","sticky":false,"template":"","format":"standard","meta":{"footnotes":""},"categories":[105],"tags":[],"class_list":["post-16542","post","type-post","status-publish","format-standard","hentry","category-gundem","odd"],"_links":{"self":[{"href":"http:\/\/www.korhanyilmaz.com\/index.php?rest_route=\/wp\/v2\/posts\/16542","targetHints":{"allow":["GET"]}}],"collection":[{"href":"http:\/\/www.korhanyilmaz.com\/index.php?rest_route=\/wp\/v2\/posts"}],"about":[{"href":"http:\/\/www.korhanyilmaz.com\/index.php?rest_route=\/wp\/v2\/types\/post"}],"author":[{"embeddable":true,"href":"http:\/\/www.korhanyilmaz.com\/index.php?rest_route=\/wp\/v2\/users\/1"}],"replies":[{"embeddable":true,"href":"http:\/\/www.korhanyilmaz.com\/index.php?rest_route=%2Fwp%2Fv2%2Fcomments&post=16542"}],"version-history":[{"count":0,"href":"http:\/\/www.korhanyilmaz.com\/index.php?rest_route=\/wp\/v2\/posts\/16542\/revisions"}],"wp:attachment":[{"href":"http:\/\/www.korhanyilmaz.com\/index.php?rest_route=%2Fwp%2Fv2%2Fmedia&parent=16542"}],"wp:term":[{"taxonomy":"category","embeddable":true,"href":"http:\/\/www.korhanyilmaz.com\/index.php?rest_route=%2Fwp%2Fv2%2Fcategories&post=16542"},{"taxonomy":"post_tag","embeddable":true,"href":"http:\/\/www.korhanyilmaz.com\/index.php?rest_route=%2Fwp%2Fv2%2Ftags&post=16542"}],"curies":[{"name":"wp","href":"https:\/\/api.w.org\/{rel}","templated":true}]}}