{"id":16539,"date":"2009-11-13T23:58:36","date_gmt":"2009-11-13T21:58:36","guid":{"rendered":"http:\/\/www.korhanyilmaz.com\/?p=16539"},"modified":"2009-11-13T23:58:36","modified_gmt":"2009-11-13T21:58:36","slug":"gerceker-hukuk-olmadigi-zaman","status":"publish","type":"post","link":"http:\/\/www.korhanyilmaz.com\/?p=16539","title":{"rendered":"Ger\u00e7eker: &#039;Hukuk olmad\u0131\u011f\u0131 zaman&#8230;&#039;"},"content":{"rendered":"<p style=\"text-align: center;\"><a href=\"http:\/\/www.korhanyilmaz.com\/wp-content\/uploads\/2009\/11\/gerceker.jpg\"  class=\"lightview\"><img loading=\"lazy\" decoding=\"async\" class=\"size-full wp-image-16540 aligncenter\" src=\"http:\/\/www.korhanyilmaz.com\/wp-content\/uploads\/2009\/11\/gerceker.jpg\" alt=\"\" width=\"292\" height=\"194\" \/><\/a><\/p>\n<p style=\"text-align: justify;\">Yarg\u0131tay Ba\u015fkan\u0131 Hasan Ger\u00e7eker, &#8220;Hukuk olmad\u0131\u011f\u0131 zaman o toplumda anar\u015fi olur. Demokrasi olmaz, \u00f6zg\u00fcrl\u00fck olmaz&#8221; dedi.<\/p>\n<p style=\"text-align: justify;\">Denizli Barosu&#8217;nun &#8220;Bor\u00e7lar Kanunu Tasar\u0131s\u0131n\u0131n Getirdi\u011fi Yenilikler&#8221; konulu konferans\u0131 i\u00e7in Denizli&#8217;ye gelen Yarg\u0131tay Ba\u015fkan\u0131 Hasan Ger\u00e7eker, Belediye Ba\u015fkan\u0131 Nihat Zeybekci taraf\u0131ndan \u00c7aml\u0131k&#8217;ta verilen ak\u015fam yeme\u011fine kat\u0131ld\u0131.<\/p>\n<p style=\"text-align: justify;\">Denizli Valisi Yavuz Erkmen ve Baro Ba\u015fkan\u0131 Adil Demir&#8217;in de kat\u0131ld\u0131\u011f\u0131 yemekte, Ger\u00e7eker&#8217;e Belediye Ba\u015fkan\u0131 Zeybekci taraf\u0131ndan plaket verildi. <!--more--><\/p>\n<p style=\"text-align: justify;\">Ger\u00e7eker, yarg\u0131da telefonlar\u0131n dinlenildi\u011fi iddialar\u0131yla ilgili soruya, &#8220;Buraya Denizli Baro Ba\u015fkan\u0131 Adil Demir&#8217;in d\u00fczenlemi\u015f oldu\u011fu bir toplant\u0131 nedeniyle geldik. Denizli \u00e7ok g\u00fczel ve \u00f6zg\u00fcn bir kent buran\u0131n g\u00fczelliklerini g\u00f6rmeye geldik. \u0130lk geldi\u011fimiz andan itibaren de misafirperverlikleri \u00e7ok iyi, yak\u0131n ilgi ile kar\u015f\u0131la\u015ft\u0131k. Onun i\u00e7in o konulardan uzakla\u015fmay\u0131 arzu ediyoruz&#8221; kar\u015f\u0131l\u0131\u011f\u0131n\u0131 verdi.<\/p>\n<p style=\"text-align: justify;\">Ger\u00e7eker, yasad\u0131\u015f\u0131 dinlemelerle ilgili soru \u00fczerine de &#8220;Hukuksuzluk her zaman i\u00e7in k\u00f6t\u00fc bir olayd\u0131r. Hi\u00e7bir zaman hukuksuzluk olmas\u0131n\u0131 kimse arzu etmez. Neden? \u00c7\u00fcnk\u00fc bir toplumun teminat\u0131, temeli, hukukla olur ancak. Hukuk olmad\u0131\u011f\u0131 zaman o toplumda anar\u015fi olur. Demokrasi olmaz, \u00f6zg\u00fcrl\u00fck olmaz. Onun i\u00e7in herkesin hukuk kurallar\u0131na sayg\u0131l\u0131 olmas\u0131 laz\u0131m. Tabii T\u00fcrkiye Cumhuriyeti de bir hukuk devletidir sonu\u00e7 itibariyle. Herkesin de hukuk kurallar\u0131na uyma zorunlulu\u011fu vard\u0131r&#8221; diye konu\u015ftu.<\/p>\n<p style=\"text-align: justify;\"><span style=\"color: #888888;\">CNN T\u00dcRK<\/span><\/p>\n","protected":false},"excerpt":{"rendered":"<p style=\"text-align: center;\">\n<p style=\"text-align: justify;\">Yarg\u0131tay Ba\u015fkan\u0131 Hasan Ger\u00e7eker, &#8220;Hukuk olmad\u0131\u011f\u0131 zaman o toplumda anar\u015fi olur. Demokrasi olmaz, \u00f6zg\u00fcrl\u00fck olmaz&#8221; dedi.<\/p>\n<p style=\"text-align: justify;\">Denizli Barosu&#8217;nun &#8220;Bor\u00e7lar Kanunu Tasar\u0131s\u0131n\u0131n Getirdi\u011fi Yenilikler&#8221; konulu konferans\u0131 i\u00e7in Denizli&#8217;ye gelen Yarg\u0131tay Ba\u015fkan\u0131 Hasan Ger\u00e7eker, Belediye Ba\u015fkan\u0131 Nihat Zeybekci taraf\u0131ndan \u00c7aml\u0131k&#8217;ta verilen ak\u015fam yeme\u011fine kat\u0131ld\u0131.<\/p>\n<p style=\"text-align: justify;\">Denizli Valisi Yavuz Erkmen <\/p>\n","protected":false},"author":1,"featured_media":0,"comment_status":"open","ping_status":"closed","sticky":false,"template":"","format":"standard","meta":{"footnotes":""},"categories":[105],"tags":[],"class_list":["post-16539","post","type-post","status-publish","format-standard","hentry","category-gundem","odd"],"_links":{"self":[{"href":"http:\/\/www.korhanyilmaz.com\/index.php?rest_route=\/wp\/v2\/posts\/16539","targetHints":{"allow":["GET"]}}],"collection":[{"href":"http:\/\/www.korhanyilmaz.com\/index.php?rest_route=\/wp\/v2\/posts"}],"about":[{"href":"http:\/\/www.korhanyilmaz.com\/index.php?rest_route=\/wp\/v2\/types\/post"}],"author":[{"embeddable":true,"href":"http:\/\/www.korhanyilmaz.com\/index.php?rest_route=\/wp\/v2\/users\/1"}],"replies":[{"embeddable":true,"href":"http:\/\/www.korhanyilmaz.com\/index.php?rest_route=%2Fwp%2Fv2%2Fcomments&post=16539"}],"version-history":[{"count":0,"href":"http:\/\/www.korhanyilmaz.com\/index.php?rest_route=\/wp\/v2\/posts\/16539\/revisions"}],"wp:attachment":[{"href":"http:\/\/www.korhanyilmaz.com\/index.php?rest_route=%2Fwp%2Fv2%2Fmedia&parent=16539"}],"wp:term":[{"taxonomy":"category","embeddable":true,"href":"http:\/\/www.korhanyilmaz.com\/index.php?rest_route=%2Fwp%2Fv2%2Fcategories&post=16539"},{"taxonomy":"post_tag","embeddable":true,"href":"http:\/\/www.korhanyilmaz.com\/index.php?rest_route=%2Fwp%2Fv2%2Ftags&post=16539"}],"curies":[{"name":"wp","href":"https:\/\/api.w.org\/{rel}","templated":true}]}}