{"id":16526,"date":"2009-11-13T19:12:35","date_gmt":"2009-11-13T17:12:35","guid":{"rendered":"http:\/\/www.korhanyilmaz.com\/?p=16526"},"modified":"2009-11-13T19:12:35","modified_gmt":"2009-11-13T17:12:35","slug":"meclisteki-acilim-toplantisinda-soz-liderlerindi","status":"publish","type":"post","link":"http:\/\/www.korhanyilmaz.com\/?p=16526","title":{"rendered":"Meclis&#039;teki a\u00e7\u0131l\u0131m toplant\u0131s\u0131nda s\u00f6z liderlerindi"},"content":{"rendered":"<p style=\"text-align: justify;\"><a href=\"http:\/\/www.korhanyilmaz.com\/wp-content\/uploads\/2009\/11\/EYLEM.jpg\"  class=\"lightview\"><img loading=\"lazy\" decoding=\"async\" class=\"size-full wp-image-16527 aligncenter\" src=\"http:\/\/www.korhanyilmaz.com\/wp-content\/uploads\/2009\/11\/EYLEM.jpg\" alt=\"\" width=\"307\" height=\"236\" \/><\/a><\/p>\n<p style=\"text-align: justify;\">Meclis&#8217;te K\u00fcrt a\u00e7\u0131l\u0131m\u0131n\u0131n genel g\u00f6r\u00fc\u015fmesi yap\u0131ld\u0131. AK Parti grubu ad\u0131na \u00d6mer \u00c7elik&#8217;in s\u00f6z ald\u0131\u011f\u0131 s\u0131rada locada iki ayr\u0131 protesto giri\u015fimi oldu. O ana dek sakin ge\u00e7en oturumda konu\u015fan DTP lideri Ahmet T\u00fcrk, &#8220;Ciddi yakla\u015f\u0131m g\u00f6r\u00fcl\u00fcrse silahlar 3 ay i\u00e7inde b\u0131rak\u0131l\u0131r&#8221;, MHP lideri Devlet Bah\u00e7eli, &#8220;Sanal a\u00e7\u0131l\u0131m paketleriyle milletimizin ufalanmas\u0131na g\u00f6z yummayaca\u011f\u0131z&#8221;, CHP lideri Deniz Baykal, &#8220;A\u00e7\u0131l\u0131ma katk\u0131 vermeyece\u011fiz&#8221; dedi. AK Partili \u00d6mer \u00c7elik&#8217;in konu\u015fmaya ba\u015flamas\u0131yla salondaki tansiyon y\u00fckseldi; \u00c7elik, &#8220;PKK&#8217;yla muhatap olan\u0131 g\u00f6rmek istiyorsan\u0131z aynaya bak\u0131n&#8221; dedi.<!--more--><\/p>\n<p style=\"text-align: justify;\">Baykal&#8217;\u0131n konu\u015fmas\u0131n\u0131n ard\u0131ndan Genel Kurul&#8217;daki izleyici localar\u0131nda bulunan T\u00fcrkiye Gen\u00e7lik Birli\u011fi \u00fcyesi iki gen\u00e7 a\u00e7\u0131l\u0131m\u0131 protesto etti. Daha sonra \u015eehit Anneleri Derne\u011fi Ba\u015fkan\u0131 Pakize Akbaba da bayrak a\u00e7arak ba\u011f\u0131rd\u0131. Eylemciler d\u0131\u015far\u0131 \u00e7\u0131kar\u0131ld\u0131. Akbaba, &#8220;PKK&#8217;l\u0131lar\u0131 getirip konu\u015fturuyorsunuz, bizi konu\u015fturmuyorsunuz&#8221; dedi.<\/p>\n<p style=\"text-align: justify;\">CHP \u0130zmir milletvekilleri Ahmet Ersin ve Canan Ar\u0131tman&#8217;\u0131n gelmesinin ard\u0131ndan k\u0131sa bir s\u00fcre sonra Akbaba, milletvekilleri e\u015fli\u011finde TBMM binas\u0131ndan \u00e7\u0131kar\u0131ld\u0131.<\/p>\n<p style=\"text-align: justify;\">Akbaba, bu s\u0131rada, &#8216;\u015eehit verdim, o bayra\u011f\u0131 her yerde a\u00e7ar\u0131m. O bayrak inmeyecek, PKK bitecek. Benimle ba\u015fa \u00e7\u0131kamazlar&#8221; diye ba\u011f\u0131rd\u0131. Pakize Akbaba, bina d\u0131\u015f\u0131nda ise sivil polisler taraf\u0131ndan g\u00f6zalt\u0131na al\u0131narak arabaya bildirildi ve karakola g\u00f6t\u00fcr\u00fcld\u00fc.<\/p>\n<p style=\"text-align: justify;\"><strong><em>AK Parti (\u00d6nerge sahibi: Be\u015fir Atalay) <\/em><\/strong><\/p>\n<p style=\"text-align: justify;\"><strong><em>\u0130smi de\u011fi\u015fen yerle\u015fim birimleri<\/em><\/strong><\/p>\n<p style=\"text-align: justify;\">Meclis&#8217;te ilk konu\u015fan isim olan \u0130\u00e7i\u015fleri Bakan\u0131 Be\u015fir Atalay, bug\u00fcne kadar \u00e7e\u015fitli sebeplerle isimleri de\u011fi\u015ftirilen yerle\u015fim birimlerine, yerel talep olmas\u0131 halinde, mevzuat h\u00fck\u00fcmlerine uygun olarak eski isimlerinin verilebilece\u011fini s\u00f6yledi.<\/p>\n<p style=\"text-align: justify;\"><strong><em>Mitinglerde K\u00fcrt\u00e7e hitap<\/em><\/strong><\/p>\n<p style=\"text-align: justify;\">Atalay, &#8220;Di\u011fer yandan, siyasi partiler hukukunun alan\u0131n\u0131 geni\u015fletmeyi, ifade ve \u00f6rg\u00fctlenme \u00f6zg\u00fcrl\u00fc\u011f\u00fcn\u00fcn bir gere\u011fi olan siyasi propaganda hakk\u0131n\u0131n \u00f6n\u00fcndeki baz\u0131 yasal engellerin kald\u0131r\u0131lmas\u0131 gerekti\u011fini d\u00fc\u015f\u00fcn\u00fcyoruz. S\u00f6zgelimi, siyasi partilerin se\u00e7im \u00e7al\u0131\u015fmalar\u0131nda vatanda\u015flar\u0131m\u0131z\u0131n kulland\u0131klar\u0131 farkl\u0131 dil ve leh\u00e7elerde de onlara seslenebilme imkan\u0131 verecek gerekli \u00e7al\u0131\u015fmalar bunlardand\u0131r&#8221; dedi.<\/p>\n<p style=\"text-align: justify;\">Atalay, a\u00e7\u0131l\u0131m kapsam\u0131nda ayr\u0131mc\u0131l\u0131kla m\u00fccadele komisyonu, insan haklar\u0131 kurumu, i\u015fkence ve k\u00f6t\u00fc muameleyle m\u00fccadelede ulusal \u00f6nleme mekanizmas\u0131, ba\u011f\u0131ms\u0131z kolluk \u015fikayet mekanizmas\u0131 kurulaca\u011f\u0131n\u0131 bildirdi.<\/p>\n<p style=\"text-align: justify;\"><strong><em>Sivil anayasa<\/em><\/strong><\/p>\n<p style=\"text-align: justify;\">&#8220;T\u00fcrkiye&#8217;de demokrasinin standartlar\u0131n\u0131 ger\u00e7ek manada y\u00fckseltecek olan \u015fey, demokratik ve sivil bir anayasad\u0131r&#8221; diyen Atalay, mevcut anayasan\u0131n her a\u00e7\u0131dan toplumun gerisinde kald\u0131\u011f\u0131n\u0131 savundu.<\/p>\n<p style=\"text-align: justify;\">Atalay, &#8220;Milletimiz bu anayasay\u0131 hak etmemektedir. Bu nedenle, m\u00fcmk\u00fcn olan en geni\u015f toplumsal kat\u0131l\u0131m ve mutabakatla, \u00e7o\u011fulcu ve \u00f6zg\u00fcrl\u00fck\u00e7\u00fc bir anayasan\u0131n haz\u0131rlanmas\u0131 gerekmektedir&#8221; dedi.<\/p>\n<p style=\"text-align: justify;\"><strong><em>Slogan<\/em><\/strong><\/p>\n<p style=\"text-align: justify;\">Atalay, &#8220;Demokratik a\u00e7\u0131l\u0131m\u0131n slogan\u0131 &#8216;herkes i\u00e7in daha fazla \u00f6zg\u00fcrl\u00fck&#8217;t\u00fcr. Biz, herkes i\u00e7in daha fazla haklar, daha fazla \u00f6zg\u00fcrl\u00fck ve daha fazla demokrasi diyoruz. Bu, T\u00fcrkiye&#8217;yi zay\u0131flatmaz, tersine g\u00fc\u00e7lendirir&#8221; dedi.<\/p>\n<p style=\"text-align: justify;\"><strong><em>DTP (Ahmet T\u00fcrk) <\/em><\/strong><\/p>\n<p style=\"text-align: justify;\"><strong><em>&#8220;Silahlar b\u0131rak\u0131l\u0131r&#8221;<\/em><\/strong><\/p>\n<p style=\"text-align: justify;\">&#8211; Ciddi bir \u00e7\u00f6z\u00fcm \u00f6nerisi g\u00f6r\u00fcl\u00fcrse silahlar 3 ay i\u00e7inde T\u00fcrkiye g\u00fcndeminden kalkar<\/p>\n<p style=\"text-align: justify;\">&#8211; TBMM&#8217;de bulunan b\u00fct\u00fcn partilerin temsil edilece\u011fi bir komisyon kurulsun. Madem bu sorun bizim sorunumuzdur, madem \u00e7\u00f6z\u00fcm\u00fcn\u00fc de biz kendimiz bulaca\u011f\u0131z, o halde h\u00fck\u00fcmet bu s\u00fcreci art\u0131k kapal\u0131 kap\u0131lar ard\u0131nda y\u00fcr\u00fct\u00fcp s\u00fcreci buland\u0131rmak yerine Meclis&#8217;e teslim etmelidir.<\/p>\n<p style=\"text-align: justify;\">&#8211; Komisyon ters y\u00fcz edilmi\u015f tarih anlay\u0131\u015f\u0131n\u0131 sorgulayarak, ger\u00e7ekleri a\u00e7\u0131\u011fa \u00e7\u0131karabilmelidir. Hakikatleri ara\u015ft\u0131r\u0131p, kimin nerede hangi hatalar\u0131 yapt\u0131\u011f\u0131n\u0131, \u00fclkenin hangi d\u00f6neme\u00e7lerde, zay\u0131flat\u0131l\u0131p teslim al\u0131nmaya \u00e7al\u0131\u015f\u0131ld\u0131\u011f\u0131n\u0131 ortaya \u00e7\u0131karmal\u0131d\u0131r. Ge\u00e7mi\u015fle y\u00fczle\u015fme noktas\u0131nda cesur olmadan; Cumhuriyet, elitlerin i\u015fgalinden kurtar\u0131l\u0131p demokratik bir hale getirilemez.<\/p>\n<p style=\"text-align: justify;\"><strong><em>&#8220;PKK bir sonu\u00e7tur&#8221;<\/em><\/strong><\/p>\n<p style=\"text-align: justify;\">&#8211; Sorunlar\u0131n \u00fcst\u00fcne \u015fiddetle gidildi, tepkilerin nedenleri do\u011fru analiz edilmedi, demokratikle\u015fme hamleleriyle yakla\u015f\u0131lmad\u0131. Bunlar yap\u0131lm\u0131\u015f olsayd\u0131; bug\u00fcn 40 bin \u00f6l\u00fcden, binlerce faili me\u00e7hulden bahsetmeyecektik. Bo\u015falt\u0131lm\u0131\u015f \u00fc\u00e7 bin k\u00f6yden, g\u00f6\u00e7e zorlanan milyonlardan, yitip giden y\u00fczlerce milyar dolardan s\u00f6z ediyor olmayacakt\u0131k. Ta\u015f att\u0131\u011f\u0131 i\u00e7in, hapislere t\u0131k\u0131lan y\u00fczlerce \u00e7ocu\u011fun dram\u0131 ile y\u00fcz y\u00fcze kalmayacakt\u0131k.<\/p>\n<p style=\"text-align: justify;\">&#8211; \u0130\u015fte, tam bu noktada, PKK&#8217;n\u0131n bir sonu\u00e7 oldu\u011funu ifade etmek istiyorum. PKK, devletin ve h\u00fck\u00fcmetlerin siyasal hatalar\u0131 neticesinde ortaya \u00e7\u0131km\u0131\u015f bir sonu\u00e7tur.<\/p>\n<p style=\"text-align: justify;\"><a href=\"http:\/\/www.korhanyilmaz.com\/wp-content\/uploads\/2009\/11\/TURK.jpg\"  class=\"lightview\"><img loading=\"lazy\" decoding=\"async\" class=\"alignleft size-full wp-image-16528\" style=\"margin-left: 10px; margin-right: 10px;\" title=\"TURK\" src=\"http:\/\/www.korhanyilmaz.com\/wp-content\/uploads\/2009\/11\/TURK.jpg\" alt=\"\" width=\"237\" height=\"273\" \/><\/a><strong><em>&#8220;L\u00fctfen empati yap\u0131n&#8221;<\/em><\/strong><\/p>\n<p style=\"text-align: justify;\">&#8211; E\u011fer e\u015fit yurtta\u015f oldu\u011fumuzu, hi\u00e7bir sorunumuz olmad\u0131\u011f\u0131n\u0131 iddia ediyorsan\u0131z, l\u00fctfen biraz empati yap\u0131n. Bir an d\u00fc\u015f\u00fcn\u00fcn; Birileri \u00e7\u0131ksa ve &#8216;yery\u00fcz\u00fcnde T\u00fcrk\u00e7e diye bir dil yoktur&#8217; dese ve tek kelime K\u00fcrt\u00e7e bilmeyen sizin \u00e7ocu\u011funuza, zorla K\u00fcrt\u00e7e e\u011fitim yapt\u0131rsa, kendinizi e\u015fit yurtta\u015f olarak hissedebilir misiniz bu \u00fclkede? Bu haks\u0131zl\u0131\u011fa kar\u015f\u0131 \u00e7\u0131kmazsan\u0131z, insanl\u0131k onurunuzu koruyabilir misiniz? Eminim bunun d\u00fc\u015f\u00fcncesi bile, baz\u0131lar\u0131n\u0131z\u0131n t\u00fcylerini diken diken ediyordur.<\/p>\n<p style=\"text-align: justify;\">&#8211; \u0130nsan\u0131n kendi \u00fclkesinde, kendi anavatan\u0131nda, kendi devleti taraf\u0131ndan dilinin inkar edilmesi, yasaklanmas\u0131, yok say\u0131lmas\u0131 nas\u0131l bir travma yarat\u0131r? Bunu anlayabilir misiniz? \u0130\u015fte, d\u00fc\u015f\u00fcncesi bile, sizin t\u00fcylerinizi diken diken eden bu trajediyi biz y\u0131llard\u0131r ya\u015f\u0131yoruz. Hi\u00e7 de\u011filse onurumuzu korumak i\u00e7in, bu politikalara kar\u015f\u0131 \u00e7\u0131k\u0131yoruz.<\/p>\n<p style=\"text-align: justify;\"><strong><em>&#8220;Asimilasyon politikalar\u0131&#8221;<\/em><\/strong><\/p>\n<p style=\"text-align: justify;\">&#8211; Bu mesele bir K\u00fcrt-T\u00fcrk meselesi de\u011fildir. T\u00fcrk halk\u0131na kar\u015f\u0131 bir tutum da de\u011fildir. Asimilasyon politikalar\u0131na kar\u015f\u0131 bir tutumdur. \u0130nkar edilmi\u015f, yok say\u0131lm\u0131\u015f bir dili ve k\u00fclt\u00fcr\u00fc savunmay\u0131 da etnik milliyet\u00e7ilik olarak tan\u0131mlayanlar\u0131 halk\u0131n vicdan\u0131na havale ediyoruz.<\/p>\n<p style=\"text-align: justify;\">&#8211; Ortada resmi olarak kabul edilmi\u015f bir etnik kimlik bile yokken &#8216;bu kimlik vard\u0131r&#8217; demenin neresi milliyet\u00e7iliktir, neresi \u0131rk\u00e7\u0131l\u0131kt\u0131r? As\u0131l etnik milliyet\u00e7iler, vatanda\u015flar\u0131na tek etnik kimli\u011fi dayatanlard\u0131r. \u0130\u011fneyi kendine bat\u0131rmay\u0131p da \u00e7uvald\u0131z\u0131 bize bat\u0131ranlard\u0131r.<\/p>\n<p style=\"text-align: justify;\">&#8211; Devletin zihniyet d\u00fcnyas\u0131nda de\u011fi\u015fiklik yapmadan sorun \u00e7\u00f6z\u00fclmez.<\/p>\n<p style=\"text-align: justify;\">&#8220;\u0130\u00e7i bo\u015falt\u0131lm\u0131\u015f karde\u015flik s\u00f6ylemleri&#8221;<\/p>\n<p style=\"text-align: justify;\">&#8211; Halklar aras\u0131nda \u00e7at\u0131\u015fma olmamas\u0131 kazan\u0131md\u0131r<\/p>\n<p style=\"text-align: justify;\">&#8211; \u0130\u00e7i bo\u015falt\u0131lm\u0131\u015f karde\u015flik s\u00f6ylemleri sorunu \u00e7\u00f6zmez<\/p>\n<p style=\"text-align: justify;\"><strong><em>&#8220;Bayrakla sorun yok&#8221;<\/em><\/strong><\/p>\n<p style=\"text-align: justify;\">&#8211; Kimsenin bayrakla, s\u0131n\u0131rlarla bir sorunu yoktur olamaz<\/p>\n<p style=\"text-align: justify;\">&#8211; \u00dclkenin ortak dili T\u00fcrk\u00e7edir. T\u00fcrk\u00e7e olmaya da devam eder. Kendi anadilinde e\u011fitim yapacaklar i\u00e7in de T\u00fcrk\u00e7e ortak de\u011fer olarak korunur.<\/p>\n<p style=\"text-align: justify;\"><strong><em>&#8220;G\u00f6lge etmeyin&#8230;&#8221;<\/em><\/strong><\/p>\n<p style=\"text-align: justify;\">&#8211; Bu ABD projesidir diye h\u00fck\u00fcmeti k\u00fc\u00e7\u00fck d\u00fc\u015f\u00fcrmeyi do\u011fru bulmuyoruz. ABD ve Avrupa katk\u0131 sunacaksa tamam. Ama tekrar \u00e7at\u0131\u015fma ortam\u0131na g\u00f6t\u00fcrecekse &#8216;g\u00f6lge etmeyin, ba\u015fka ihsan istemez&#8217; diyebilmeliyiz.<\/p>\n<p style=\"text-align: justify;\">&#8211; Biz s\u00fcrecin d\u0131\u015f\u0131na itilmek isteniyoruz ama umudumuzu yitirmedik.<\/p>\n<p style=\"text-align: justify;\"><strong><em>Askeri operasyonlar<\/em><\/strong><\/p>\n<p style=\"text-align: justify;\">&#8211; Sorunun art\u0131k askere havale edilmemesi ve \u00f6l\u00fcmlerin durmas\u0131 ad\u0131na s\u00fcreci destekledik. Ama h\u00fck\u00fcmetin askeri operasyonda \u0131srar\u0131 \u00f6l\u00fcmleri durdurmad\u0131\u011f\u0131 gibi s\u00fcreci ilerletemedi.<\/p>\n<p style=\"text-align: justify;\">&#8211; Siyasi ve ekonomik rantlar\u0131 i\u00e7in bu ac\u0131lar\u0131n s\u00fcrmesini isteyenlere kar\u015f\u0131 demokrasi m\u00fccadelemiz s\u00fcrecek<\/p>\n<p style=\"text-align: justify;\">&#8211; Demokrasi ekonomisiz, ekonomi demokrasisiz olmaz<\/p>\n<p style=\"text-align: justify;\"><strong><em>\u0130syanlar<\/em><\/strong><\/p>\n<p style=\"text-align: justify;\">&#8211; \u015eeyh Sait \u0130syan\u0131 da A\u011fr\u0131 ve Dersim olaylar\u0131 da do\u011fru okunamad\u0131. Bozulan d\u00fczeni yeniden tesis etme ad\u0131na, ak\u0131l almaz bask\u0131lar, katliamlar uyguland\u0131. D\u00f6nemin Erkan\u0131 Harbiye kurumunun, h\u00fck\u00fcmete sundu\u011fu raporda, &#8216;Dersimli ok\u015fanmakla kazan\u0131lmaz. Silahl\u0131 kuvvetin m\u00fcdahalesi, Dersimli&#8217;ye daha \u00e7ok tesir yapar ve \u0131slah\u0131n esas\u0131n\u0131 te\u015fkil eder&#8217; diyor ve ondan sonra ya\u015fanan trajediler biliniyor. Munzur suyunun nas\u0131l k\u0131z\u0131la boyand\u0131\u011f\u0131 resmi tarih\u00e7iler taraf\u0131ndan yaz\u0131lmam\u0131\u015f olsa da halk taraf\u0131ndan ku\u015faktan ku\u015fa\u011fa aktar\u0131lan ger\u00e7ekler sayesinde \u00e7ok iyi biliniyor. D\u00fczenin niye bozuldu\u011funun \u00fcst\u00fcnde durulmad\u0131, ara\u015ft\u0131r\u0131lmad\u0131. O d\u00f6nemlerde ya\u015fananlar\u0131n \u00fcst\u00fc \u00f6rt\u00fcld\u00fc\u011f\u00fc yetmezmi\u015f gibi bug\u00fcn bile ayn\u0131 zihniyetin temsilcileri \u00e7\u0131k\u0131p bu y\u00f6ntemleri bir daha uygulamaktan s\u00f6z etme cesaretini g\u00f6sterebiliyor. O d\u00f6nemin sorumlu siyaset\u00e7ilerini, nas\u0131l etkisiz hale getirdilerse, \u015fimdi de bu mant\u0131\u011f\u0131 aynen devam ettirmek isteyenler oldu\u011funu g\u00f6r\u00fcyoruz.<\/p>\n<p style=\"text-align: justify;\"><strong><em>Ba\u015fbakan&#8217;dan alk\u0131\u015f <\/em><\/strong><\/p>\n<p style=\"text-align: justify;\">T\u00fcrk&#8217;\u00fcn konu\u015fmas\u0131n\u0131, Ba\u015fbakan Recep Tayyip Erdo\u011fan ba\u015fta olmak \u00fczere, AK Parti&#8217;li milletvekilleri alk\u0131\u015flarken, DTP&#8217;li milletvekilleri de ayakta alk\u0131\u015flad\u0131.<\/p>\n<p style=\"text-align: justify;\"><strong><em>MHP (Devlet Bah\u00e7eli) <\/em><\/strong><\/p>\n<p style=\"text-align: justify;\">&#8220;\u0130\u015fte buraday\u0131z! Ne konu\u015faca\u011f\u0131z?&#8221;<\/p>\n<p style=\"text-align: justify;\">&#8211; Meclis 89 y\u0131ll\u0131k tarihinin en talihsiz g\u00fcn\u00fcn\u00fc ya\u015f\u0131yor.<\/p>\n<p style=\"text-align: justify;\">&#8211; Bug\u00fcn burada neyi konu\u015faca\u011f\u0131z; nas\u0131l b\u00f6l\u00fcnece\u011fimizi mi, nas\u0131l ayr\u0131laca\u011f\u0131m\u0131z\u0131 m\u0131, karde\u015flerimizi nas\u0131l terk edece\u011fimizi mi? Hangi konuda anla\u015faca\u011f\u0131z; illerimizi kimlere verece\u011fimizi mi, \u015fehitlerimize nas\u0131l ihanet edece\u011fimiz mi, gazilerimizi bir kez daha nas\u0131l yaralayaca\u011f\u0131m\u0131z\u0131 m\u0131, asker, polis ve korucular\u0131m\u0131z\u0131n hat\u0131ralar\u0131n\u0131 nas\u0131l ayaklar alt\u0131na alaca\u011f\u0131m\u0131z\u0131 m\u0131? Aylard\u0131r g\u00f6r\u00fc\u015fmek istiyordunuz, i\u015fte buraday\u0131z. Bizden istedi\u011finiz nedir, bunlar\u0131n hangisi tart\u0131\u015f\u0131p uzla\u015faca\u011f\u0131z?<\/p>\n<p style=\"text-align: justify;\">&#8211; T\u00fcrkiye b\u00fct\u00fcn olur bu oya gelmez. Uyar\u0131yorum; MHP bayra\u011fa kem g\u00f6zle bakanlar\u0131n hakk\u0131ndan gelir.<\/p>\n<p style=\"text-align: justify;\"><strong><em>&#8220;PKK a\u00e7\u0131l\u0131m\u0131&#8221;<\/em><\/strong><\/p>\n<p style=\"text-align: justify;\">&#8211; A\u00e7\u0131l\u0131m\u0131n amac\u0131 iyi anla\u015f\u0131lmal\u0131d\u0131r. PKK a\u00e7\u0131l\u0131m\u0131 ile ama\u00e7lanan ter\u00f6rle yap\u0131lamayan\u0131n siyasetle yap\u0131lmas\u0131d\u0131r.<\/p>\n<p style=\"text-align: justify;\">&#8211; AK Parti ter\u00f6r\u00fcn s\u0131f\u0131r noktas\u0131na geldi\u011fi bir T\u00fcrkiye devrald\u0131. Etnik b\u00f6l\u00fcc\u00fcl\u00fck c\u00fcret ve merci kazanm\u0131\u015ft\u0131r. AK Parti ter\u00f6r \u00f6rg\u00fct\u00fcne teslim olma, m\u00fczakere noktas\u0131nda. Y\u00fcce Meclis bug\u00fcn bu y\u0131k\u0131m projesini g\u00f6r\u00fc\u015f\u00fcyor.<\/p>\n<p style=\"text-align: justify;\"><strong><em>&#8220;Ha\u00e7l\u0131 zihniyetinin ismi de\u011fi\u015fti&#8221;<\/em><\/strong><\/p>\n<p style=\"text-align: justify;\">&#8211; Bu vatan bin y\u0131l \u00f6nce ger\u00e7ek sahibini buldu. Bunun ad\u0131 T\u00fcrk milletidir. K\u00f6kenlerin, mezheplerin \u00fczerinde bir maddi ve manevi ba\u011f ile birle\u015filmi\u015ftir. K\u00f6kenimiz, dinimiz, mezhebimiz ne olursa olsun, bizim ad\u0131m\u0131z T\u00fcrk milletidir. Buran\u0131n ad\u0131 T\u00fcrkiye, milleti ise T\u00fcrk milletidir.<\/p>\n<p style=\"text-align: justify;\">&#8211; Ya bir ve b\u00fct\u00fcn olaca\u011f\u0131z ya da T\u00fcrk milleti buradan at\u0131lacak ve tarihten silinecek. Bir yanda T\u00fcrk milleti, bir yanda Ha\u00e7l\u0131 zihniyeti. Bug\u00fcn ad\u0131n\u0131n de\u011fi\u015fmesi ama\u00e7lar\u0131n\u0131n de\u011fi\u015fti\u011fini g\u00f6stermez. Co\u011frafyam\u0131z tart\u0131\u015f\u0131l\u0131rsa milletimiz, milletimiz tart\u0131\u015f\u0131l\u0131rsa bayra\u011f\u0131m\u0131z ortadan kalkacak. Bunlar ne fantazi, ne vehim, ne sendrom, ne paranoyad\u0131r.<\/p>\n<p style=\"text-align: justify;\"><a href=\"http:\/\/www.korhanyilmaz.com\/wp-content\/uploads\/2009\/11\/BAHCEL\u01301.jpg\"  class=\"lightview\"><img loading=\"lazy\" decoding=\"async\" class=\"aligncenter size-full wp-image-16529\" src=\"http:\/\/www.korhanyilmaz.com\/wp-content\/uploads\/2009\/11\/BAHCEL\u01301.jpg\" alt=\"\" width=\"406\" height=\"280\" \/><\/a><\/p>\n<p style=\"text-align: justify;\"><strong><em>&#8220;Demokrasi ambalaj\u0131&#8221;<\/em><\/strong><\/p>\n<p style=\"text-align: justify;\">&#8211; H\u00fck\u00fcmetin K\u00fcrt a\u00e7\u0131l\u0131m\u0131 k\u0131sa zamanda demokrasi ambalaj\u0131n\u0131n arkas\u0131na sakland\u0131. Emperyal fikir ve emellerin s\u0131\u011f\u0131nd\u0131\u011f\u0131 en \u00f6nemli s\u0131\u011f\u0131nak demokrasidir.<\/p>\n<p style=\"text-align: justify;\">&#8211; \u00dclkemizin bir b\u00f6l\u00fcm\u00fcnde e\u015fitsizlik var ise bu y\u0131llar\u0131n ihmaliyle olu\u015fmu\u015f ekonomik yoksunluktur. Kat\u0131 feodal yap\u0131 ve ter\u00f6r\u00fcn sebep oldu\u011fu ferdi \u00f6zg\u00fcrle\u015fme sorunudur. Sosyal ve ekonomik tedbirler al\u0131nmal\u0131d\u0131r. 7 y\u0131ld\u0131r i\u015fba\u015f\u0131ndas\u0131n\u0131z. Yapsayd\u0131n\u0131z. Hala da yapabilirsiniz.<\/p>\n<p style=\"text-align: justify;\"><strong><em>&#8220;Herkes anas\u0131n\u0131n dilini konu\u015fabilir&#8221;<\/em><\/strong><\/p>\n<p style=\"text-align: justify;\">&#8211; Kim anas\u0131n\u0131n dili nedeniyle siyasete, y\u00f6netime, b\u00fcrokrasiye giremedi\u011fini s\u00f6yleyebilir? Kim Cumhurba\u015fkan\u0131, ba\u015fbakan, profes\u00f6r, milletvekili, b\u00fcrokrat olamayaca\u011f\u0131n\u0131 s\u00f6yleyebilir?<\/p>\n<p style=\"text-align: justify;\">&#8211; Herkes anas\u0131n\u0131n dilini konu\u015fup konu\u015fmamakta serbesttir. Ancak resmi dilin d\u0131\u015fy\u0131ndaki ikinci bir dilin kamusal alanda resmiyet kazanmas\u0131 milletin birlik ve beraberli\u011fini durduracakt\u0131r.<\/p>\n<p style=\"text-align: justify;\"><em><strong>&#8220;B\u00f6l\u00fcnme yasalar\u0131n\u0131 \u00e7\u0131kart\u0131n!&#8221;<\/strong><\/em><\/p>\n<p style=\"text-align: justify;\">&#8211; Sandalye say\u0131n\u0131z yeterlidir. B\u00f6l\u00fcnme orta\u011f\u0131n\u0131zla elele verip b\u00f6l\u00fcnme yasalar\u0131n\u0131 \u00e7\u0131kartabiliyorsan\u0131z \u00e7\u0131kart\u0131n\u0131z<\/p>\n<p style=\"text-align: justify;\">&#8211; Sanal a\u00e7\u0131l\u0131m paketleriyle milletimizin ufalanmas\u0131na g\u00f6z yummayaca\u011f\u0131z.<\/p>\n<p style=\"text-align: justify;\">&#8211; B\u00fct\u00fcn ter\u00f6ristler silahlar\u0131yla teslim olmal\u0131d\u0131r.<\/p>\n<p style=\"text-align: justify;\"><strong><em>CHP (Deniz Baykal)<\/em><\/strong><\/p>\n<p style=\"text-align: justify;\"><strong><em>&#8220;\u0130ktidar ne yapacak?&#8221;<\/em><\/strong><\/p>\n<p style=\"text-align: justify;\">&#8211; \u0130ktidar arac\u0131l\u0131\u011f\u0131yla ilk TBMM uluslararas\u0131 m\u00fccadelesinin tersine \u00e7evrilecek bir olaya tan\u0131kl\u0131k ediyor. Bu giri\u015fim \u00f6nemli bir k\u0131r\u0131lmad\u0131r.<\/p>\n<p style=\"text-align: justify;\">&#8211; A\u00e7\u0131l\u0131m\u0131n analar\u0131n g\u00f6zya\u015f\u0131n\u0131 dindirmek amac\u0131yla yap\u0131ld\u0131\u011f\u0131 duygusu yarat\u0131l\u0131yor ama nas\u0131l sorusunun yan\u0131t\u0131 belirsiz. \u0130ktidar ne yapaca\u011f\u0131n\u0131 bir t\u00fcrl\u00fc s\u00f6ylemiyor.<\/p>\n<p style=\"text-align: justify;\">&#8211; Ba\u015fbakan hazmettire hazmettire yapaca\u011f\u0131n\u0131 s\u00f6yl\u00fcyor. Zaman\u0131 var diyor, al\u0131\u015ft\u0131ra al\u0131\u015ft\u0131ra, hazmettire hazmettire diyor.<\/p>\n<p style=\"text-align: justify;\"><strong><em>Ba\u015fbakan&#8217;\u0131n Habur s\u00f6zleri<\/em><\/strong><\/p>\n<p style=\"text-align: justify;\">&#8211; T\u00fcrkiye&#8217;le gelen PKK&#8217;l\u0131lar ellerinde mektuplar\u0131yla, el\u00e7i olarak geldiler. \u00d6calan&#8217;\u0131n onlar\u0131 g\u00f6nderdi\u011fini ifade ettiler. Emirle geliyoruz, liderimiz \u00d6calan demi\u015flerdir. PKK \u00f6rg\u00fct\u00fcn\u00fcn \u00fcyesi olduklar\u0131n\u0131 iftiharla ifade etmi\u015flerdir.<\/p>\n<p style=\"text-align: justify;\">&#8211; Bu tablo kar\u015f\u0131s\u0131nda Ba\u015fbakan, &#8220;D\u00fcn Habur s\u0131n\u0131r kap\u0131s\u0131nda ya\u015fanan geli\u015fmeler kar\u015f\u0131s\u0131nda umutlanmamak m\u00fcmk\u00fcn m\u00fc? demi\u015ftir. Manzara sorgulanmaya ba\u015flay\u0131nca Ba\u015fbakan DTP y\u00f6neticilerini sorgulamaya ba\u015flam\u0131\u015f ve konumunu yeniden tanzim etmeye \u00e7al\u0131\u015fm\u0131\u015ft\u0131r.<\/p>\n<p style=\"text-align: justify;\"><strong><em>&#8220;\u00c7ad\u0131r mahkemesi&#8221;<\/em><\/strong><\/p>\n<p style=\"text-align: justify;\">&#8211; T\u00fcrkiye&#8217;nin hukuk sistemi katledilmi\u015ftir. Hangi hukuki cambazl\u0131kla, \u00f6rg\u00fct liderinin mesaj\u0131n\u0131 getirererek T\u00fcrkiye s\u0131n\u0131r\u0131na dayanan bir grup insana, bizim hukuk sistemimiz nas\u0131l olur da bir su\u00e7 te\u015fkil etmedi\u011fi anlay\u0131\u015f\u0131yla kararlar \u00fcretir? Geceyar\u0131s\u0131 orada, aya\u011fa ta\u015f\u0131nm\u0131\u015f bir mobil mahkemeyle, bir \u00e7ad\u0131r mahkemesiyle b\u00f6yle bir h\u00fck\u00fcm verir? Bu nas\u0131l oluyor da oluyor?<\/p>\n<p style=\"text-align: justify;\"><a href=\"http:\/\/www.korhanyilmaz.com\/wp-content\/uploads\/2009\/11\/BAYKAL2.jpg\"  class=\"lightview\"><img loading=\"lazy\" decoding=\"async\" class=\"alignleft size-full wp-image-16530\" style=\"margin-left: 10px; margin-right: 10px;\" title=\"BAYKAL2\" src=\"http:\/\/www.korhanyilmaz.com\/wp-content\/uploads\/2009\/11\/BAYKAL2.jpg\" alt=\"\" width=\"237\" height=\"286\" \/><\/a><strong><em>&#8220;\u00d6calan&#8217;\u0131 tahliye etme&#8230;&#8221;<\/em><\/strong><\/p>\n<p style=\"text-align: justify;\">&#8211; \u00c7al\u0131\u015fman\u0131n hi\u00e7 ku\u015fkusuz bir iktidar aya\u011f\u0131 var, ama oraya o insanlar\u0131 g\u00f6t\u00fcren muhatab\u0131 var. \u0130mral\u0131 aya\u011f\u0131 var. \u00d6calan ile konu\u015fuluyor, resmen telefonla konu\u015fulmuyor ama mutabakat sa\u011flan\u0131yor. PKK-h\u00fck\u00fcmet dirsek temas\u0131 i\u00e7ine girdi. Bu i\u015fbirli\u011finin \u015fart\u0131 olarak PKK&#8217;n\u0131n silah\u0131 b\u0131rakmas\u0131, silahtan vazge\u00e7mesi, d\u00fcnyaya s\u00f6z vermesi gibi bir durum var m\u0131? Hay\u0131r. \u00c7ok a\u00e7\u0131k bir \u015fekilde silah\u0131 b\u0131rakmad\u0131klar\u0131n\u0131 s\u00f6yl\u00fcyorlar.<\/p>\n<p style=\"text-align: justify;\">&#8211; Onlar tabii ki \u015fenlik yapacaklar. Senin verdi\u011fin imkanlar sayesinde (Bu s\u00f6zler \u00fczerine DTP s\u0131ralar\u0131ndan tepki geldi)<\/p>\n<p style=\"text-align: justify;\">&#8211;  \u0130ktidar\u0131n uzun s\u00fcredir \u00d6calan ile temas kurma, onu tatmin etme, gerekirse tahliye etme gib bir aray\u0131\u015fta oldu\u011funu biliyoruz.<\/p>\n<p style=\"text-align: justify;\"><strong><em>\u0130ngiltere-\u0130spanya \u00f6rne\u011fi<\/em><\/strong><\/p>\n<p style=\"text-align: justify;\">&#8211; IRA silah b\u0131rakt\u0131\u011f\u0131n\u0131 ilan edip, uluslararas\u0131 mercilere silalar\u0131n\u0131 b\u0131rakana kadar \u0130ngiltere m\u00fczakere etmemi\u015ftir. \u0130spanya ise, Bask\u0131 ter\u00f6r\u00fcn\u00fc Fransa&#8217;ya ka\u00e7m\u0131\u015f olan Baskl\u0131lar\u0131 Fransa&#8217;n\u0131n \u0130spanya&#8217;ya iade etmesini sa\u011flayarak \u00e7\u00f6zm\u00fc\u015ft\u00fcr. \u015eimdi ilk kez bir h\u00fck\u00fcmet, silah do\u011frultmaktan vazge\u00e7medi\u011fi halde m\u00fczakere ediyor.<\/p>\n<p style=\"text-align: justify;\"><strong><em>&#8220;Devlet etnik k\u00f6r olmak zorunda&#8221;<\/em><\/strong><\/p>\n<p style=\"text-align: justify;\">&#8211; Ben K\u00fcrd\u00fcm demek yasakt\u0131. Ben \u00c7erkezim, Arnavudum demek yasakt\u0131. Biz buna kar\u015f\u0131 \u00e7\u0131kt\u0131k. T\u00fcrkiye bir kafatas\u0131 memleketi de\u011fildir. Kendi anadillerini konu\u015fmak haklar\u0131d\u0131r.<\/p>\n<p style=\"text-align: justify;\">&#8211; Devlet etnik k\u00f6r olmak zorundad\u0131r. Devlet kimsenin etnisitesine kar\u0131\u015fmas\u0131n. Bunu sivil topluma b\u0131rak\u0131n, bu imkan\u0131 sa\u011flay\u0131n. Gerisine kar\u0131\u015fmay\u0131n. Bunun m\u00fccadelesini 20 y\u0131l \u00f6nce verdik. Bir Arnavut, \u00c7erkez hangi hakka sahipse K\u00fcrt de olmal\u0131d\u0131r. Bug\u00fcn en az\u0131ndan hukuk bak\u0131m\u0131ndan problem yok. Bu T\u00fcrkiye&#8217;nin her yerinde hukuk d\u0131\u015f\u0131nda tam bir anlay\u0131\u015fa d\u00f6n\u00fc\u015fmedi.<\/p>\n<p style=\"text-align: justify;\">&#8211; \u015eimdi deniliyor ki bu etnik kimlik millete d\u00f6n\u00fc\u015fs\u00fcn.  Ayr\u0131 bir milli devleti kurmak kimsenin yarar\u0131na olmaz.<\/p>\n<p style=\"text-align: justify;\"><strong><em>&#8220;T\u00fcrk milleti&#8221; kavram\u0131<\/em><\/strong><\/p>\n<p style=\"text-align: justify;\">&#8211; Bu ayr\u0131m\u0131 kimse hissetmiyor, T\u00fcrk milleti hissetmiyor da, PKK hissediyor diye biz de mi hissetmeliyiz? Buradaki T\u00fcrk milleti laf\u0131 bize d\u00fcnyan\u0131n verdi\u011fi bir add\u0131r, etnik bir tan\u0131mlama de\u011fildir. Bize, &#8220;Siz Ermenileri kestiniz&#8221; diyorlar. Onlar acaba &#8220;K\u00fcrtler kesmedi de, etnik T\u00fcrkler kesti&#8221; mi demek istiyor.<\/p>\n<p style=\"text-align: justify;\">&#8211; T\u00fcrkiye&#8217;de ya\u015fayan Arnavut T\u00fcrkiye&#8217;nin Arnavutu, \u00c7erkez T\u00fcrkiye&#8217;nin \u00c7erkezi, K\u00fcrt de T\u00fcrkiye&#8217;nin K\u00fcrd\u00fcd\u00fcr.<\/p>\n<p style=\"text-align: justify;\">&#8211; T\u00fcrkiye&#8217;de bir etnik k\u00f6kene tan\u0131nan t\u00fcm haklar K\u00fcrtlere de tan\u0131nmal\u0131d\u0131r.<\/p>\n<p style=\"text-align: justify;\"><strong><em>&#8220;B\u00f6lgeye te\u015fvik de\u011fil, devlet yat\u0131r\u0131m\u0131 \u015fart&#8221; <\/em><\/strong><\/p>\n<p style=\"text-align: justify;\">&#8211; \u0130\u015fsizlik b\u00fct\u00fcn k\u00f6t\u00fcl\u00fcklerin anas\u0131. Gen\u00e7leri \u00e7aresiz b\u0131rak\u0131yor. Bu \u00e7aresizli\u011fi ortadan kald\u0131rmak laz\u0131m. B\u00fcy\u00fck b\u00fct\u00e7e ay\u0131rmak laz\u0131m. Hala GAP&#8217;\u0131 bitiremedik. Hala sulaman\u0131n y\u00fczde 13&#8217;\u00fc yap\u0131l\u0131yor. Halk\u0131n refah\u0131n\u0131 etkileyecek bir proje. Hala Mardin ovas\u0131 susuz. Orada te\u015fvik uygulamas\u0131 i\u00e7in ekonomik yap\u0131 de\u011fi\u015ftirilemez. O parayla gidip Bat\u0131&#8217;ya yat\u0131r\u0131m yap\u0131yorlar. Yap\u0131lmas\u0131 gereken do\u011frudan devleti devreye sokmak. Oraya fabrikalar\u0131 koyacaks\u0131n\u0131z. Etibank, S\u00fcmerbank, Et Bal\u0131k Kurumu hepsi kapat\u0131ld\u0131. Madeni de\u011ferlendirin. 11 \u00e7ocu\u011fu var, i\u015fi yok. B\u00f6yle bir durumda tabii ter\u00f6re gider. Kendi elimizle yap\u0131yoruz. Zarar ediyor diyorlar. Etsin. Bu bir bar\u0131\u015f projesi. Bunu mutlaka yapacaks\u0131n\u0131z. May\u0131n temizlemesinde de onu de\u011fi\u015ftiremedik. H\u00fck\u00fcmet ba\u015fkalar\u0131na vermek i\u00e7in \u00e7\u0131rp\u0131nd\u0131 ama neyse ki Anayasa Mahkemesi&#8217;nden d\u00f6nd\u00fc.<\/p>\n<p style=\"text-align: justify;\"><strong><em>Kuzey Irak ve PKK<\/em><\/strong><\/p>\n<p style=\"text-align: justify;\">&#8211; Bizim Irak&#8217;tan talebimiz niye yok? Irak, PKK&#8217;n\u0131n bir ter\u00f6r \u00f6rg\u00fct\u00fc oldu\u011funu niye ilan etmiyor? Kandil&#8217;e ula\u015fmak m\u00fcmk\u00fcn de\u011fil. Peki o yollar\u0131 tutmak m\u00fcmk\u00fcn de\u011fil mi?<\/p>\n<p style=\"text-align: justify;\"><strong><em>Ba\u015fbakan&#8217;a &#8220;T\u00fcrk milleti&#8221; \u00e7a\u011fr\u0131s\u0131<\/em><\/strong><\/p>\n<p style=\"text-align: justify;\">&#8211; Ba\u015fbakan&#8217;\u0131n y\u00fcre\u011fini doldura doldura T\u00fcrk milleti dedi\u011fini duymak istiyorum.<\/p>\n<p style=\"text-align: justify;\">&#8211; Biz CHP olarak katk\u0131 ve destek vermeyece\u011fiz. Onlar\u0131 ve i\u015fbirli\u011fi yapt\u0131klar\u0131 insanlar\u0131 hi\u00e7bir zaman desteklemeyece\u011fiz.<\/p>\n<p style=\"text-align: justify;\"><strong><em>Locada protestolar<\/em><\/strong><\/p>\n<p style=\"text-align: justify;\">Baykal&#8217;\u0131n konu\u015fmas\u0131n\u0131n ard\u0131ndan Genel Kurul&#8217;daki izleyici localar\u0131nda bulunan iki gen\u00e7, slogan atarak eylem yapmaya kalk\u0131nca polis taraf\u0131ndan g\u00f6zalt\u0131na al\u0131nd\u0131. \u0130zleyici locas\u0131nda, &#8220;Amerikan a\u00e7\u0131l\u0131m\u0131na ge\u00e7it yok&#8221;, &#8220;Kahrolsun ABD&#8221; diye ba\u011f\u0131ran biri k\u0131z iki gen\u00e7, Salonda bulunan sivil polisler taraf\u0131ndan engellendi ve zorla d\u0131\u015far\u0131 \u00e7\u0131kar\u0131ld\u0131.<\/p>\n<p style=\"text-align: justify;\">D\u0131\u015far\u0131da da ba\u011f\u0131rmaya \u00e7al\u0131\u015fan gen\u00e7ler, polis taraf\u0131ndan a\u011f\u0131zlar\u0131 kapat\u0131larak engellendi. Gazetecilerin, nereden geldiklerini sormas\u0131na, &#8220;T\u00fcrkiye Gen\u00e7lik Birli\u011fi&#8221; yan\u0131t\u0131n\u0131 veren gen\u00e7ler, bir arabaya bindirilerek TBMM yerle\u015fkesinden karakola g\u00f6t\u00fcr\u00fcld\u00fc.<\/p>\n<p style=\"text-align: center;\"><a href=\"http:\/\/www.korhanyilmaz.com\/wp-content\/uploads\/2009\/11\/EYLEMC\u0130.jpg\"  class=\"lightview\"><img loading=\"lazy\" decoding=\"async\" class=\"aligncenter size-full wp-image-16531\" title=\"EYLEMC\u0130\" src=\"http:\/\/www.korhanyilmaz.com\/wp-content\/uploads\/2009\/11\/EYLEMC\u0130.jpg\" alt=\"\" width=\"406\" height=\"140\" \/><\/a><\/p>\n<p style=\"text-align: justify;\"><strong><em>\u0130kinci eylem <\/em><\/strong><\/p>\n<p style=\"text-align: justify;\">\u015eehit Anneleri Derne\u011fi Ba\u015fkan\u0131 Pakize Akbaba, Mecliste izleyici locas\u0131nda otururken bayrak a\u00e7arak ba\u011f\u0131rmaya ba\u015flamas\u0131 \u00fczerine polis taraf\u0131ndan engellenerek d\u0131\u015far\u0131 \u00e7\u0131kar\u0131ld\u0131. AK Parti Adana Milletvekili \u00d6mer \u00c7elik&#8217;in konu\u015fmas\u0131 s\u0131rada \u0130zleyici Locas\u0131nda bulunan Akbaba, bayrak a\u00e7arak, ba\u011f\u0131rmaya \u00e7al\u0131\u015ft\u0131.<\/p>\n<p style=\"text-align: justify;\"><a href=\"http:\/\/www.korhanyilmaz.com\/wp-content\/uploads\/2009\/11\/EYLEM2.jpg\"  class=\"lightview\"><img loading=\"lazy\" decoding=\"async\" class=\"alignleft size-full wp-image-16533\" style=\"margin-left: 10px; margin-right: 10px;\" title=\"EYLEM2\" src=\"http:\/\/www.korhanyilmaz.com\/wp-content\/uploads\/2009\/11\/EYLEM2.jpg\" alt=\"\" width=\"296\" height=\"390\" \/><\/a>\u0130\u00e7eride bulunan sivil polisler taraf\u0131ndan a\u011fz\u0131 kapat\u0131larak engellenen Akbaba, Genel Kuruldan \u00e7\u0131kar\u0131ld\u0131. Daha sonra Meclis polisleri taraf\u0131ndan Meclisteki polis noktas\u0131na g\u00f6t\u00fcr\u00fclerek sakinle\u015ftirmeye \u00e7al\u0131\u015f\u0131lan Akbaba, burada da a\u00e7\u0131l\u0131m\u0131 protesto etti.<\/p>\n<p style=\"text-align: justify;\">Polisler taraf\u0131ndan sakinle\u015ftirmeye \u00e7al\u0131\u015f\u0131lan Akbaba, elindeki bayra\u011f\u0131 kimsenin alamayaca\u011f\u0131n\u0131 ve kimsenin kendisini Meclisten al\u0131p g\u00f6t\u00fcremeyece\u011fini s\u00f6yledi. Pakize Akbaba, \u015fehit verdi\u011fi evlad\u0131n\u0131n kendisine verilmesini isteyerek, &#8220;PKK&#8217;l\u0131lar\u0131 getirip konu\u015fturuyorsunuz, bizi konu\u015fturmuyorsunuz. Gidin PKK&#8217;l\u0131lar\u0131 \u00e7\u0131kar\u0131n. Susmuyorum&#8221; dedi.<\/p>\n<p style=\"text-align: justify;\">CHP \u0130zmir milletvekilleri Ahmet Ersin ve Canan Ar\u0131tman&#8217;\u0131n gelmesinin ard\u0131ndan k\u0131sa bir s\u00fcre sonra Akbaba, milletvekilleri e\u015fli\u011finde TBMM binas\u0131ndan \u00e7\u0131kar\u0131ld\u0131.<\/p>\n<p style=\"text-align: justify;\">Akbaba, bu s\u0131rada, &#8216;\u015eehit verdim, o bayra\u011f\u0131 her yerde a\u00e7ar\u0131m. O bayrak inmeyecek, PKK bitecek. Benimle ba\u015fa \u00e7\u0131kamazlar&#8221; diye ba\u011f\u0131rd\u0131. Pakize Akbaba, bina d\u0131\u015f\u0131nda ise sivil polisler taraf\u0131ndan g\u00f6zalt\u0131na al\u0131narak arabaya bildirildi ve karakola g\u00f6t\u00fcr\u00fcld\u00fc.<\/p>\n<p style=\"text-align: justify;\"><strong><em>AK Parti (\u00d6mer \u00c7elik) <\/em><\/strong><\/p>\n<p style=\"text-align: justify;\">&#8211; Suni duvarlar yaratmak isteyenler oldu. Alaturka Berlin Duvar\u0131 yaratmak isteyenleri kim engelledi? AK Parti.<\/p>\n<p style=\"text-align: justify;\">&#8211; Kafatas\u00e7\u0131l\u0131k, \u0131rk\u00e7\u0131l\u0131k, tek bir etnik yap\u0131 \u00fczerindeki anlay\u0131\u015f ko\u015fullara uymuyor. Ne yap\u0131lmal\u0131? Demokratikle\u015fmeden ba\u015fka yol var m\u0131?<\/p>\n<p style=\"text-align: justify;\">&#8211; CHP&#8217;nin Tunceli raporu 1996&#8217;da yay\u0131nlanm\u0131\u015f. Sorumlu \u015f\u00f6yle ifade ediliyor; &#8220;Bug\u00fcne dek \u00e7\u00f6z\u00fcm g\u00fcvenlik g\u00fc\u00e7lerine havale edilmi\u015ftir. \u00c7\u00f6z\u00fcm siyaset\u00e7ilerdir&#8221;.<\/p>\n<p style=\"text-align: justify;\">&#8211; Bu sorunu \u00e7\u00f6zmezsek kim zararl\u0131 \u00e7\u0131kacak? \u00d6zellikle milliyet\u00e7i gen\u00e7lere sesleniyorum. Bizim h\u00fck\u00fcmetimizi Damat Ferit h\u00fck\u00fcmetine benzetenler oldu. Bu Damat Ferit h\u00fck\u00fcmeti sadece \u0130stanbul&#8217;da saray\u0131n \u00e7\u0131karlar\u0131n\u0131 ve konforunu d\u00fc\u015f\u00fcnen bir h\u00fck\u00fcmetti. Bug\u00fcn bu yak\u0131\u015ft\u0131rma hi\u00e7bir riske girmeyenlere yak\u0131\u015f\u0131r. T\u00fcrkiye&#8217;nin her taraf\u0131n\u0131 tarayan, her noktas\u0131na ayak basan AK Parti ise ancak ve ancak Kuvayi Milliye&#8217;ye benzetilebilir.<\/p>\n<p style=\"text-align: justify;\">&#8211; Bu \u00fclkede inan\u00e7 gruplar\u0131ndan etnik gruplar\u0131na kadar herkesin demokratikle\u015fmeden kaynaklanan s\u0131k\u0131nt\u0131lar\u0131n\u0131n olmas\u0131 siyaset\u00e7ilere sorumluluk y\u00fckler. Sorumluluktan ka\u00e7mamal\u0131. Siyaset\u00e7iler bunlar\u0131 \u00e7\u00f6zmeli. Bunlar y\u00fcksek siyasi sorumluluk ve siyasi vizyon gerektiren sorunlard\u0131r.<\/p>\n<p style=\"text-align: justify;\">&#8211; Demokratikle\u015fme d\u0131\u015f\u0131nda bir se\u00e7enek var m\u0131d\u0131r?<\/p>\n<p style=\"text-align: justify;\"><strong><em>CHP&#8217;li \u00d6ymen&#8217;e &#8220;Dersim&#8221; ele\u015ftirisi<\/em><\/strong><\/p>\n<p style=\"text-align: justify;\">&#8211; Sal\u0131 g\u00fcn\u00fc Say\u0131n \u00d6ymen Dersim&#8217;den bahsetti. Bilmeyenler i\u00e7in s\u00f6yliyim Tunceli. Konu\u015fan CHP s\u00f6zc\u00fcs\u00fc bug\u00fcnk\u00fc sorunlar\u0131n \u00e7\u00f6z\u00fcm\u00fc i\u00e7in Dersim olaylar\u0131n\u0131 \u00f6rnek g\u00f6steriyor. \u00dcstelik o konu\u015fmas\u0131nda o zaman Yunan birliklerine kar\u015f\u0131 m\u00fccadeleyle bug\u00fcnk\u00fc sorunlar\u0131n \u00e7\u00f6z\u00fcm\u00fcn\u00fc bir g\u00f6r\u00fcyor. Kendi milletine kar\u015f\u0131 bu kadar k\u00f6r bak\u0131labilir mi? Bir emekli diplomat ne \u00f6neriyor? Biliyor musunuz? B\u00f6yle bir mant\u0131k olabilir mi? Yunan devletinin T\u00fcrklere yapt\u0131\u011f\u0131 haks\u0131zl\u0131klar\u0131 \u00f6rnek mi alaca\u011f\u0131z?<\/p>\n<p style=\"text-align: justify;\">&#8211; Dersim olaylar\u0131 gibi olaylar tarihin ac\u0131 olaylar\u0131d\u0131r. B\u0131rak\u0131n bunlar\u0131n tekerr\u00fcr etmesini. Bunlar\u0131 hat\u0131rlamak istemeyiz. Bug\u00fcn i\u00e7in \u00f6rnek g\u00f6sterilmesi tam bir basiretsizliktir.<\/p>\n<p style=\"text-align: justify;\"><strong><em>CHP&#8217;ye ele\u015ftiri<\/em><\/strong><\/p>\n<p style=\"text-align: justify;\">&#8211; &#8220;Hepsi bizim \u00e7ocuklar\u0131m\u0131z. Akmakta olan kan karde\u015f kan\u0131d\u0131r&#8221;. B\u00f6yle diyen bir CHP&#8217;nin a\u00e7\u0131l\u0131ma itiraz etmesinin bir mant\u0131kl\u0131 a\u00e7\u0131klamas\u0131 var m\u0131d\u0131r?<\/p>\n<p style=\"text-align: justify;\">&#8211; Biz bu konuda yap\u0131lan b\u00fct\u00fcn \u00e7al\u0131\u015fmalar\u0131 takip etmekteyiz. AK Parti&#8217;yi b\u00f6l\u00fcc\u00fcl\u00fckle su\u00e7lamas\u0131n\u0131n herhangi bir mant\u0131\u011f\u0131 olabilir mi? B\u00f6l\u00fcc\u00fcl\u00fck, vatana ihanet ya da \u0130mral\u0131&#8217;ya i\u015fbirli\u011fi gibi ele\u015ftirilerden sonra birilerinden de \u00e7\u0131k\u0131p Ergenekon&#8217;la, \u00e7etelerle i\u015fbirli\u011fi yap\u0131yorsunuz demelerine yol a\u00e7maz m\u0131s\u0131n\u0131z?&#8221;<\/p>\n<p style=\"text-align: justify;\">&#8211; Yurtd\u0131\u015f\u0131nda bayraklarla ismine g\u00f6steri yap\u0131lan tek lider Say\u0131n Ba\u015fbakan\u0131m\u0131zd\u0131r. Atat\u00fcrk&#8217;\u00fc ayr\u0131 tutarak s\u00f6yl\u00fcyorum. Ba\u015fbakan\u0131m\u0131za kar\u015f\u0131 sayg\u0131l\u0131 olmak gereklidir.<\/p>\n<p style=\"text-align: justify;\">&#8211; &#8220;Ter\u00f6r sorunu ayr\u0131d\u0131r K\u00fcrt sorunu ayr\u0131d\u0131r. Bug\u00fcn bize demokratikle\u015fme ad\u0131mlar\u0131 at\u0131yorsunuz. Peki ter\u00f6r\u00fc bitirece\u011finizin garantisi var m\u0131 yoksa \u0130mral\u0131&#8217;yla i\u015fbirli\u011fi yapars\u0131n\u0131z&#8221; diyen CHP&#8217;nin eski raporunda &#8220;demokratikle\u015fme yapmadan ter\u00f6r\u00fc bitirme \u015fans\u0131 yoktur&#8221; denilmedi mi? Merhum \u0130smail Cem kitapta bunu a\u00e7\u0131kl\u0131yor.<\/p>\n<p style=\"text-align: justify;\">&#8211; Peki CHP&#8217;nin bu kan\u0131 durdurmak i\u00e7in \u00f6nerdi\u011fi somut bir\u015fey var m\u0131? Ee buyrun Irak&#8217;a ziyaret yap\u0131n siz s\u00f6yleyin.<\/p>\n<p style=\"text-align: justify;\">&#8211; Bu konunun ileride ya\u015fataca\u011f\u0131 sorunlar\u0131n fark\u0131na vararak ad\u0131m ad\u0131mlardan biri de merhum Say\u0131n T\u00fcrke\u015f&#8217;tir.<\/p>\n<p style=\"text-align: justify;\"><a href=\"http:\/\/www.korhanyilmaz.com\/wp-content\/uploads\/2009\/11\/CEL\u0130K.jpg\"  class=\"lightview\"><img loading=\"lazy\" decoding=\"async\" class=\"aligncenter size-full wp-image-16532\" src=\"http:\/\/www.korhanyilmaz.com\/wp-content\/uploads\/2009\/11\/CEL\u0130K.jpg\" alt=\"\" width=\"487\" height=\"252\" \/><\/a><\/p>\n<p style=\"text-align: justify;\"><strong>Bah\u00e7eli&#8217;ye ele\u015ftiri<\/strong><\/p>\n<p style=\"text-align: justify;\">&#8211; Say\u0131n Devlet Bah\u00e7eli&#8217;yi beraber okuyal\u0131m. 19 Aral\u0131k 2008&#8217;de Say\u0131n Bah\u00e7eli&#8217;nin bas\u0131n mensuplar\u0131yla kahvalt\u0131da yapt\u0131\u011f\u0131 konu\u015fmada dediklerini hep beraber g\u00f6relim.<\/p>\n<p style=\"text-align: justify;\">&#8211; Say\u0131n Bah\u00e7eli diyor ki. Etnik tart\u0131\u015fmalara beka sorunlar\u0131 yaratmadan \u00e7\u00f6z\u00fcm bulmal\u0131y\u0131z. Bunun yeri TBMM&#8217;dir. Biraz \u00f6nce ise &#8216;bunun burada tart\u0131\u015f\u0131lmas\u0131 talihsizlik&#8217; dedi kendisi. Bu konular Meclis d\u0131\u015f\u0131nda \u00e7\u0131karsa i\u00e7 \u00e7at\u0131\u015fmayla \u015fekillenir, T\u00fcrkiye i\u00e7in yaz\u0131k olur demi\u015fti \u00f6nceki a\u00e7\u0131klamalar\u0131nda. Bak\u0131n\u0131z deniyor ki bize k\u00fcresel g\u00fc\u00e7lerin talimat\u0131yla bu i\u015fleri yap\u0131yorsunuz deniliyor.<\/p>\n<p style=\"text-align: justify;\">&#8211; PKK ile muhatap olan birinden bahsediyorsan\u0131z kap\u0131dan \u00e7\u0131k\u0131n ve aynaya bak\u0131n orada g\u00f6receksiniz.<\/p>\n<p style=\"text-align: justify;\">&#8220;K\u00fcrt k\u00f6kenli vatanda\u015flar\u0131m\u0131za sesleniyorum&#8230;&#8221;<\/p>\n<p style=\"text-align: justify;\">&#8211; Demokratikle\u015fmenin zemini TBMM&#8217;dir.<\/p>\n<p style=\"text-align: justify;\">&#8211; \u00d6zellikle K\u00fcrt k\u00f6kenli vatanda\u015flar\u0131m\u0131za sesleniyorum bunlar\u0131n istedi\u011fi K\u00fcrt k\u00f6kenli vatranda\u015flar\u0131m\u0131z\u0131n haklar\u0131 de\u011fil, kendi \u00e7\u0131karlar\u0131n\u0131 korumakt\u0131r.<\/p>\n<p style=\"text-align: justify;\"><strong><em>T\u00fcrkiye eksen kaymas\u0131nda m\u0131?<\/em><\/strong><\/p>\n<p style=\"text-align: justify;\">&#8211; Bu co\u011frafyan\u0131n sadece jeopolitikle savunulmas\u0131 m\u00fcmk\u00fcn de\u011fildir. \u00c7ok g\u00fc\u00e7l\u00fc bir demokrasiye ihtiya\u00e7 vard\u0131r.<\/p>\n<p style=\"text-align: justify;\">&#8211; Muhalefetin bir \u00e7eli\u015fkisi de bu proje d\u0131\u015f kaynakl\u0131 diyorlar. Ama bir yandan da T\u00fcrkiye&#8217;yi Bat\u0131&#8217;dan koparmak istiyorsunuz deniliyor. O zaman \u0130ran ve di\u011fer kom\u015fular\u0131m\u0131zla ili\u015fki geli\u015ftirmeye neden itiraz ediyorsunuz? T\u00fcrkiye&#8217;nin eksen kaymas\u0131nda oldu\u011funu d\u00fc\u015f\u00fcnenler, s\u00fcreci anlamayanlard\u0131r. T\u00fcrkiye eksen kuran bir \u00fclkedir.<\/p>\n<p style=\"text-align: justify;\"><strong><em>&#8220;B\u00fcy\u00fck bir sorun var&#8221;<\/em><\/strong><\/p>\n<p style=\"text-align: justify;\">-B\u00fcy\u00fck bir sorun var ve bu soruna son derece ivedilikle \u00e7are bulunmal\u0131d\u0131r. Her g\u00fcn Alevi sorununun \u00e7\u00f6z\u00fclmesi i\u00e7in, inan\u00e7 gruplar\u0131n\u0131n s\u0131k\u0131nt\u0131lar\u0131n\u0131n \u00e7\u00f6z\u00fclmesi i\u00e7in muhaklefetin asl\u0131nda \u00e7ok g\u00fc\u00e7l\u00fc bir iradeyle h\u00fck\u00fcmeti s\u0131k\u0131\u015ft\u0131rmas\u0131 gerekirdi. Ancak \u015fimdi h\u00fck\u00fcmet muhalefeti bu konuda s\u0131k\u0131\u015ft\u0131r\u0131yor.<\/p>\n<p style=\"text-align: justify;\">&#8211; Bu sorunun \u00e7\u00f6z\u00fcm\u00fc \u00e7o\u011fulculu\u011fu yok saymamak, vatanda\u015flar\u0131m\u0131z\u0131n incinmi\u015f mensubiyet duygular\u0131 tamir edilmezse, millet i\u00e7inde millet adac\u0131klar\u0131 olu\u015fma ihtimali vard\u0131r. Bak\u0131n 90&#8217;l\u0131 y\u0131llar boyunca 80&#8217;li y\u0131llarda bu ekonomik problemdir denildi daha sonra siyasal problemdir denildi.<\/p>\n<p style=\"text-align: justify;\"><strong><em>&#8220;Sorunu \u00e7\u00f6zmek zorunday\u0131z&#8221;<\/em><\/strong><\/p>\n<p style=\"text-align: justify;\">&#8211; Bunu bir \u015fekilde \u00e7\u00f6zmek zorunday\u0131z. Biz bu sorunu yaratmad\u0131k, ihaleyle de devralmad\u0131k. Ancak bu sorunu \u00e7\u00f6zmek gerekiyor. &#8220;Bu Kalp Seni Unutur mu?&#8221; diye bir dizi var orada Diyarbak\u0131r Cezaevi sahneleri var onlar\u0131 izleyin. Biz b\u00fct\u00fcn ac\u0131 \u00e7eken varanda\u015flar\u0131m\u0131za \u015funu diyoruz AK Parti&#8217;nin kalbi sizi unutmaz. AK Parti olarak sizin yan\u0131n\u0131zday\u0131z.<\/p>\n<p style=\"text-align: justify;\"><strong><em>&#8220;Allah raz\u0131 olsun&#8221;<\/em><\/strong><\/p>\n<p style=\"text-align: justify;\">&#8211; Bu sorunu \u00e7\u00f6zme konusu bize nasip oldu\u011fu i\u00e7in Allah raz\u0131 olsun. Biz bu sorunu \u00e7\u00f6zme konusunda AK Parti olarak \u00e7ok kararl\u0131y\u0131z.<\/p>\n<p style=\"text-align: justify;\">&#8211; Son iki ay i\u00e7erisinde 86 y\u0131ldan daha fazla fikir neden \u00fcretildi.<\/p>\n<p style=\"text-align: justify;\">&#8211; Milletimizin demokratik taleplerini g\u00f6rmezden gelenlerin bilmesi gereken bir\u015fey var. Biz hi\u00e7bir konuda b\u00f6yle gelsin b\u00f6yle gitssin demeyiz. T\u00fcrkiye g\u00fcnlerdir bence \u00e7ok verimli bir tart\u0131\u015fma ya\u015f\u0131yor: GDO tart\u0131\u015fmas\u0131. Bence \u015fu geneti\u011fi de\u011fi\u015ftirilmi\u015f milliyet\u00e7ilik anlay\u0131\u015f\u0131n\u0131 da biraz konu\u015fal\u0131m. Milletimiz m\u00fcsterih olsun milletin, devletin sahibi var, \u00f6zg\u00fcrl\u00fcklerin sahibi var. Kimsenin hakk\u0131n\u0131 ve hukukunu almak i\u00e7in m\u00fccadele etmemesi olma yolunda ya\u015fas\u0131n T\u00fcrkiye Cumhuriyeti.<\/p>\n<p style=\"text-align: justify;\"><strong><em>Ba\u011f\u0131ms\u0131z \u0130stanbul Milletvekili Ufuk Uras <\/em><\/strong><\/p>\n<p style=\"text-align: justify;\">&#8211; K\u00fcrt sorunu ile ilgili \u00e7\u00f6z\u00fcm\u00fcn s\u00fcrd\u00fcr\u00fclebilir olmas\u0131 i\u00e7in toplumsal deste\u011fin al\u0131nmas\u0131 gerekir.<\/p>\n<p style=\"text-align: justify;\">&#8211; K\u00fcrt sorununun yeri ve nedenleri belli. Bu konunun bir asayi\u015f sorunu olarak g\u00f6r\u00fclmemesi gerekli.<\/p>\n<p style=\"text-align: justify;\">&#8211; Sorunun \u00e7\u00f6z\u00fcm\u00fcne ili\u015fkin yap\u0131lacak yeni a\u00e7\u0131l\u0131mlar, beraberinde yeni \u00e7\u00f6z\u00fcmler \u00fcretecektir.<\/p>\n<p style=\"text-align: justify;\">&#8211; Sorunun \u00e7\u00f6z\u00fcm\u00fc i\u00e7in art\u0131k herkesin \u00e7aba sarf etmesi gerekiyor.<\/p>\n<p style=\"text-align: justify;\">&#8211; K\u00fcrt sorunu ile ilgili \u00e7\u00f6z\u00fcm\u00fcn s\u00fcrd\u00fcr\u00fclebilir olmas\u0131 i\u00e7in toplumsal deste\u011fin sa\u011flanmas\u0131 gerekli.<\/p>\n<p style=\"text-align: justify;\"><strong><em>&#8220;Anayasa de\u011fi\u015fmeli&#8221;<\/em><\/strong><\/p>\n<p style=\"text-align: justify;\">&#8211; 12 Eyl\u00fcl Anayasas\u0131&#8217;n\u0131n yerine daha demokratik bir anayasaya ihtiya\u00e7 var.<\/p>\n<p style=\"text-align: justify;\">&#8211; Do\u011fu ve G\u00fcneydo\u011fu Anadolu b\u00f6lgelerinin yeniden aya\u011fa kald\u0131r\u0131lmas\u0131 i\u00e7in \u00e7aba sarf edilmesi gerekiyor.<\/p>\n<p style=\"text-align: justify;\">Uras&#8217;\u0131n, konu\u015fma s\u00fcresinin bitmesi \u00fczerine TBMM Ba\u015fkan\u0131 Mehmet Ali \u015eahin, ek s\u00fcre verdi. Bu s\u0131rada, CHP s\u0131ralar\u0131ndan gelen ele\u015ftirilere Uras yan\u0131t verdi.<\/p>\n<p style=\"text-align: justify;\">&#8211; &#8220;Ben 10 Kas\u0131m&#8217;da, kendimi &#8216;a\u00e7 a\u00e7 gecesinde&#8217; zanneden milletvekillerinden de\u011filim&#8221;<\/p>\n<p style=\"text-align: justify;\"><strong><em>Ba\u015fbakan Erdo\u011fan cevap verdi <\/em><\/strong><\/p>\n<p style=\"text-align: justify;\">K\u00fcrt a\u00e7\u0131l\u0131m\u0131n\u0131n TBMM&#8217;deki genel g\u00f6r\u00fc\u015fmelerinde muhalefet liderlerinin ard\u0131ndan Ba\u015fbakan Recep Tayyip Erdo\u011fan cevaben bir konu\u015fma yapt\u0131. Erdo\u011fan&#8217;\u0131n, &#8220;Bu a\u00e7\u0131l\u0131m\u0131n sonunda rant kap\u0131lar kapanacak olanlar var. Bunlar tabii ki bu s\u00fcrece kar\u015f\u0131 \u00e7\u0131k\u0131yorlar. Hatta \u015fehitler gelsin de daha fazla ba\u011f\u0131ral\u0131m diyenler var&#8221; s\u00f6zleri \u00fczerine CHP salonu terk etti. MHP&#8217;li baz\u0131 vekiller bu s\u00f6zler aya\u011fa kalkt\u0131, Erdo\u011fan &#8220;MHP&#8217;ye g\u00fcle g\u00fcle&#8221; dedi ama Bah\u00e7eli salondan \u00e7\u0131kmad\u0131.<\/p>\n<p style=\"text-align: justify;\">CNN T\u00dcRK<\/p>\n","protected":false},"excerpt":{"rendered":"<p style=\"text-align: justify;\">\n<p style=\"text-align: justify;\">Meclis&#8217;te K\u00fcrt a\u00e7\u0131l\u0131m\u0131n\u0131n genel g\u00f6r\u00fc\u015fmesi yap\u0131ld\u0131. AK Parti grubu ad\u0131na \u00d6mer \u00c7elik&#8217;in s\u00f6z ald\u0131\u011f\u0131 s\u0131rada locada iki ayr\u0131 protesto giri\u015fimi oldu. O ana dek sakin ge\u00e7en oturumda konu\u015fan DTP lideri Ahmet T\u00fcrk, &#8220;Ciddi yakla\u015f\u0131m g\u00f6r\u00fcl\u00fcrse silahlar 3 ay i\u00e7inde b\u0131rak\u0131l\u0131r&#8221;, MHP lideri Devlet Bah\u00e7eli, &#8220;Sanal a\u00e7\u0131l\u0131m paketleriyle milletimizin ufalanmas\u0131na g\u00f6z <\/p>\n","protected":false},"author":1,"featured_media":0,"comment_status":"open","ping_status":"closed","sticky":false,"template":"","format":"standard","meta":{"footnotes":""},"categories":[105],"tags":[],"class_list":["post-16526","post","type-post","status-publish","format-standard","hentry","category-gundem","odd"],"_links":{"self":[{"href":"http:\/\/www.korhanyilmaz.com\/index.php?rest_route=\/wp\/v2\/posts\/16526","targetHints":{"allow":["GET"]}}],"collection":[{"href":"http:\/\/www.korhanyilmaz.com\/index.php?rest_route=\/wp\/v2\/posts"}],"about":[{"href":"http:\/\/www.korhanyilmaz.com\/index.php?rest_route=\/wp\/v2\/types\/post"}],"author":[{"embeddable":true,"href":"http:\/\/www.korhanyilmaz.com\/index.php?rest_route=\/wp\/v2\/users\/1"}],"replies":[{"embeddable":true,"href":"http:\/\/www.korhanyilmaz.com\/index.php?rest_route=%2Fwp%2Fv2%2Fcomments&post=16526"}],"version-history":[{"count":0,"href":"http:\/\/www.korhanyilmaz.com\/index.php?rest_route=\/wp\/v2\/posts\/16526\/revisions"}],"wp:attachment":[{"href":"http:\/\/www.korhanyilmaz.com\/index.php?rest_route=%2Fwp%2Fv2%2Fmedia&parent=16526"}],"wp:term":[{"taxonomy":"category","embeddable":true,"href":"http:\/\/www.korhanyilmaz.com\/index.php?rest_route=%2Fwp%2Fv2%2Fcategories&post=16526"},{"taxonomy":"post_tag","embeddable":true,"href":"http:\/\/www.korhanyilmaz.com\/index.php?rest_route=%2Fwp%2Fv2%2Ftags&post=16526"}],"curies":[{"name":"wp","href":"https:\/\/api.w.org\/{rel}","templated":true}]}}