{"id":16522,"date":"2009-11-13T15:36:34","date_gmt":"2009-11-13T13:36:34","guid":{"rendered":"http:\/\/www.korhanyilmaz.com\/?p=16522"},"modified":"2009-11-13T15:36:34","modified_gmt":"2009-11-13T13:36:34","slug":"adalet-bakanindan-telekulak-odevi","status":"publish","type":"post","link":"http:\/\/www.korhanyilmaz.com\/?p=16522","title":{"rendered":"Adalet Bakan\u0131&#039;ndan telekulak \u00f6devi"},"content":{"rendered":"<p style=\"text-align: center;\"><a href=\"http:\/\/www.korhanyilmaz.com\/wp-content\/uploads\/2009\/11\/bakan.jpg\"  class=\"lightview\"><img loading=\"lazy\" decoding=\"async\" class=\"size-full wp-image-16523 aligncenter\" src=\"http:\/\/www.korhanyilmaz.com\/wp-content\/uploads\/2009\/11\/bakan.jpg\" alt=\"\" width=\"292\" height=\"194\" \/><\/a><\/p>\n<p style=\"text-align: justify;\">Adalet Bakan\u0131 Sadullah Ergin, baz\u0131 yarg\u0131 mensuplar\u0131n\u0131n telefonlar\u0131n\u0131n dinlenilmesi ile ilgili olarak, &#8220;Telefon dinlemelerinden elde edilen delillerle ka\u00e7 hakim, savc\u0131 yarg\u0131lanm\u0131\u015f bir bak\u0131n&#8221; dedi.<\/p>\n<p style=\"text-align: justify;\">Ergin, kuliste gazetecilerin konuya ili\u015fkin sorusunu yan\u0131tlarken, &#8220;Biz daha \u00f6nce baz\u0131 hakim ve savc\u0131lar\u0131n telefonlar\u0131n\u0131n dinlenildi\u011fini zaten kamuoyuyla payla\u015fm\u0131\u015f\u0131z. Burada yeni bir unsur yok. D\u00fcn a\u00e7\u0131klad\u0131k; Yarg\u0131tay&#8217;\u0131n kurumsal olarak dinlenilmesi s\u00f6z konusu de\u011fil&#8221; dedi. <!--more--><\/p>\n<p style=\"text-align: justify;\">Bakan Ergin, &#8220;Teknik dinleme sonucu elde edilen delillerle ka\u00e7 hakim savc\u0131 yarg\u0131lanm\u0131\u015f bir bak\u0131n&#8230; Ka\u00e7 tanesi cezaevine girmi\u015f, ka\u00e7 tanesi yarg\u0131lan\u0131yor, ka\u00e7 tanesi meslekten ihra\u00e7 edilmi\u015f, ka\u00e7 tanesi disiplin cezas\u0131 alm\u0131\u015f. Bunlara bir bak\u0131n, ara\u015ft\u0131r\u0131n&#8221; diye konu\u015ftu.<\/p>\n<p style=\"text-align: justify;\">Adalet Bakan\u0131 Ergin, gazetecilerin &#8220;Ne kadar? diye sormas\u0131 \u00fczerine, &#8220;Size sonra baz\u0131 somut \u00f6rnekler verece\u011fim&#8221; kar\u015f\u0131l\u0131\u011f\u0131n\u0131 verdi.<\/p>\n<p style=\"text-align: justify;\"><span style=\"color: #888888;\">CNN T\u00dcRK<\/span><\/p>\n","protected":false},"excerpt":{"rendered":"<p style=\"text-align: center;\">\n<p style=\"text-align: justify;\">Adalet Bakan\u0131 Sadullah Ergin, baz\u0131 yarg\u0131 mensuplar\u0131n\u0131n telefonlar\u0131n\u0131n dinlenilmesi ile ilgili olarak, &#8220;Telefon dinlemelerinden elde edilen delillerle ka\u00e7 hakim, savc\u0131 yarg\u0131lanm\u0131\u015f bir bak\u0131n&#8221; dedi.<\/p>\n<p style=\"text-align: justify;\">Ergin, kuliste gazetecilerin konuya ili\u015fkin sorusunu yan\u0131tlarken, &#8220;Biz daha \u00f6nce baz\u0131 hakim ve savc\u0131lar\u0131n telefonlar\u0131n\u0131n dinlenildi\u011fini zaten kamuoyuyla payla\u015fm\u0131\u015f\u0131z. Burada yeni bir unsur yok. <\/p>\n","protected":false},"author":1,"featured_media":0,"comment_status":"open","ping_status":"closed","sticky":false,"template":"","format":"standard","meta":{"footnotes":""},"categories":[105],"tags":[],"class_list":["post-16522","post","type-post","status-publish","format-standard","hentry","category-gundem","odd"],"_links":{"self":[{"href":"http:\/\/www.korhanyilmaz.com\/index.php?rest_route=\/wp\/v2\/posts\/16522","targetHints":{"allow":["GET"]}}],"collection":[{"href":"http:\/\/www.korhanyilmaz.com\/index.php?rest_route=\/wp\/v2\/posts"}],"about":[{"href":"http:\/\/www.korhanyilmaz.com\/index.php?rest_route=\/wp\/v2\/types\/post"}],"author":[{"embeddable":true,"href":"http:\/\/www.korhanyilmaz.com\/index.php?rest_route=\/wp\/v2\/users\/1"}],"replies":[{"embeddable":true,"href":"http:\/\/www.korhanyilmaz.com\/index.php?rest_route=%2Fwp%2Fv2%2Fcomments&post=16522"}],"version-history":[{"count":0,"href":"http:\/\/www.korhanyilmaz.com\/index.php?rest_route=\/wp\/v2\/posts\/16522\/revisions"}],"wp:attachment":[{"href":"http:\/\/www.korhanyilmaz.com\/index.php?rest_route=%2Fwp%2Fv2%2Fmedia&parent=16522"}],"wp:term":[{"taxonomy":"category","embeddable":true,"href":"http:\/\/www.korhanyilmaz.com\/index.php?rest_route=%2Fwp%2Fv2%2Fcategories&post=16522"},{"taxonomy":"post_tag","embeddable":true,"href":"http:\/\/www.korhanyilmaz.com\/index.php?rest_route=%2Fwp%2Fv2%2Ftags&post=16522"}],"curies":[{"name":"wp","href":"https:\/\/api.w.org\/{rel}","templated":true}]}}