{"id":16511,"date":"2009-11-13T19:15:16","date_gmt":"2009-11-13T17:15:16","guid":{"rendered":"http:\/\/www.korhanyilmaz.com\/?p=16511"},"modified":"2009-11-13T19:15:16","modified_gmt":"2009-11-13T17:15:16","slug":"erdogan-oyle-bir-laf-etti-ki","status":"publish","type":"post","link":"http:\/\/www.korhanyilmaz.com\/?p=16511","title":{"rendered":"Erdo\u011fan \u00f6yle bir laf etti ki&#8230;"},"content":{"rendered":"<p style=\"text-align: center;\"><a href=\"http:\/\/www.korhanyilmaz.com\/wp-content\/uploads\/2009\/11\/erdogan21.jpg\"  class=\"lightview\"><img loading=\"lazy\" decoding=\"async\" class=\"size-full wp-image-16512 aligncenter\" src=\"http:\/\/www.korhanyilmaz.com\/wp-content\/uploads\/2009\/11\/erdogan21.jpg\" alt=\"\" width=\"307\" height=\"236\" \/><\/a><\/p>\n<p style=\"text-align: justify;\">K\u00fcrt a\u00e7\u0131l\u0131m\u0131n\u0131n TBMM&#8217;deki genel g\u00f6r\u00fc\u015fmelerinde muhalefet liderlerinin ard\u0131ndan Ba\u015fbakan Recep Tayyip Erdo\u011fan cevaben bir konu\u015fma yapt\u0131. Erdo\u011fan&#8217;\u0131n, &#8220;Bu a\u00e7\u0131l\u0131m\u0131n sonunda rant kap\u0131lar\u0131 kapanacak olanlar var. Bunlar tabii ki bu s\u00fcrece kar\u015f\u0131 \u00e7\u0131k\u0131yorlar. Hatta \u015fehitler gelsin de daha fazla ba\u011f\u0131ral\u0131m diyenler var&#8221; s\u00f6zleri \u00fczerine CHP salonu terk etti. MHP&#8217;li baz\u0131 vekiller bu s\u00f6zler \u00fczerine aya\u011fa kalkt\u0131, Erdo\u011fan &#8220;MHP&#8217;ye g\u00fcle g\u00fcle&#8221; dedi ama Bah\u00e7eli salondan \u00e7\u0131kmad\u0131. <!--more--><\/p>\n<p style=\"text-align: justify;\"><strong><em>Atat\u00fcrk&#8217;e at\u0131f<\/em><\/strong><\/p>\n<p style=\"text-align: justify;\">&#8211; Atat\u00fcrk&#8217;\u00fcn en b\u00fcy\u00fck ba\u015far\u0131lar\u0131ndan biri her t\u00fcrl\u00fc farkl\u0131l\u0131\u011f\u0131 TBMM \u00e7at\u0131s\u0131 alt\u0131nda, ard\u0131ndan vatanda\u015fl\u0131k paydas\u0131nda birle\u015ftirmektir. (Bu s\u00f6zlerin ard\u0131ndan Atat\u00fcrk&#8217;\u00fcn Meclis&#8217;te vekillere hitap etti\u011fi, k\u00f6kenlere de at\u0131f yap\u0131lan s\u00f6zlerinden al\u0131nt\u0131 yapt\u0131)<\/p>\n<p style=\"text-align: justify;\">&#8211; T\u00fcrkiye&#8217;nin en \u00f6nemli sorunlar\u0131n\u0131 Meclis&#8217;te konu\u015fmak zorunday\u0131z. Bu Meclis 89 y\u0131l \u00f6ncesinin gerisine d\u00fc\u015femez. H\u00fck\u00fcmet kendini anlatmas\u0131n diye \u00e7aba sarfetmek do\u011fru de\u011fildir.<\/p>\n<p style=\"text-align: justify;\"><strong><em>Yurtta sulh, cihanda sulh<\/em><\/strong><\/p>\n<p style=\"text-align: justify;\">&#8211; Atat\u00fcrk kin g\u00fctmemi\u015f, intikam hissi i\u00e7inde olmam\u0131\u015f, k\u00fcsmemi\u015f. Tam tersine i\u015fgalci \u00fclkelere Kurtulu\u015f Sava\u015f\u0131n&#8217;nda gereken cevab\u0131n verildi\u011fini d\u00fc\u015f\u00fcnerek yeni bir d\u00f6nem ba\u015flatm\u0131\u015ft\u0131r. Yurtta sulh, cihanda sulh demi\u015ftir. Yurtta sulhu tesis edemeyenler, cihanda sulhu tesis edebilir mi? Bunu ba\u015farmak laz\u0131m. Bizim anlay\u0131\u015f\u0131m\u0131z bu.<\/p>\n<p style=\"text-align: justify;\">&#8211; E\u011fer bizi ele\u015ftiren anlay\u0131\u015f o d\u00f6nemde olsayd\u0131 ne Kurtulu\u015f  Sava\u015f\u0131, ne Lozan olurdu, ne Cumhuriyet ayaklar\u0131 \u00fczerinde do\u011frulurdu. Emin olun; bu anlay\u0131\u015f T\u00fcrkiye&#8217;ye de kar\u015f\u0131 gelir, ayak diretirdi.<\/p>\n<p style=\"text-align: justify;\"><strong><em>Hayali tehditler<\/em><\/strong><\/p>\n<p style=\"text-align: justify;\">&#8211; D\u00fc\u015fman \u00fcretmek de\u011fil, dost kazanmak anlay\u0131\u015f\u0131nday\u0131z.<\/p>\n<p style=\"text-align: justify;\">&#8211; Kimse bu Meclis&#8217;e bir\u015fey dayatamaz. Bu Meclis&#8217;e y\u0131llarca hayali tehditler dayat\u0131ld\u0131. D\u0131\u015f g\u00fc\u00e7lerin talimatlar\u0131yla. B\u00fcy\u00fck Ortado\u011fu Projesi gibi ifadelerle. \u0130\u00e7inde ne oldu\u011funu sorsan\u0131z bilmezler. Belgeye, bilgiye ba\u011fl\u0131 olarak konu\u015famazlar \u00e7\u00fcnk\u00fc o kapasiteleri yok. Bu \u00fclkenin enerjisi varolmayan tehditler nedeniyle israf edildi.<\/p>\n<p style=\"text-align: justify;\"><strong><em>Meclis&#8217;teki protesto<\/em><\/strong><\/p>\n<p style=\"text-align: justify;\">&#8211; Vatanda\u015flar\u0131m\u0131z\u0131 siyasette tutarl\u0131l\u0131k istiyor. \u0130zleyici trib\u00fcnlerine eli tutularak getirilenler olursa bunlar Meclis&#8217;in asaletiyle ba\u011fda\u015fmaz.<\/p>\n<p style=\"text-align: justify;\"><a href=\"http:\/\/www.korhanyilmaz.com\/wp-content\/uploads\/2009\/11\/erdogan31.jpg\"  class=\"lightview\"><img loading=\"lazy\" decoding=\"async\" class=\"size-full wp-image-16513 aligncenter\" src=\"http:\/\/www.korhanyilmaz.com\/wp-content\/uploads\/2009\/11\/erdogan31.jpg\" alt=\"\" width=\"464\" height=\"148\" \/><\/a><\/p>\n<p style=\"text-align: justify;\"><em><strong>Sadece K\u00fcrt sorunu de\u011fil<\/strong><\/em><\/p>\n<p style=\"text-align: justify;\">&#8211; A\u00e7\u0131l\u0131m\u0131 sadece K\u00fcrt sorunu olarak alg\u0131lamak yanl\u0131\u015ft\u0131r. Bu milli birlik ve beraberlik projesi. \u00d6ncelikli sorun ter\u00f6rle m\u00fccadele. Ziya G\u00f6kalp d\u00f6neminde projeler geli\u015ftirilmi\u015f.-<\/p>\n<p style=\"text-align: justify;\">&#8211; 25 y\u0131ld\u0131r devam eden ter\u00f6r meselesine stat\u00fckocu, ezberini de\u011fi\u015ftirmeyen bir anlay\u0131\u015fla \u00e7\u00f6zemeyiz. Menfaatimiz varsa devam ettirelim ama g\u00f6r\u00fcyoruz ki yok.<\/p>\n<p style=\"text-align: justify;\">&#8211; Bu a\u00e7\u0131l\u0131m\u0131n sonunda rant kap\u0131lar kapanacak olanlar var. Bunlar tabii ki bu s\u00fcrece kar\u015f\u0131 \u00e7\u0131k\u0131yorlar. Hatta \u015fehitler gelsin de daha fazla ba\u011f\u0131ral\u0131m diyenler var.<\/p>\n<p style=\"text-align: justify;\"><strong><em>K\u00fc\u00e7\u00fcmseme mant\u0131\u011f\u0131<\/em><\/strong><\/p>\n<p style=\"text-align: justify;\">&#8211; Farkl\u0131l\u0131k zenginliktir, renktir. G\u00f6kku\u015fa\u011f\u0131 ne kadar g\u00fczelse, farkl\u0131l\u0131k da o kadar g\u00fczel, etkilecidir. Bu \u00fclkenin da\u011flar\u0131n\u0131 A\u011fr\u0131, Munzur, Ka\u00e7kar, Erciyes, Uluda\u011f&#8217;\u0131 d\u00f6\u015feyen onbinlerce \u00e7i\u00e7ek farkl\u0131 renkleri, kokular\u0131, g\u00fczellikleriyle bizi mest eder. Hepsinin k\u00f6k\u00fc bu topraktad\u0131r. Bunu benim grubuna sormaya kimsenin hakk\u0131 yoktur.<\/p>\n<p style=\"text-align: justify;\">&#8211; K\u00fcrt vatanda\u015f\u0131ma birisi \u015fu K\u00fcrt, Laz vatan\u015fu Laz der. Bu t\u00fcr ifadeleri yak\u0131\u015ft\u0131rmak bile yanl\u0131\u015f. Burada bile k\u00fc\u00e7\u00fcmseme mant\u0131\u011f\u0131 var.<\/p>\n<p style=\"text-align: justify;\"><strong><em>G\u00fcneydo\u011fu&#8217;da AKP oylar\u0131<\/em><\/strong><\/p>\n<p style=\"text-align: justify;\">&#8211; G\u00fcneydo\u011fu ve Do\u011fu&#8217;da ald\u0131\u011f\u0131n\u0131z oylar ortada. Sizin b\u00f6lge partisi oldu\u011funuz ortada. Benim milletim size ni\u00e7in oy vermiyor? Biz oralarda birinci partiyiz. D\u0131\u015flamak, ayr\u0131mc\u0131l\u0131k bizim anlay\u0131\u015f\u0131m\u0131zda yok.  Halep\u00e7e&#8217;de hayat\u0131n\u0131 kaybedenlerin ac\u0131s\u0131n\u0131 duyan bir milletiz.<\/p>\n<p style=\"text-align: justify;\"><strong><em>Ay\u015fe Han\u0131m-Fatma Han\u0131m<\/em><\/strong><\/p>\n<p style=\"text-align: justify;\">Bu Meclis askerde o\u011flunu kaybeden Ay\u015fe Han\u0131m&#8217;a da da\u011flarda o\u011flundan haber bekleyen Fatma Han\u0131m&#8217;a bir\u015feyler s\u00f6ylemek zorunda. Birileri kinine kin katarak b\u00fcy\u00fcmemeli.<\/p>\n<p style=\"text-align: justify;\"><strong><em>\u0130kinci, \u00fc\u00e7\u00fcnc\u00fc s\u0131n\u0131f insan<\/em><\/strong><\/p>\n<p style=\"text-align: justify;\">&#8211; Bir \u00e7ocuk bebek anne babas\u0131n\u0131n \u0131rk\u0131ndan oldu\u011fu i\u00e7in d\u0131\u015flanabilir mi, ele\u015ftirilebir mi, \u00f6telenebilir mi? Bu insanlar ikinci, \u00fc\u00e7\u00fcnc\u00fc s\u0131n\u0131f insan muamelesi g\u00f6rebilir mi? Bizim g\u00fcvenlik g\u00fc\u00e7lerimiz 25 y\u0131ld\u0131r ter\u00f6rle m\u00fccadele ediyor. Sonuna kadar da edecek.<\/p>\n<p style=\"text-align: justify;\"><strong><em>Sizin hi\u00e7 yavrunuz \u00f6ld\u00fc m\u00fc?<\/em><\/strong><\/p>\n<p style=\"text-align: justify;\">&#8211; Sizin hi\u00e7 k\u00f6yleriniz bo\u015falt\u0131ld\u0131 m\u0131, tarlalar\u0131n\u0131z yasak b\u00f6lge ilan edildi mi, geceyar\u0131s\u0131 kur\u015fun ya\u011fd\u0131r\u0131ld\u0131 m\u0131, mal\u0131n\u0131z, m\u00fclk\u00fcn\u00fcz al\u0131nd\u0131 m\u0131, sizden hara\u00e7 topland\u0131 m\u0131, k\u00f6y yollar\u0131n\u0131za may\u0131n d\u00f6\u015fendi mi? Analar tabii ki a\u011flayacak diyenler sizin hi\u00e7 o\u011flunuz, yavrunuz \u00f6ld\u00fc m\u00fc?<\/p>\n<p style=\"text-align: justify;\"><strong><em>Dersim&#8217;i savunanlar<\/em><\/strong><\/p>\n<p style=\"text-align: justify;\">&#8211; Dersim&#8217;de olanlar\u0131 savunanlar\u0131 ben insanl\u0131k noktas\u0131ndan nasibini almam\u0131\u015f olarak de\u011ferlendiriyorum.<\/p>\n<p style=\"text-align: justify;\"><strong><em>AK Parti-PKK benzetmesi<\/em><\/strong><\/p>\n<p style=\"text-align: justify;\">MHP&#8217;nin bizi ter\u00f6r \u00f6rg\u00fct\u00fcne benzetmesini \u00e7ok sakil buluyorum. Bunlar\u0131n hepsini huku\u011fa havale ettim.<\/p>\n<p style=\"text-align: justify;\"><strong><em>Say\u0131n Baykal <\/em><\/strong><\/p>\n<p style=\"text-align: justify;\"><em><span style=\"color: #888888;\">Muhalefet s\u0131ralar\u0131ndan gelen tepkilere cevap<\/span><\/em><\/p>\n<p style=\"text-align: justify;\">&#8211; Size gelmiyor bu sorunlar \u00e7\u00fcnk\u00fc kimse sizi muhatap kabul etmez.<\/p>\n<p style=\"text-align: justify;\">&#8211; Say\u0131n Ba\u015fkan, di\u011fer liderler konu\u015furken en ufak m\u00fcdahalede bulunmad\u0131lar. \u0130ki grup s\u00fcrekli laf at\u0131yor. L\u00fctfen anlay\u0131n ki, anlatabilesiniz. Dinlemedi\u011finiz s\u00fcrece hi\u00e7bir \u015feyi anlayamazs\u0131n\u0131z.<\/p>\n<p style=\"text-align: justify;\">&#8211; Ben sana anlatmak zorunda de\u011filim; g\u00f6z\u00fcn var g\u00f6rm\u00fcyorsun, kula\u011f\u0131n var duymuyorsun, dilin var konu\u015fmuyorsun.<\/p>\n<p style=\"text-align: justify;\">&#8211; Say\u0131n Baykal grubunuza hakim olun. Siz konu\u015furken ben bir terbiyesizlik yapt\u0131rd\u0131m m\u0131?<\/p>\n<p style=\"text-align: justify;\">&#8211; Gazete g\u00f6steren MHP&#8217;liye: Onu kendine sakla, laz\u0131m olur.<\/p>\n<p style=\"text-align: justify;\">Konu\u015fmas\u0131n\u0131n sonunda AK Partili milletvekilleri Erdo\u011fan&#8217;\u0131 ayakta alk\u0131\u015flad\u0131.<\/p>\n","protected":false},"excerpt":{"rendered":"<p style=\"text-align: center;\">\n<p style=\"text-align: justify;\">K\u00fcrt a\u00e7\u0131l\u0131m\u0131n\u0131n TBMM&#8217;deki genel g\u00f6r\u00fc\u015fmelerinde muhalefet liderlerinin ard\u0131ndan Ba\u015fbakan Recep Tayyip Erdo\u011fan cevaben bir konu\u015fma yapt\u0131. Erdo\u011fan&#8217;\u0131n, &#8220;Bu a\u00e7\u0131l\u0131m\u0131n sonunda rant kap\u0131lar\u0131 kapanacak olanlar var. Bunlar tabii ki bu s\u00fcrece kar\u015f\u0131 \u00e7\u0131k\u0131yorlar. Hatta \u015fehitler gelsin de daha fazla ba\u011f\u0131ral\u0131m diyenler var&#8221; s\u00f6zleri \u00fczerine CHP salonu terk etti. MHP&#8217;li baz\u0131 vekiller <\/p>\n","protected":false},"author":1,"featured_media":0,"comment_status":"open","ping_status":"closed","sticky":false,"template":"","format":"standard","meta":{"footnotes":""},"categories":[105],"tags":[],"class_list":["post-16511","post","type-post","status-publish","format-standard","hentry","category-gundem","odd"],"_links":{"self":[{"href":"http:\/\/www.korhanyilmaz.com\/index.php?rest_route=\/wp\/v2\/posts\/16511","targetHints":{"allow":["GET"]}}],"collection":[{"href":"http:\/\/www.korhanyilmaz.com\/index.php?rest_route=\/wp\/v2\/posts"}],"about":[{"href":"http:\/\/www.korhanyilmaz.com\/index.php?rest_route=\/wp\/v2\/types\/post"}],"author":[{"embeddable":true,"href":"http:\/\/www.korhanyilmaz.com\/index.php?rest_route=\/wp\/v2\/users\/1"}],"replies":[{"embeddable":true,"href":"http:\/\/www.korhanyilmaz.com\/index.php?rest_route=%2Fwp%2Fv2%2Fcomments&post=16511"}],"version-history":[{"count":0,"href":"http:\/\/www.korhanyilmaz.com\/index.php?rest_route=\/wp\/v2\/posts\/16511\/revisions"}],"wp:attachment":[{"href":"http:\/\/www.korhanyilmaz.com\/index.php?rest_route=%2Fwp%2Fv2%2Fmedia&parent=16511"}],"wp:term":[{"taxonomy":"category","embeddable":true,"href":"http:\/\/www.korhanyilmaz.com\/index.php?rest_route=%2Fwp%2Fv2%2Fcategories&post=16511"},{"taxonomy":"post_tag","embeddable":true,"href":"http:\/\/www.korhanyilmaz.com\/index.php?rest_route=%2Fwp%2Fv2%2Ftags&post=16511"}],"curies":[{"name":"wp","href":"https:\/\/api.w.org\/{rel}","templated":true}]}}