{"id":16506,"date":"2009-11-13T12:32:15","date_gmt":"2009-11-13T10:32:15","guid":{"rendered":"http:\/\/www.korhanyilmaz.com\/?p=16506"},"modified":"2009-11-13T12:32:15","modified_gmt":"2009-11-13T10:32:15","slug":"danistayin-yargida-telekulak-tepkisi","status":"publish","type":"post","link":"http:\/\/www.korhanyilmaz.com\/?p=16506","title":{"rendered":"Dan\u0131\u015ftay&#039;\u0131n yarg\u0131da telekulak tepkisi"},"content":{"rendered":"<p style=\"text-align: center;\"><a href=\"http:\/\/www.korhanyilmaz.com\/wp-content\/uploads\/2009\/11\/danistay.jpg\"  class=\"lightview\"><img loading=\"lazy\" decoding=\"async\" class=\"size-full wp-image-16507 aligncenter\" src=\"http:\/\/www.korhanyilmaz.com\/wp-content\/uploads\/2009\/11\/danistay.jpg\" alt=\"\" width=\"307\" height=\"236\" \/><\/a><\/p>\n<p style=\"text-align: justify;\">Dan\u0131\u015ftay Ba\u015fkan\u0131 Mustafa Birden, &#8220;Yarg\u0131 mensuplar\u0131n\u0131n dinlenilmesi, fiziki takibe al\u0131nmas\u0131, yaz\u0131l\u0131 ve g\u00f6rsel bas\u0131nda haber ve g\u00f6r\u00fcnt\u00fclerine s\u0131kl\u0131kla yer verilmesi yarg\u0131y\u0131 kontrol etme ve \u00fczerinde etkili olma gayesinden ba\u015fka bir \u015fey de\u011fildir. Bu durumu insan haklar\u0131na sayg\u0131l\u0131, demokratik \u00fclke kavram\u0131yla ba\u011fda\u015ft\u0131rma olana\u011f\u0131 bulunmamaktad\u0131r&#8221; dedi. <!--more--><\/p>\n<p style=\"text-align: justify;\">Birden, yarg\u0131da telefonlar\u0131n dinlenildi\u011fi iddialar\u0131na ili\u015fkin g\u00f6r\u00fc\u015flerini a\u00e7\u0131klad\u0131.<\/p>\n<p style=\"text-align: justify;\">&#8220;Haberle\u015fme \u00f6zg\u00fcrl\u00fc\u011f\u00fc ve \u00f6zel hayat\u0131n gizlili\u011fine ili\u015fkin anayasal temel hak ve \u00f6zg\u00fcrl\u00fcklerde ciddi bir a\u015f\u0131nma ve ihlal varl\u0131\u011f\u0131n\u0131n s\u00f6z konusu oldu\u011funu&#8221; ifade eden Birden, &#8220;gelinen noktada sadece y\u00fcksek yarg\u0131 mensuplar\u0131, hakim ve savc\u0131larla ilgili de\u011fil, t\u00fcm dinleme kararlar\u0131nda gerekli \u00f6zen ve hassasiyetin g\u00f6sterilmedi\u011finin g\u00f6r\u00fcld\u00fc\u011f\u00fcn\u00fc&#8221; s\u00f6yledi.<\/p>\n<div id=\"attachment_16508\" style=\"width: 214px\" class=\"wp-caption alignleft\"><a href=\"http:\/\/www.korhanyilmaz.com\/wp-content\/uploads\/2009\/11\/birden.jpg\"  class=\"lightview\"><img loading=\"lazy\" decoding=\"async\" aria-describedby=\"caption-attachment-16508\" class=\"size-full wp-image-16508\" style=\"margin-left: 10px; margin-right: 10px;\" title=\"Dan\u0131\u015ftay Ba\u015fkan\u0131 Mustafa Birden\" src=\"http:\/\/www.korhanyilmaz.com\/wp-content\/uploads\/2009\/11\/birden.jpg\" alt=\"\" width=\"204\" height=\"203\" \/><\/a><p id=\"caption-attachment-16508\" class=\"wp-caption-text\">Dan\u0131\u015ftay Ba\u015fkan\u0131 Mustafa Birden<\/p><\/div>\n<p style=\"text-align: justify;\">Birden, &#8220;(Ben de dinleniyor muyum) yolundaki endi\u015fe ve korkular toplumda ciddi bir g\u00fcven bunal\u0131m\u0131 yaratm\u0131\u015ft\u0131r&#8221; dedi.<\/p>\n<p style=\"text-align: justify;\">Her g\u00fcn yeni bir ses ve g\u00f6r\u00fcnt\u00fc kayd\u0131n\u0131n internet ortam\u0131nda, haber ve yay\u0131n organlar\u0131nda yer ald\u0131\u011f\u0131n\u0131 belirten Birden, &#8220;Bu, mahkeme karar\u0131yla yap\u0131lan teknik takip ve dinlemeler d\u0131\u015f\u0131nda gayri hukuki dinleme yol ve y\u00f6ntemlerine s\u0131k\u00e7a ba\u015fvuruldu\u011fu konusunda kamuoyunda yayg\u0131n bir kan\u0131n\u0131n olu\u015fmas\u0131na sebebiyet vermi\u015ftir. Yarg\u0131 mensuplar\u0131n\u0131n dinlenilmesi, fiziki takibe al\u0131nmas\u0131, yaz\u0131l\u0131 ve g\u00f6rsel bas\u0131nda haber ve g\u00f6r\u00fcnt\u00fclerine s\u0131kl\u0131kla yer verilmesi yarg\u0131y\u0131 kontrol etme ve \u00fczerinde etkili olma gayesinden ba\u015fka bir \u015fey de\u011fildir&#8221; dedi.<\/p>\n<p style=\"text-align: justify;\">Birden, &#8220;\u0130nsan hak ve \u00f6zg\u00fcrl\u00fcklerine y\u00f6nelik ihlallerin engellenmesinde \u00e7ok \u00f6nemli konumlar\u0131 bulunan yarg\u0131\u00e7 ve savc\u0131lar\u0131n ayn\u0131 neviden hak ihlallerine muhatap olmalar\u0131, yarg\u0131 ba\u011f\u0131ms\u0131zl\u0131\u011f\u0131 ve yarg\u0131\u00e7 g\u00fcvencesini zedeledi\u011fi gibi bu durumu insan haklar\u0131na sayg\u0131l\u0131, demokratik \u00fclke kavram\u0131yla ba\u011fda\u015ft\u0131rma olana\u011f\u0131 da bulunmamaktad\u0131r. Toplumda olu\u015fturulan g\u00fcven bunal\u0131m\u0131 en k\u0131sa s\u00fcrede telafi edilmeli, en etkili a\u011f\u0131zlardan kamuoyunu tatmin edici a\u00e7\u0131klamalar yap\u0131lmal\u0131d\u0131r&#8221; diye konu\u015ftu.<\/p>\n<p style=\"text-align: justify;\"><strong><em>Yarg\u0131da dinleme krizi <\/em><\/strong><\/p>\n<p style=\"text-align: justify;\">T\u00fcrkiye, yarg\u0131da pe\u015fpe\u015fe patlak veren dinleme skandallar\u0131yla \u00e7alkalan\u0131yor.<\/p>\n<p style=\"text-align: justify;\">Telekom\u00fcnikasyon \u0130leti\u015fim Ba\u015fkanl\u0131\u011f\u0131, Yarg\u0131tay santralinin yarg\u0131\u00e7 karar\u0131na ra\u011fmen &#8220;teknik&#8221; nedenlerle dinlenemedi\u011fini a\u00e7\u0131klam\u0131\u015ft\u0131.<\/p>\n<p style=\"text-align: justify;\">Bu sabah Yarg\u0131tay Ba\u015fkan\u0131 Hasan Ger\u00e7eker, &#8220;Yarg\u0131n\u0131n savunma durumuna d\u00fc\u015f\u00fcr\u00fclmesi kabul edilemez&#8221; dedi.<\/p>\n<p style=\"text-align: justify;\">D\u00fcn de Hakimler ve Savc\u0131lar Y\u00fcksek Kurulu (HSYK) Ba\u015fkanvekili Kadir \u00d6zbek, &#8220;Yarg\u0131 savunma durumuna ge\u00e7mi\u015ftir&#8221; demi\u015fti.<\/p>\n<p style=\"text-align: justify;\"><span style=\"color: #888888;\">CNN T\u00dcRK<\/span><\/p>\n","protected":false},"excerpt":{"rendered":"<p style=\"text-align: center;\">\n<p style=\"text-align: justify;\">Dan\u0131\u015ftay Ba\u015fkan\u0131 Mustafa Birden, &#8220;Yarg\u0131 mensuplar\u0131n\u0131n dinlenilmesi, fiziki takibe al\u0131nmas\u0131, yaz\u0131l\u0131 ve g\u00f6rsel bas\u0131nda haber ve g\u00f6r\u00fcnt\u00fclerine s\u0131kl\u0131kla yer verilmesi yarg\u0131y\u0131 kontrol etme ve \u00fczerinde etkili olma gayesinden ba\u015fka bir \u015fey de\u011fildir. Bu durumu insan haklar\u0131na sayg\u0131l\u0131, demokratik \u00fclke kavram\u0131yla ba\u011fda\u015ft\u0131rma olana\u011f\u0131 bulunmamaktad\u0131r&#8221; dedi. <\/p>\n","protected":false},"author":1,"featured_media":0,"comment_status":"open","ping_status":"closed","sticky":false,"template":"","format":"standard","meta":{"footnotes":""},"categories":[105],"tags":[],"class_list":["post-16506","post","type-post","status-publish","format-standard","hentry","category-gundem","odd"],"_links":{"self":[{"href":"http:\/\/www.korhanyilmaz.com\/index.php?rest_route=\/wp\/v2\/posts\/16506","targetHints":{"allow":["GET"]}}],"collection":[{"href":"http:\/\/www.korhanyilmaz.com\/index.php?rest_route=\/wp\/v2\/posts"}],"about":[{"href":"http:\/\/www.korhanyilmaz.com\/index.php?rest_route=\/wp\/v2\/types\/post"}],"author":[{"embeddable":true,"href":"http:\/\/www.korhanyilmaz.com\/index.php?rest_route=\/wp\/v2\/users\/1"}],"replies":[{"embeddable":true,"href":"http:\/\/www.korhanyilmaz.com\/index.php?rest_route=%2Fwp%2Fv2%2Fcomments&post=16506"}],"version-history":[{"count":0,"href":"http:\/\/www.korhanyilmaz.com\/index.php?rest_route=\/wp\/v2\/posts\/16506\/revisions"}],"wp:attachment":[{"href":"http:\/\/www.korhanyilmaz.com\/index.php?rest_route=%2Fwp%2Fv2%2Fmedia&parent=16506"}],"wp:term":[{"taxonomy":"category","embeddable":true,"href":"http:\/\/www.korhanyilmaz.com\/index.php?rest_route=%2Fwp%2Fv2%2Fcategories&post=16506"},{"taxonomy":"post_tag","embeddable":true,"href":"http:\/\/www.korhanyilmaz.com\/index.php?rest_route=%2Fwp%2Fv2%2Ftags&post=16506"}],"curies":[{"name":"wp","href":"https:\/\/api.w.org\/{rel}","templated":true}]}}