{"id":16502,"date":"2009-11-12T12:33:25","date_gmt":"2009-11-12T10:33:25","guid":{"rendered":"http:\/\/www.korhanyilmaz.com\/?p=16502"},"modified":"2009-11-12T12:33:25","modified_gmt":"2009-11-12T10:33:25","slug":"yargi-savunmadayiz","status":"publish","type":"post","link":"http:\/\/www.korhanyilmaz.com\/?p=16502","title":{"rendered":"Yarg\u0131: Savunmaday\u0131z"},"content":{"rendered":"<p style=\"text-align: center;\"><a href=\"http:\/\/www.korhanyilmaz.com\/wp-content\/uploads\/2009\/11\/yarg\u0131.jpg\"  class=\"lightview\"><img loading=\"lazy\" decoding=\"async\" class=\"size-full wp-image-16503 aligncenter\" src=\"http:\/\/www.korhanyilmaz.com\/wp-content\/uploads\/2009\/11\/yarg\u0131.jpg\" alt=\"\" width=\"329\" height=\"210\" \/><\/a><\/p>\n<p style=\"text-align: justify;\"><strong><em>\u2019Se\u00e7ilmi\u015f\u2019 \u00fcyeleri d\u00fcn acilen topland\u0131<\/em><\/strong><\/p>\n<p style=\"text-align: justify;\">\u0130stanbul Ba\u015fsavc\u0131s\u0131 Aykut Cengiz Engin\u2019in telefonlar\u0131 ile Yarg\u0131tay santralinin \u2019dinlendi\u2019\u011fi haberleri, yarg\u0131y\u0131 kar\u0131\u015ft\u0131rd\u0131. Yarg\u0131tay Birinci Ba\u015fkanl\u0131k Kurulu ve Hakimler ve Savc\u0131lar Y\u00fcksek Kurulu\u2019nun Adalet Bakan\u0131 ve m\u00fcste\u015far\u0131n\u0131n d\u0131\u015f\u0131nda kalan \u2019se\u00e7ilmi\u015f\u2019 \u00fcyeleri d\u00fcn acilen topland\u0131.<\/p>\n<p style=\"text-align: justify;\">Yarg\u0131tay Ba\u015fkan\u0131 Ger\u00e7eker \u201cGere\u011fi yap\u0131lacak, takip\u00e7isi olaca\u011f\u0131z\u201d dedi. Hakimlera ve Savc\u0131lar Y\u00fcksek Kurulu Ba\u015fkanvekili \u00d6zbek, \u201cYarg\u0131 \u015fu an savunma konumundad\u0131r. Dinleme kararlar\u0131 \u00f6zensiz veriliyor. Bu kabul edilemez, bu i\u015fin takip\u00e7isi olaca\u011f\u0131z\u201d diye konu\u015ftu. <!--more--><\/p>\n<p style=\"text-align: justify;\">\u0130STANBUL Cumhuriyet Ba\u015fsavc\u0131s\u0131 Aykut Cengiz Engin\u2019in telefonlar\u0131n\u0131n ve Yarg\u0131tay santralinin dinlenildi\u011fine ili\u015fkin haberler yarg\u0131y\u0131 aya\u011fa kald\u0131rd\u0131. Y\u00fcksek yarg\u0131 harekete ge\u00e7ti. Hakimler ve Savc\u0131lar Y\u00fcksek Kurulu (HSYK) se\u00e7ilmi\u015f \u00fcyeleri yarg\u0131n\u0131n dinlenmesine ili\u015fkin olarak Adalet Bakan\u0131 Sadullah Ergin\u2019i su\u00e7larken Yarg\u0131tay, santral telefonunun dinlenmesiyle ilgili \u00f6n inceleme ba\u015flatt\u0131.<\/p>\n<p style=\"text-align: justify;\">Yarg\u0131tay Birinci Ba\u015fkanl\u0131k Kurulu, Yarg\u0131tay telefonlar\u0131n\u0131n dinlenildi\u011fine ili\u015fkin haberler \u00fczerine Telekom\u00fcnikasyon \u0130leti\u015fim Ba\u015fkanl\u0131\u011f\u0131\u2019nda yap\u0131lan inceleme sonunda haz\u0131rlanan raporu Sincan Cumhuriyet Ba\u015fsavc\u0131l\u0131\u011f\u0131ndan istedi. \u0130stenen belgelerin Yarg\u0131tay\u2019a ula\u015fmas\u0131n\u0131n ard\u0131ndan, yap\u0131lan toplant\u0131da, konuyla ilgili \u00f6n inceleme yap\u0131lmas\u0131na karar verildi.<\/p>\n<p style=\"text-align: justify;\"><strong><em>Ger\u00e7eker: Takip\u00e7isi olaca\u011f\u0131z <\/em><\/strong><\/p>\n<p style=\"text-align: justify;\">Yarg\u0131tay Ba\u015fkan\u0131 Hasan Ger\u00e7eker, d\u00fcn Birinci Ba\u015fkanl\u0131k Kurulu toplant\u0131s\u0131ndan \u00f6nce gazetecilere yapt\u0131\u011f\u0131 a\u00e7\u0131klamada Yarg\u0131tay Birinci Ba\u015fkanl\u0131\u011f\u0131 telefonlar\u0131n\u0131n dinlendi\u011fine ili\u015fkin haberlerin ara\u015ft\u0131r\u0131ld\u0131\u011f\u0131n\u0131, bilgilerin istendi\u011fini ve bilgiler geldikten sonra gere\u011finin yap\u0131laca\u011f\u0131n\u0131 s\u00f6yledi. Ger\u00e7eker, \u201cYarg\u0131tay ile ilgili bir dinleme varsa biz onun takip\u00e7isi olaca\u011f\u0131z. Yarg\u0131tay\u2019\u0131n telefonlar\u0131n\u0131n dinlenebilmesi i\u00e7in Birinci Ba\u015fkanl\u0131k Kurulu\u2019nun izni olmas\u0131 laz\u0131m, karar olmas\u0131 laz\u0131m. Onun d\u0131\u015f\u0131nda Yarg\u0131tay\u2019\u0131n telefonlar\u0131n\u0131n dinlenmesi m\u00fcmk\u00fcn de\u011fil\u201d dedi.<\/p>\n<p style=\"text-align: justify;\">\u0130stanbul Ba\u015fsavc\u0131s\u0131 Aykut Cengiz Engin\u2019in de \u00f6rg\u00fct soru\u015fturmas\u0131 kapsam\u0131nda dinlendi\u011finin hat\u0131rlat\u0131lmas\u0131 \u00fczerine Ger\u00e7eker, devam eden davalarla ilgili bir \u015fey s\u00f6yleyemeyece\u011fini ifade etti. Ger\u00e7eker, hakim ve savc\u0131lar\u0131n dinlenmeleriyle ilgili birbiri ard\u0131na belgeler ortaya \u00e7\u0131kt\u0131\u011f\u0131n\u0131n ifade edilmesi \u00fczerine de konunun Yarg\u0131tay kurullar\u0131nda de\u011ferlendirilece\u011fini, daha sonra bas\u0131na ve kamuoyuna bilgi verilece\u011fini s\u00f6yledi.<\/p>\n<p style=\"text-align: justify;\"><strong><em>HSYK da hemen topland\u0131 <\/em><\/strong><\/p>\n<p style=\"text-align: justify;\">HSYK\u2019n\u0131n Adalet Bakan\u0131 ve m\u00fcste\u015far\u0131 d\u0131\u015f\u0131nda kalan se\u00e7ilmi\u015f \u00fcyeleri de d\u00fcn yapt\u0131klar\u0131 toplant\u0131da telekulak konusunu ele ald\u0131. Toplant\u0131dan sonra birn a\u00e7\u0131klama yapan Ba\u015fkanvekili Kadir \u00d6zbek \u015funlar\u0131 s\u00f6yledi: \u201cYarg\u0131 \u015fu anda savunma konumundad\u0131r. Kuvvetler ayr\u0131l\u0131\u011f\u0131 ilkesi, kuvvetler ayr\u0131l\u0131\u011f\u0131 sistemini de\u011ferlendirdi\u011fimizde yarg\u0131n\u0131n savunma konumuna d\u00fc\u015f\u00fcr\u00fclm\u00fc\u015f olmas\u0131 son derece s\u0131k\u0131nt\u0131 vericidir. Bunu, t\u00fcm yarg\u0131 mensuplar\u0131 olarak hep beraber ya\u015f\u0131yoruz. Umar\u0131m ki bundan sonra yarg\u0131yla ilgili konularda son derece duyarl\u0131 ve dikkatli davran\u0131l\u0131r. \u00c7\u00fcnk\u00fc bu T\u00fcrkiye\u2019nin, sistemin gelece\u011fiyle do\u011frudan ba\u011flant\u0131l\u0131 bir durumdur. Toplumda herkes, sade vatanda\u015f dahi dinlenildi\u011fi, izlendi\u011fi paranoyas\u0131 i\u00e7indedir. Bu kurumlar\u0131n i\u00e7ine girebilecek bir tak\u0131m kanunsuz, hukuksuz dinlemeler noktas\u0131na geldi\u011fi iddialar\u0131yla kar\u015f\u0131 kar\u015f\u0131yad\u0131r.\u201d<\/p>\n<p style=\"text-align: justify;\">\u00d6zbek, HSYK\u2019n\u0131n Haziran ay\u0131nda adayem m\u00fcfetti\u015flerinin talebiyle yap\u0131lan telefon dinlemelere kar\u015f\u0131 Adalet Bakanl\u0131\u011f\u0131\u2019n\u0131n kanun yarar\u0131na bozma yoluyla Yarg\u0131tay\u2019a gitmesine karar verdi\u011fini, ancak Adalet Bakan\u0131\u2019n\u0131n buna uymad\u0131\u011f\u0131n\u0131 belirterek, \u015f\u00f6yle dedi: \u201cDinlemelerin s\u00fcrd\u00fcr\u00fcld\u00fc\u011f\u00fcn\u00fc g\u00f6r\u00fcyoruz. Bu i\u015fin de takip\u00e7isi olaca\u011f\u0131m\u0131z\u0131 ifade etmek istiyorum. T\u00fcm te\u015fkilat\u0131m\u0131zdan bekledi\u011fimiz istedi\u011fimiz \u015fudur; hi\u00e7bir kayg\u0131, endi\u015fe i\u00e7inde kalmadan kendilerine intikal eden bu ve benzeri ba\u015fvurularda adil yarg\u0131lanma hakk\u0131, insan haklar\u0131, \u00f6zellikle yasaya uygun kararlar\u0131n \u00fcretilmesi bak\u0131m\u0131ndan \u00e7ok hassas davranmalar\u0131n\u0131 bekliyoruz. San\u0131yorum te\u015fkilat\u0131m\u0131z, bundan b\u00f6yle daha da hassas davranacakt\u0131r.\u201d<\/p>\n<p style=\"text-align: justify;\">Bu s\u00f6zlerinin \u201chakim ve savc\u0131lara talimat gibi\u201d de\u011ferlendirebilece\u011fine dikkat \u00e7eken \u00d6zbek \u201cAncak sizlerin de tan\u0131k oldu\u011funuz baz\u0131 olaylarda hakim ve savc\u0131lar\u0131m\u0131z\u0131n dinleme kararlar\u0131n\u0131 verirken kendi telefon numaralar\u0131n\u0131 da yazd\u0131klar\u0131, \u00f6zensiz davrand\u0131klar\u0131 ve gerek\u00e7esiz, isimsiz, yanl\u0131\u015f, sonucu telafi edilemeyecek dinleme kararlar\u0131 verdiklerini g\u00f6rd\u00fck ve ya\u015fad\u0131k. Bunu \u00f6nlemek i\u00e7in bunu ifade ediyorum\u201d dedi.<\/p>\n<p style=\"text-align: justify;\"><strong><em>Yaz\u0131l\u0131 a\u00e7\u0131klama yap\u0131ld\u0131 <\/em><\/strong><\/p>\n<p style=\"text-align: justify;\">HSYK\u2019n\u0131n se\u00e7ilmi\u015f \u00fcyelerinin yaz\u0131l\u0131 a\u00e7\u0131klamas\u0131nda ise Adalet Bakan\u0131\u2019n\u0131n, kanun yarar\u0131na bozma yoluna gidilmesine ili\u015fkin y\u00fcksek kurulun ald\u0131\u011f\u0131 kararlar\u0131n gere\u011fini yerine getirmedi\u011fi belirtilerek, \u015f\u00f6yle dendi: \u201cAdalet Bakan\u0131, kendisinin ba\u015fkan\u0131 oldu\u011fu y\u00fcksek kurulun ald\u0131\u011f\u0131 karar\u0131n gere\u011fini yerine getirmedi\u011fi gibi aksine kendisine ba\u011fl\u0131 Adalet m\u00fcfetti\u015fleri eliyle hakim ve savc\u0131lar hakk\u0131nda ileti\u015fimin tespiti, dinlenmesi ve kayda al\u0131nmas\u0131 uygulamas\u0131n\u0131 s\u00fcrd\u00fcrm\u00fc\u015ft\u00fcr. Bu durum, kabul edilemeyen, anla\u015f\u0131lamayan bir tutum olup, kanun yarar\u0131na bozma ba\u015fvurusunda bulunman\u0131n sadece Adalet Bakan\u0131n\u0131n takdirine b\u0131rak\u0131ld\u0131\u011f\u0131 g\u00f6r\u00fc\u015f\u00fcyle a\u00e7\u0131klamak m\u00fcmk\u00fcn de\u011fildir. HSYK, ald\u0131\u011f\u0131 kararlar\u0131n Adalet Bakanl\u0131\u011f\u0131 taraf\u0131ndan ivedilikle yerine getirilmesini beklemekte olup, bunun takip\u00e7isi olacakt\u0131r.\u201d<\/p>\n<p style=\"text-align: justify;\"><strong><em>K\u0131l\u0131\u00e7daro\u011flu: 10 bin hakim dinlendi <\/em><\/strong><\/p>\n<p style=\"text-align: justify;\">TBMM\u2019deki g\u00f6r\u00fc\u015fmeler s\u0131ras\u0131nda CHP Grup Ba\u015fkanvekili Kemal K\u0131l\u0131\u00e7daro\u011flu \u0130stanbul Ba\u015fsavc\u0131s\u0131 ve Yarg\u0131tay\u2019\u0131n santralinin dinlenmesine tepki g\u00f6stererek \u201cAdalet Bakan\u0131 gelmedi, gelseydi meclisi kafas\u0131na y\u0131kacakt\u0131k\u201d dedi.<\/p>\n<p style=\"text-align: justify;\">Meclis k\u00fcrs\u00fcs\u00fcnden M. Ali \u015eahin\u2019in Adalet Bakanl\u0131\u011f\u0131 d\u00f6neminde imzalad\u0131\u011f\u0131 \u2019gizli bir belgeyi\u2019 g\u00f6steren K\u0131l\u0131\u00e7daro\u011flu, o d\u00f6nemde \u015eahin\u2019in 10 bin hakimin dinlenmesine onay verdi\u011fini bildirdi ve \u015f\u00f6yle devam etti: \u201cYasad\u0131\u015f\u0131 dinleme hukuka da ahlaka da ayk\u0131r\u0131d\u0131r. Bir bakan bir onayla, 10 bin hakim ve savc\u0131n\u0131n dinlenmesine onay veremez. Yanl\u0131\u015ft\u0131r bu. Buna hukuk denir mi? Yanl\u0131\u015fsa, Say\u0131n Bakan \u00e7\u0131ks\u0131n \u2019yanl\u0131\u015ft\u0131r\u2019 desin. Biz de \u00f6z\u00fcr dileriz. Yarg\u0131tay\u2019\u0131n santralinin dinlenildi\u011fi s\u00f6yleniyor. \u0130stanbul Ba\u015fsavc\u0131s\u0131\u2019n\u0131n telefonlar\u0131n\u0131n dinlenildi\u011fi ortaya \u00e7\u0131kt\u0131. Abd\u00fclhamit d\u00f6ne-mindeki jurnalcilik bile bu kadar de\u011fildi. Siz devleti istihbaratla y\u00f6netmeye kalkarsan\u0131z o \u00e7ukur da herkes bo\u011fulur.\u201d<\/p>\n<p style=\"text-align: justify;\"><span style=\"color: #888888;\">Kemal G\u00f6kta\u015f &#8211; Vatan<\/span><\/p>\n","protected":false},"excerpt":{"rendered":"<p style=\"text-align: center;\">\n<p style=\"text-align: justify;\">\u2019Se\u00e7ilmi\u015f\u2019 \u00fcyeleri d\u00fcn acilen topland\u0131<\/p>\n<p style=\"text-align: justify;\">\u0130stanbul Ba\u015fsavc\u0131s\u0131 Aykut Cengiz Engin\u2019in telefonlar\u0131 ile Yarg\u0131tay santralinin \u2019dinlendi\u2019\u011fi haberleri, yarg\u0131y\u0131 kar\u0131\u015ft\u0131rd\u0131. Yarg\u0131tay Birinci Ba\u015fkanl\u0131k Kurulu ve Hakimler ve Savc\u0131lar Y\u00fcksek Kurulu\u2019nun Adalet Bakan\u0131 ve m\u00fcste\u015far\u0131n\u0131n d\u0131\u015f\u0131nda kalan \u2019se\u00e7ilmi\u015f\u2019 \u00fcyeleri d\u00fcn acilen topland\u0131.<\/p>\n<p style=\"text-align: justify;\">Yarg\u0131tay Ba\u015fkan\u0131 Ger\u00e7eker \u201cGere\u011fi yap\u0131lacak, takip\u00e7isi olaca\u011f\u0131z\u201d <\/p>\n","protected":false},"author":1,"featured_media":0,"comment_status":"open","ping_status":"closed","sticky":false,"template":"","format":"standard","meta":{"footnotes":""},"categories":[105],"tags":[],"class_list":["post-16502","post","type-post","status-publish","format-standard","hentry","category-gundem","odd"],"_links":{"self":[{"href":"http:\/\/www.korhanyilmaz.com\/index.php?rest_route=\/wp\/v2\/posts\/16502","targetHints":{"allow":["GET"]}}],"collection":[{"href":"http:\/\/www.korhanyilmaz.com\/index.php?rest_route=\/wp\/v2\/posts"}],"about":[{"href":"http:\/\/www.korhanyilmaz.com\/index.php?rest_route=\/wp\/v2\/types\/post"}],"author":[{"embeddable":true,"href":"http:\/\/www.korhanyilmaz.com\/index.php?rest_route=\/wp\/v2\/users\/1"}],"replies":[{"embeddable":true,"href":"http:\/\/www.korhanyilmaz.com\/index.php?rest_route=%2Fwp%2Fv2%2Fcomments&post=16502"}],"version-history":[{"count":0,"href":"http:\/\/www.korhanyilmaz.com\/index.php?rest_route=\/wp\/v2\/posts\/16502\/revisions"}],"wp:attachment":[{"href":"http:\/\/www.korhanyilmaz.com\/index.php?rest_route=%2Fwp%2Fv2%2Fmedia&parent=16502"}],"wp:term":[{"taxonomy":"category","embeddable":true,"href":"http:\/\/www.korhanyilmaz.com\/index.php?rest_route=%2Fwp%2Fv2%2Fcategories&post=16502"},{"taxonomy":"post_tag","embeddable":true,"href":"http:\/\/www.korhanyilmaz.com\/index.php?rest_route=%2Fwp%2Fv2%2Ftags&post=16502"}],"curies":[{"name":"wp","href":"https:\/\/api.w.org\/{rel}","templated":true}]}}