{"id":16498,"date":"2009-11-12T23:17:46","date_gmt":"2009-11-12T21:17:46","guid":{"rendered":"http:\/\/www.korhanyilmaz.com\/?p=16498"},"modified":"2009-11-12T23:17:46","modified_gmt":"2009-11-12T21:17:46","slug":"aynaya-bakiyor-kendini-goruyor","status":"publish","type":"post","link":"http:\/\/www.korhanyilmaz.com\/?p=16498","title":{"rendered":"Aynaya bak\u0131yor kendini g\u00f6r\u00fcyor"},"content":{"rendered":"<p style=\"text-align: center;\"><a href=\"http:\/\/www.korhanyilmaz.com\/wp-content\/uploads\/2009\/11\/arinc.jpg\"  class=\"lightview\"><img loading=\"lazy\" decoding=\"async\" class=\"size-full wp-image-16499 aligncenter\" src=\"http:\/\/www.korhanyilmaz.com\/wp-content\/uploads\/2009\/11\/arinc.jpg\" alt=\"\" width=\"400\" height=\"200\" \/><\/a><\/p>\n<p style=\"text-align: justify;\">AKP\u2019li B\u00fclent Ar\u0131n\u00e7\u2019\u0131n, K\u00fcrt a\u00e7\u0131l\u0131m\u0131 g\u00f6r\u00fc\u015fmelerinde iktidara muhalefet eden milletvekileri i\u00e7in kulland\u0131\u011f\u0131 \u201c\u00fc\u00e7-be\u015f y\u0131llanm\u0131\u015f, ka\u015farlanm\u0131\u015f siyaset\u00e7i\u201d ifadelerine sert tepki geldi. MHP\u2019li S. Latif Yunuso\u011flu, \u201cAr\u0131n\u00e7 aynaya bak\u0131yor, kendini g\u00f6r\u00fcyor\u201d dedi.<\/p>\n<p style=\"text-align: justify;\"><strong><em>Patavats\u0131z, dengesiz s\u00f6zler<\/em><\/strong><\/p>\n<p style=\"text-align: justify;\">CHP Milletvekili Canan Ar\u0131tman da Ar\u0131n\u00e7\u2019a \u201cKendisi aynaya baks\u0131n\u201d diye cevap verirken, CHP Ordu Milletvekili Rahmi G\u00fcner ise, \u201cPatavats\u0131z konu\u015fmalar&#8230; Laf\u0131n nereye gitti\u011fini bilmeyen, konu\u015ftuk\u00e7a batan dengesiz s\u00f6zlerdir\u201d dedi. <!--more--><\/p>\n<p style=\"text-align: justify;\"><strong><em>\u2018Ar\u0131n\u00e7 \u00f6nce aynaya baks\u0131n\u2019<\/em><\/strong><\/p>\n<p style=\"text-align: justify;\">TBMM\u2019de K\u00fcrt a\u00e7\u0131l\u0131m\u0131na tepki g\u00f6steren milletvekillerine \u201cKa\u015farlanm\u0131\u015f siyaset\u00e7i\u201d diyen Ba\u015fbakan Yard\u0131mc\u0131s\u0131\u2019na sert tepki geldi: Patavats\u0131z konu\u015fmalar\u0131 ile her g\u00fcn g\u00fcndemde. Bunlar dengesizce s\u00f6zlerdir.<\/p>\n<p style=\"text-align: justify;\">Ba\u015fbakan Yard\u0131mc\u0131s\u0131 B\u00fclent Ar\u0131n\u00e7\u2019\u0131n, K\u00fcrt a\u00e7\u0131l\u0131m\u0131n\u0131n \u00f6ng\u00f6r\u00fc\u015fmelerinde iktidara muhalefet eden muhalefet milletvekileri i\u00e7in kulland\u0131\u011f\u0131 \u201c\u00fc\u00e7-be\u015f y\u0131llanm\u0131\u015f, ka\u015farlanm\u0131\u015f siyaset\u00e7i\u201d ifadelerine sert tepki geldi. \u201cAr\u0131n\u00e7 aynaya bak\u0131yor, kendini g\u00f6r\u00fcyor\u201d diyen MHP Trabzon Milletvekili S\u00fcleyman Latif Yunuso\u011flu \u015funlar\u0131 kaydetti: Muhalefet partileri Ar\u0131n\u00e7\u2019\u0131n ifade etti\u011fi gibi TBMM\u2019nin \u00e7al\u0131\u015fmamas\u0131 anlam\u0131nda tepki g\u00f6stermedi, Cumhuriyetimizin kurucusunun y\u0131l d\u00f6n\u00fcm\u00fcnde b\u00f6yle d\u0131\u015f kaynakl\u0131  bir projenin ele al\u0131nmas\u0131na tepki g\u00f6sterdi.<\/p>\n<p style=\"text-align: justify;\"><strong><em>Ge\u00e7mi\u015fi belli<\/em><\/strong><\/p>\n<p style=\"text-align: justify;\">CHP \u0130zmir Milletvekili Canan Ar\u0131tman ise Ar\u0131n\u00e7\u2019a \u201c\u00f6nce kendisi aynaya baks\u0131n\u201d tavsiyesinde bulundu. Bug\u00fcne kadar Atat\u00fcrk\u2019\u00fc onun temsil etti\u011fi ba\u011f\u0131ms\u0131zl\u0131\u011f\u0131, \u00e7a\u011fda\u015fl\u0131\u011f\u0131, akl\u0131 ve bilimi benimsemi\u015f olan insanlara Ar\u0131n\u00e7\u2019a gelinceye kadar m\u00fcrteci denmedi\u011fini hat\u0131rlatan Ar\u0131tman \u015f\u00f6yle konu\u015ftu: \u201cAr\u0131n\u00e7 \u00f6nce kendine yak\u0131n \u00e7evresine baks\u0131n. Ka\u015farlanm\u0131\u015f siyaset\u00e7i tabiri ile aynaya bakmas\u0131n\u0131 \u00f6neriyorum. E\u011fer ka\u015farlanm\u0131\u015f siyaset\u00e7i ar\u0131yorsa bu seviyesiz \u00fcsluplar\u0131 kendisine iade ediyoruz. S\u00f6yledi\u011fi s\u00f6zler ki\u015filerle uyu\u015fmad\u0131\u011f\u0131 i\u00e7in kendi \u00fczerine yap\u0131\u015f\u0131p kalm\u0131\u015ft\u0131r, ay\u0131plar\u0131na ay\u0131p eklenmi\u015ftir. Biz Ar\u0131n\u00e7\u2019\u0131 muhatap alm\u0131yoruz ve almaya da de\u011fer g\u00f6rm\u00fcyoruz. Ge\u00e7mi\u015fi belli ka\u015farla\u015fm\u0131\u015f bir siyaset\u00e7idir. Bu konularda muhatap al\u0131namayacak bir isimdir kendi s\u00f6yler kendi dinler.\u201d<\/p>\n<p style=\"text-align: justify;\"><strong><em>Cahil c\u00fchela s\u00f6zleri<\/em><\/strong><\/p>\n<p style=\"text-align: justify;\">CHP Ordu Milletvekili Rahmi G\u00fcner de Ar\u0131n\u00e7\u2019\u0131n \u00e7irkin s\u00f6zlerinin \u00f6teden beri geldi\u011fini belirterek bu s\u00f6zleri \u2019cahilce\u2019 olarak niteledi. \u201cAr\u0131n\u00e7\u2019\u0131n yap\u0131s\u0131 belli zaten. Ba\u015fbakan\u2019\u0131n ise ge\u00e7mi\u015findeki tutumlar\u0131 ortada. Tabi\u00ee ki Ba\u015fbakan Yard\u0131mc\u0131s\u0131 olan B\u00fclent Ar\u0131n\u00e7\u2019\u0131n bug\u00fcne kadar ki patavats\u0131z konu\u015fmalar\u0131 her g\u00fcn g\u00fcndemde. Ar\u0131n\u00e7\u2019\u0131n s\u00f6zleri cahil c\u00fchela s\u00f6zleri. Laf\u0131n nereye gitti\u011fini bilmiyor, konu\u015ftuk\u00e7a bat\u0131yor. Bunlar dengesizce s\u00f6zlerdir.\u201d<\/p>\n<p style=\"text-align: justify;\"><strong><em>PKK\u2019l\u0131lar\u0131n pi\u015fman\u0131m demeleri gerekmeyebilir<\/em><\/strong><\/p>\n<p style=\"text-align: justify;\">Hukuk\u00e7ular, PKK\u2019l\u0131lar\u0131n TCY\u2019nin \u201cetkin pi\u015fmanl\u0131k\u201d ba\u015fl\u0131kl\u0131 maddesinden yararlanmalar\u0131 i\u00e7in \u201cpi\u015fman olduklar\u0131n\u0131 beyan etmek zorunda olduklar\u0131n\u0131 ifade ederken Ba\u015fbakan Yard\u0131mc\u0131s\u0131 B\u00fclent Ar\u0131n\u00e7, \u201d Gururlar\u0131 zedelenmeden da\u011fdan inip teslim olmal\u0131lar. Pi\u015fman\u0131m demek zorunda de\u011filler \u201c dedi. Diyarbak\u0131r\u2019daki temaslar\u0131 s\u0131ras\u0131nda a\u00e7\u0131klamalarda bulunan Ar\u0131n\u00e7, ilk eve d\u00f6n\u00fc\u015f s\u0131ras\u0131nda Habur\u2019da ya\u015fananlar\u0131n \u201d s\u00fcrece bomba koymak \u201c anlam\u0131na geldi\u011fini s\u00f6yledi. Habur\u2019dan ilk giri\u015fler s\u0131ras\u0131nda \u201d Gururlar\u0131 zedelenmeden da\u011fdan inip teslim olmal\u0131lar \u201c diyen Ar\u0131n\u00e7 bu kez de  221. Madde\u2019ye yeni bir yorum getirdi: \u201d Da\u011fa \u00e7\u0131km\u0131\u015ft\u0131m ama \u00fclkeme d\u00f6nmek istiyorum, ya\u015fam\u0131ma kendi topraklar\u0131m devam etme niyetindeyim deseler bence TCK 221 uygulanabilir. B\u00f6yle yorumlanabilir. \u0130lla ki pi\u015fman\u0131m denmesine gerek olmayabilir.<\/p>\n<p style=\"text-align: justify;\"><span style=\"color: #888888;\">Haber Kayna\u011f\u0131 :\u00a0 \u00d6nsel \u00dcNAL &#8211; <a href=\"http:\/\/www.yenicaggazetesi.com.tr\/haberdetay.php?hit=26183\" target=\"_blank\">yenicaggazetesi.com.tr<\/a><\/span><\/p>\n","protected":false},"excerpt":{"rendered":"<p style=\"text-align: center;\">\n<p style=\"text-align: justify;\">AKP\u2019li B\u00fclent Ar\u0131n\u00e7\u2019\u0131n, K\u00fcrt a\u00e7\u0131l\u0131m\u0131 g\u00f6r\u00fc\u015fmelerinde iktidara muhalefet eden milletvekileri i\u00e7in kulland\u0131\u011f\u0131 \u201c\u00fc\u00e7-be\u015f y\u0131llanm\u0131\u015f, ka\u015farlanm\u0131\u015f siyaset\u00e7i\u201d ifadelerine sert tepki geldi. MHP\u2019li S. Latif Yunuso\u011flu, \u201cAr\u0131n\u00e7 aynaya bak\u0131yor, kendini g\u00f6r\u00fcyor\u201d dedi.<\/p>\n<p style=\"text-align: justify;\">Patavats\u0131z, dengesiz s\u00f6zler<\/p>\n<p style=\"text-align: justify;\">CHP Milletvekili Canan Ar\u0131tman da Ar\u0131n\u00e7\u2019a \u201cKendisi aynaya baks\u0131n\u201d diye cevap verirken, CHP <\/p>\n","protected":false},"author":1,"featured_media":0,"comment_status":"open","ping_status":"closed","sticky":false,"template":"","format":"standard","meta":{"footnotes":""},"categories":[105],"tags":[],"class_list":["post-16498","post","type-post","status-publish","format-standard","hentry","category-gundem","odd"],"_links":{"self":[{"href":"http:\/\/www.korhanyilmaz.com\/index.php?rest_route=\/wp\/v2\/posts\/16498","targetHints":{"allow":["GET"]}}],"collection":[{"href":"http:\/\/www.korhanyilmaz.com\/index.php?rest_route=\/wp\/v2\/posts"}],"about":[{"href":"http:\/\/www.korhanyilmaz.com\/index.php?rest_route=\/wp\/v2\/types\/post"}],"author":[{"embeddable":true,"href":"http:\/\/www.korhanyilmaz.com\/index.php?rest_route=\/wp\/v2\/users\/1"}],"replies":[{"embeddable":true,"href":"http:\/\/www.korhanyilmaz.com\/index.php?rest_route=%2Fwp%2Fv2%2Fcomments&post=16498"}],"version-history":[{"count":0,"href":"http:\/\/www.korhanyilmaz.com\/index.php?rest_route=\/wp\/v2\/posts\/16498\/revisions"}],"wp:attachment":[{"href":"http:\/\/www.korhanyilmaz.com\/index.php?rest_route=%2Fwp%2Fv2%2Fmedia&parent=16498"}],"wp:term":[{"taxonomy":"category","embeddable":true,"href":"http:\/\/www.korhanyilmaz.com\/index.php?rest_route=%2Fwp%2Fv2%2Fcategories&post=16498"},{"taxonomy":"post_tag","embeddable":true,"href":"http:\/\/www.korhanyilmaz.com\/index.php?rest_route=%2Fwp%2Fv2%2Ftags&post=16498"}],"curies":[{"name":"wp","href":"https:\/\/api.w.org\/{rel}","templated":true}]}}