{"id":16493,"date":"2009-11-13T09:12:00","date_gmt":"2009-11-13T07:12:00","guid":{"rendered":"http:\/\/www.korhanyilmaz.com\/?p=16493"},"modified":"2009-11-13T09:12:00","modified_gmt":"2009-11-13T07:12:00","slug":"acilim-toplantisi-bugun-mecliste","status":"publish","type":"post","link":"http:\/\/www.korhanyilmaz.com\/?p=16493","title":{"rendered":"A\u00e7\u0131l\u0131m toplant\u0131s\u0131 bug\u00fcn Meclis&#039;te"},"content":{"rendered":"<p style=\"text-align: center;\"><a href=\"http:\/\/www.korhanyilmaz.com\/wp-content\/uploads\/2009\/11\/acilim1.jpg\"  class=\"lightview\"><img loading=\"lazy\" decoding=\"async\" class=\"size-full wp-image-16494 aligncenter\" src=\"http:\/\/www.korhanyilmaz.com\/wp-content\/uploads\/2009\/11\/acilim1.jpg\" alt=\"\" width=\"307\" height=\"236\" \/><\/a><\/p>\n<p style=\"text-align: justify;\">K\u00fcrt a\u00e7\u0131l\u0131m\u0131n\u0131n Meclis genel g\u00f6r\u00fc\u015fmesi bug\u00fcn saat 13.00&#8217;te yap\u0131lacak. Genel g\u00f6r\u00fc\u015fmede bu kez liderler k\u00fcrs\u00fcye \u00e7\u0131kacak.<\/p>\n<p style=\"text-align: justify;\">TBMM Ba\u015fkan\u0131 Mehmet Ali \u015eahin&#8217;in ba\u015fkanl\u0131k edece\u011fi genel g\u00f6r\u00fc\u015fmede, CHP Genel Ba\u015fkan\u0131 Deniz Baykal, MHP Genel Ba\u015fkan\u0131 Devlet Bah\u00e7eli, DTP Genel Ba\u015fkan\u0131 Ahmet T\u00fcrk ve AK Parti Adana Milletvekili \u00d6mer \u00c7elik, partilerinin d\u00fc\u015f\u00fcncelerini dile getirecek.<\/p>\n<p style=\"text-align: justify;\">\u0130\u00e7i\u015fleri Bakan\u0131 Be\u015fir Atalay&#8217;\u0131n \u00f6nerge sahibi olarak konu\u015faca\u011f\u0131 g\u00f6r\u00fc\u015fmede, Ba\u015fbakan Recep Tayyip Erdo\u011fan da h\u00fck\u00fcmet ad\u0131na ele\u015ftirileri yan\u0131tlayacak. <!--more--><\/p>\n<p style=\"text-align: justify;\">Genel Kurul saat 13.00&#8217;de toplanacak ve &#8220;Demokratik A\u00e7\u0131l\u0131m&#8221; konulu Genel G\u00f6r\u00fc\u015fme \u00d6nergesinin g\u00f6r\u00fc\u015fmeleri tamamlan\u0131ncaya kadar \u00e7al\u0131\u015facak.<\/p>\n<p style=\"text-align: justify;\">G\u00f6r\u00fc\u015fmelerde h\u00fck\u00fcmet ve gruplara 60&#8217;ar, \u00f6nerge sahipleri i\u00e7in ise 30&#8217;ar dakika s\u00fcre verilecek.<\/p>\n<p style=\"text-align: justify;\"><strong><em>Erdo\u011fan gece konu\u015facakt\u0131&#8230; <\/em><\/strong><\/p>\n<p style=\"text-align: justify;\">Genel g\u00f6r\u00fc\u015fmenin d\u00fcn yap\u0131lmas\u0131 bekleniyordu, ancak \u00f6nceki g\u00fcnk\u00fc g\u00f6r\u00fc\u015fmeler beklenenden uzun s\u00fcr\u00fcnce bu tarihin ertelenmesi g\u00fcndeme geldi.<\/p>\n<p style=\"text-align: justify;\">\u00c7\u00fcnk\u00fc Meclis \u0130\u00e7t\u00fcz\u00fc\u011f\u00fc gere\u011fi, genel g\u00f6r\u00fc\u015fmenin \u00f6ng\u00f6r\u00fc\u015fme tamamland\u0131ktan en erken 48 saat, en ge\u00e7 7 g\u00fcn sonra yap\u0131lmas\u0131 gerekiyor.<\/p>\n<p style=\"text-align: justify;\"><span style=\"color: #888888;\">CNN T\u00dcRK<\/span><\/p>\n","protected":false},"excerpt":{"rendered":"<p style=\"text-align: center;\">\n<p style=\"text-align: justify;\">K\u00fcrt a\u00e7\u0131l\u0131m\u0131n\u0131n Meclis genel g\u00f6r\u00fc\u015fmesi bug\u00fcn saat 13.00&#8217;te yap\u0131lacak. Genel g\u00f6r\u00fc\u015fmede bu kez liderler k\u00fcrs\u00fcye \u00e7\u0131kacak.<\/p>\n<p style=\"text-align: justify;\">TBMM Ba\u015fkan\u0131 Mehmet Ali \u015eahin&#8217;in ba\u015fkanl\u0131k edece\u011fi genel g\u00f6r\u00fc\u015fmede, CHP Genel Ba\u015fkan\u0131 Deniz Baykal, MHP Genel Ba\u015fkan\u0131 Devlet Bah\u00e7eli, DTP Genel Ba\u015fkan\u0131 Ahmet T\u00fcrk ve AK Parti Adana Milletvekili \u00d6mer \u00c7elik, partilerinin <\/p>\n","protected":false},"author":1,"featured_media":0,"comment_status":"open","ping_status":"closed","sticky":false,"template":"","format":"standard","meta":{"footnotes":""},"categories":[105],"tags":[],"class_list":["post-16493","post","type-post","status-publish","format-standard","hentry","category-gundem","odd"],"_links":{"self":[{"href":"http:\/\/www.korhanyilmaz.com\/index.php?rest_route=\/wp\/v2\/posts\/16493","targetHints":{"allow":["GET"]}}],"collection":[{"href":"http:\/\/www.korhanyilmaz.com\/index.php?rest_route=\/wp\/v2\/posts"}],"about":[{"href":"http:\/\/www.korhanyilmaz.com\/index.php?rest_route=\/wp\/v2\/types\/post"}],"author":[{"embeddable":true,"href":"http:\/\/www.korhanyilmaz.com\/index.php?rest_route=\/wp\/v2\/users\/1"}],"replies":[{"embeddable":true,"href":"http:\/\/www.korhanyilmaz.com\/index.php?rest_route=%2Fwp%2Fv2%2Fcomments&post=16493"}],"version-history":[{"count":0,"href":"http:\/\/www.korhanyilmaz.com\/index.php?rest_route=\/wp\/v2\/posts\/16493\/revisions"}],"wp:attachment":[{"href":"http:\/\/www.korhanyilmaz.com\/index.php?rest_route=%2Fwp%2Fv2%2Fmedia&parent=16493"}],"wp:term":[{"taxonomy":"category","embeddable":true,"href":"http:\/\/www.korhanyilmaz.com\/index.php?rest_route=%2Fwp%2Fv2%2Fcategories&post=16493"},{"taxonomy":"post_tag","embeddable":true,"href":"http:\/\/www.korhanyilmaz.com\/index.php?rest_route=%2Fwp%2Fv2%2Ftags&post=16493"}],"curies":[{"name":"wp","href":"https:\/\/api.w.org\/{rel}","templated":true}]}}