{"id":16473,"date":"2009-11-12T19:37:03","date_gmt":"2009-11-12T17:37:03","guid":{"rendered":"http:\/\/www.korhanyilmaz.com\/?p=16473"},"modified":"2009-11-12T19:37:03","modified_gmt":"2009-11-12T17:37:03","slug":"parlamentoyu-kafasina-yikacaktik","status":"publish","type":"post","link":"http:\/\/www.korhanyilmaz.com\/?p=16473","title":{"rendered":"K\u0131l\u0131\u00e7daro\u011flu :&#039;Parlamentoyu kafas\u0131na y\u0131kacakt\u0131k&#039;"},"content":{"rendered":"<p style=\"text-align: center;\"><a href=\"http:\/\/www.korhanyilmaz.com\/wp-content\/uploads\/2009\/11\/k\u0131l\u0131cdaroglu2.jpg\"  class=\"lightview\"><img loading=\"lazy\" decoding=\"async\" class=\"size-full wp-image-16474 aligncenter\" src=\"http:\/\/www.korhanyilmaz.com\/wp-content\/uploads\/2009\/11\/k\u0131l\u0131cdaroglu2.jpg\" alt=\"\" width=\"292\" height=\"190\" \/><\/a><\/p>\n<p style=\"text-align: justify;\">&#8220;Yarg\u0131 dinleniyor&#8221; iddialar\u0131na muhalefetin tepkisi sert oldu. Hem CHP hem de MHP, Adalet Bakan\u0131&#8217;na y\u00fcklendi. CHP Grup Ba\u015fkan Vekili Kemal K\u0131l\u0131\u00e7daro\u011flu, Meclis Genel Kurulu&#8217;nda &#8220;Bakan buraya gelseydi parlamentoyu kafas\u0131na y\u0131kacakt\u0131k&#8221; dedi. MHP Grup Ba\u015fkan Vekili Oktay Vural ise &#8220;Hukuk ayaklar alt\u0131na al\u0131n\u0131yor despot\u00e7u bir h\u00fck\u00fcmet anlay\u0131\u015f\u0131 ile \u00fclke y\u00f6netiliyor&#8221; s\u00f6zleri ile tepki g\u00f6sterdi. <!--more--><\/p>\n<p style=\"text-align: justify;\">Genel Kurulda, AK Parti&#8217;nin, &#8220;Demokratik A\u00e7\u0131l\u0131m&#8221; konusundaki genel g\u00f6r\u00fc\u015fmenin yar\u0131n g\u00f6r\u00fc\u015f\u00fclmesine ili\u015fkin grup \u00f6nerisi, kabul edildi.<\/p>\n<p style=\"text-align: justify;\">\u00d6neri aleyhinde konu\u015fan CHP Grup Ba\u015fkanvekili Kemal K\u0131l\u0131\u00e7daro\u011flu, &#8220;Adalet Bakan\u0131 bug\u00fcn buraya gelmeye korktu. Daha \u00e7ok korkacak&#8221; dedi.<\/p>\n<p style=\"text-align: justify;\">Elinde bir &#8220;gizli belge&#8221; oldu\u011funu belirten K\u0131l\u0131\u00e7daro\u011flu, belgeyi g\u00f6stererek, &#8220;Bak\u0131n, burada Adalet Bakanl\u0131\u011f\u0131&#8217;n\u0131n gizlemeyle ilgili oluru&#8230; Alt\u0131nda Mehmet Ali \u015eahin&#8217;in imzas\u0131 var. Biz s\u00f6yledi\u011fimiz her s\u00f6z\u00fcn arkas\u0131na mutlaka bir belge koyar\u0131z. Bu belge sa\u011flam&#8221; diye konu\u015ftu.<\/p>\n<p style=\"text-align: justify;\">Telefon dinlemelerinin nereden kaynakland\u0131\u011f\u0131n\u0131 soran K\u0131l\u0131\u00e7daro\u011flu, Adalet Bakanl\u0131\u011f\u0131 Tefti\u015f Kurulu Y\u00f6netmeli\u011finde de\u011fi\u015fiklik yap\u0131larak, &#8220;Y\u00f6netmelikte, &#8216;Adalet Bakanl\u0131\u011f\u0131 m\u00fcfetti\u015fleri hakimleri, savc\u0131lar\u0131 dinler&#8217; diye de\u011fi\u015fiklik yap\u0131l\u0131yor. Yasan\u0131n vermedi\u011fi bir yetkiyi, Adalet Bakanl\u0131\u011f\u0131 kendi y\u00f6netmeli\u011fine hangi gerek\u00e7eyle koyar? Hukuk bunun neresinde? B\u00f6yle bir \u015fey olabilir mi? Adalet Bakanl\u0131\u011f\u0131 m\u00fcfetti\u015fi mahkemeye gitti\u011fi zaman hangi mahkeme ona &#8216;izin vermiyorum&#8217; diyebilir? B\u00f6yle bir anlay\u0131\u015f olabilir mi, biz buna isyan ediyoruz&#8221; diye konu\u015ftu.<\/p>\n<p style=\"text-align: justify;\">Yasad\u0131\u015f\u0131 dinlemeye kar\u015f\u0131 olduklar\u0131n\u0131 vurgulayan K\u0131l\u0131\u00e7daro\u011flu, kendi telefonlar\u0131n\u0131n dinlenildi\u011fini, ancak kendisi ve konu\u015ftu\u011fu ki\u015fi hakk\u0131nda mahkeme karar\u0131 bulunmad\u0131\u011f\u0131n\u0131 ifada etti.<\/p>\n<p style=\"text-align: justify;\">K\u0131l\u0131\u00e7daro\u011flu, &#8220;Mahkeme karar\u0131 olmadan telefonumu dinleyen ki\u015filer, bunu g\u00f6t\u00fcr\u00fcp kamuoyuna, mahkemeye, davan\u0131n aras\u0131na g\u00f6t\u00fcr\u00fcyorsa, o savc\u0131lar hakk\u0131nda su\u00e7 duyurusunda bulunuyorum. Bu benim hakk\u0131m de\u011fil mi? Ama Say\u0131n Bakan, &#8216;bunlar\u0131n soru\u015fturulmas\u0131na gerek yok&#8217; diyor. Ni\u00e7in gerek yok, Say\u0131n Bakan? insan\u0131n vicdan\u0131, ahlak\u0131, etik de\u011ferleri bunu kabul eder mi?&#8221; dedi.<\/p>\n<p style=\"text-align: justify;\">Gelir \u0130daresi Ba\u015fkan\u0131 ile bir ki\u015finin yapt\u0131\u011f\u0131 yasad\u0131\u015f\u0131 dinlemenin medyada yay\u0131nland\u0131\u011f\u0131n\u0131 anlatan K\u0131l\u0131\u00e7daro\u011flu, &#8220;Bir bakan \u00e7\u0131k\u0131p da 10 bine yak\u0131n hakim ve savc\u0131n\u0131n dinlenilmesinin alt\u0131na imza atarsa, buna hukuk denir mi? Buna bizim kadar sizler de kar\u015f\u0131 \u00e7\u0131k\u0131n. Belge istiyorsan\u0131z ben size belgesini verece\u011fim. Yanl\u0131\u015fsa, Say\u0131n Bakan \u00e7\u0131ks\u0131n &#8216;yanl\u0131\u015ft\u0131r&#8217; desin. Biz de \u00f6z\u00fcr dileriz. Yarg\u0131tay&#8217;\u0131n santralinin dinlenildi\u011fi s\u00f6yleniyor. \u0130stanbul Cumhuriyet Ba\u015fsavc\u0131s\u0131&#8217;n\u0131n telefonlar\u0131n\u0131n dinlenildi\u011fi ortaya \u00e7\u0131kt\u0131. Abd\u00fclhamit d\u00f6nemindeki jurnalcilik bile bu kadar de\u011fildi. Siz hukukun d\u0131\u015f\u0131na \u00e7\u0131kar, devleti istihbaratla y\u00f6netmeye kalkarsan\u0131z, istihbarat \u00e7ukurunda herkes bo\u011fulur. Yanl\u0131\u015ft\u0131r, herkesin \u00f6zel hayat\u0131 var. Bunu Demokles&#8217;in k\u0131l\u0131c\u0131 gibi yarg\u0131ya bask\u0131 kurmak i\u00e7in kullan\u0131rsan\u0131z, bu do\u011fru de\u011fil&#8221; diye konu\u015ftu.<\/p>\n<p style=\"text-align: justify;\">K\u0131l\u0131\u00e7daro\u011flu, AB yetkililerinin \u00e7ifte standart yapt\u0131\u011f\u0131n\u0131 savunarak, &#8220;AB beyleri ne yap\u0131yor acaba? Kulaklar\u0131n\u0131 t\u0131kay\u0131p bir \u015fey oldu\u011funda k\u0131yamet koparanlar bu kadar hukuksuzlu\u011fun oldu\u011fu \u00fclkede ne yap\u0131yor? Onlar T\u00fcrkiye&#8217;yi kullanmak istiyor. Adalet Bakan\u0131 buraya gelseydi, bu parlamentoyu kafas\u0131na y\u0131kacakt\u0131k. Siz bu kadar yarg\u0131y\u0131 ayaklar alt\u0131na alamazs\u0131n\u0131z&#8221; dedi.<\/p>\n<p style=\"text-align: justify;\">\u00d6neri aleyhinde konu\u015fan MHP Grup Ba\u015fkanvekili Mehmet \u015eand\u0131r da T\u00fcrkiye&#8217;de k\u00f6t\u00fc \u015feyler oldu\u011funu bunun Meclise de yans\u0131d\u0131\u011f\u0131n\u0131 belirterek, &#8220;Parlamento&#8217;da birka\u00e7 g\u00fcnd\u00fcr ya\u015fanan k\u00f6t\u00fc \u015feylerin m\u00fcsebbibi iktidard\u0131r&#8221; dedi.<\/p>\n<p style=\"text-align: justify;\">Telefon dinlemeleri nedeniyle T\u00fcrkiye&#8217;nin korku t\u00fcnelinden ge\u00e7ti\u011fini, herkesin dinlenme \u015f\u00fcphesiyle ya\u015fad\u0131\u011f\u0131n\u0131 savunan \u015eand\u0131r, &#8220;Herkes dinleniliyor. yatak odalar\u0131n\u0131n dinlenilmedi\u011finden emin misiniz? Meclis sorunun \u00fczerinde durmal\u0131&#8221; ifadelerini kulland\u0131. \u015eand\u0131r, &#8220;Ba\u015fbakan , Meclis Ba\u015fkan\u0131n\u0131 do\u011frudan azarlam\u0131\u015ft\u0131r. TBMM \u0130leti\u015fim Ba\u015fkanl\u0131\u011f\u0131 taraf\u0131ndan yap\u0131lan a\u00e7\u0131klama y\u00fcz k\u0131zart\u0131c\u0131d\u0131r. Meclis Ba\u015fkan\u0131 kendini savunmal\u0131yd\u0131&#8221; diye konu\u015ftu.<\/p>\n<p style=\"text-align: justify;\">\u00d6neri lehinde konu\u015fan AK Parti Grup Ba\u015fkanvekili Nurettin Canikli, dinleme konusunda &#8220;sap ile saman\u0131n birbirine kar\u0131\u015ft\u0131r\u0131ld\u0131\u011f\u0131n\u0131&#8221; savunarak, mahkeme ve hakim karar\u0131yla ve gerekli mevzuat yerin getirilerek yap\u0131lan yasal dinlemeye kimsenin tart\u0131\u015famayaca\u011f\u0131n\u0131 s\u00f6yledi.<\/p>\n<p style=\"text-align: justify;\">&#8220;Devletin kurumlar\u0131, hukuka ayk\u0131r\u0131 dinleme yapamaz. Biz bunu ciddiye al\u0131r\u0131z ve \u00fczerine gideriz&#8221; diyen Canikli, ancak yasal olmayan dinlemeleri bilmelerinin ve takip edilmesinin m\u00fcmk\u00fcn olmad\u0131\u011f\u0131n\u0131 s\u00f6yledi.<\/p>\n<p style=\"text-align: justify;\">Canikli, &#8220;Adalet Bakan\u0131&#8217;n\u0131n buraya gelmeye cesareti ve bilgisi de var&#8221; dedi.<\/p>\n<p style=\"text-align: justify;\"><span style=\"color: #888888;\">CNN T\u00dcRK<\/span><\/p>\n","protected":false},"excerpt":{"rendered":"<p style=\"text-align: center;\">\n<p style=\"text-align: justify;\">&#8220;Yarg\u0131 dinleniyor&#8221; iddialar\u0131na muhalefetin tepkisi sert oldu. Hem CHP hem de MHP, Adalet Bakan\u0131&#8217;na y\u00fcklendi. CHP Grup Ba\u015fkan Vekili Kemal K\u0131l\u0131\u00e7daro\u011flu, Meclis Genel Kurulu&#8217;nda &#8220;Bakan buraya gelseydi parlamentoyu kafas\u0131na y\u0131kacakt\u0131k&#8221; dedi. MHP Grup Ba\u015fkan Vekili Oktay Vural ise &#8220;Hukuk ayaklar alt\u0131na al\u0131n\u0131yor despot\u00e7u bir h\u00fck\u00fcmet anlay\u0131\u015f\u0131 ile \u00fclke y\u00f6netiliyor&#8221; s\u00f6zleri <\/p>\n","protected":false},"author":1,"featured_media":0,"comment_status":"open","ping_status":"closed","sticky":false,"template":"","format":"standard","meta":{"footnotes":""},"categories":[105],"tags":[],"class_list":["post-16473","post","type-post","status-publish","format-standard","hentry","category-gundem","odd"],"_links":{"self":[{"href":"http:\/\/www.korhanyilmaz.com\/index.php?rest_route=\/wp\/v2\/posts\/16473","targetHints":{"allow":["GET"]}}],"collection":[{"href":"http:\/\/www.korhanyilmaz.com\/index.php?rest_route=\/wp\/v2\/posts"}],"about":[{"href":"http:\/\/www.korhanyilmaz.com\/index.php?rest_route=\/wp\/v2\/types\/post"}],"author":[{"embeddable":true,"href":"http:\/\/www.korhanyilmaz.com\/index.php?rest_route=\/wp\/v2\/users\/1"}],"replies":[{"embeddable":true,"href":"http:\/\/www.korhanyilmaz.com\/index.php?rest_route=%2Fwp%2Fv2%2Fcomments&post=16473"}],"version-history":[{"count":0,"href":"http:\/\/www.korhanyilmaz.com\/index.php?rest_route=\/wp\/v2\/posts\/16473\/revisions"}],"wp:attachment":[{"href":"http:\/\/www.korhanyilmaz.com\/index.php?rest_route=%2Fwp%2Fv2%2Fmedia&parent=16473"}],"wp:term":[{"taxonomy":"category","embeddable":true,"href":"http:\/\/www.korhanyilmaz.com\/index.php?rest_route=%2Fwp%2Fv2%2Fcategories&post=16473"},{"taxonomy":"post_tag","embeddable":true,"href":"http:\/\/www.korhanyilmaz.com\/index.php?rest_route=%2Fwp%2Fv2%2Ftags&post=16473"}],"curies":[{"name":"wp","href":"https:\/\/api.w.org\/{rel}","templated":true}]}}