{"id":16468,"date":"2009-11-11T15:37:29","date_gmt":"2009-11-11T13:37:29","guid":{"rendered":"http:\/\/www.korhanyilmaz.com\/?p=16468"},"modified":"2009-11-11T15:37:29","modified_gmt":"2009-11-11T13:37:29","slug":"ak-partiden-jet-yalanlama","status":"publish","type":"post","link":"http:\/\/www.korhanyilmaz.com\/?p=16468","title":{"rendered":"AK Parti&#039;den jet yalanlama"},"content":{"rendered":"<p style=\"text-align: center;\"><a href=\"http:\/\/www.korhanyilmaz.com\/wp-content\/uploads\/2009\/11\/erdogan4.jpg\"  class=\"lightview\"><img loading=\"lazy\" decoding=\"async\" class=\"size-full wp-image-16469 aligncenter\" src=\"http:\/\/www.korhanyilmaz.com\/wp-content\/uploads\/2009\/11\/erdogan4.jpg\" alt=\"\" width=\"307\" height=\"236\" \/><\/a><\/p>\n<p style=\"text-align: justify;\">CHP&#8217;nin TBMM&#8217;de pankart a\u00e7mas\u0131 \u00fczerine Ba\u015fbakan Recep Tayyip Erdo\u011fan&#8217;\u0131n Meclis Ba\u015fkan\u0131 Mehmet Ali \u015eahin&#8217;e sert bir \u00fcslupla tepki g\u00f6sterdi\u011fi y\u00f6n\u00fcndeki haberlere AK Parti&#8217;den jet yalanlama geldi. AK Partili H\u00fcseyin \u00c7elik, &#8220;Say\u0131n Ba\u015fbakan&#8217;\u0131n Meclis Ba\u015fkan\u0131&#8217;na talimat vermesi ve benzer bir ifade kullanmas\u0131 s\u00f6z konusu de\u011fildir&#8221; dedi. <!--more--><\/p>\n<p style=\"text-align: justify;\"><a href=\"http:\/\/www.korhanyilmaz.com\/wp-content\/uploads\/2009\/11\/celik.jpg\"  class=\"lightview\"><img loading=\"lazy\" decoding=\"async\" class=\"alignleft size-full wp-image-16470\" style=\"margin-left: 10px; margin-right: 10px;\" src=\"http:\/\/www.korhanyilmaz.com\/wp-content\/uploads\/2009\/11\/celik.jpg\" alt=\"\" width=\"184\" height=\"148\" \/><\/a>\u00c7elik, AK Parti MKYK toplant\u0131s\u0131n\u0131n ard\u0131ndan parti genel merkezinde gazetecilere a\u00e7\u0131klamalarda bulundu.<\/p>\n<p style=\"text-align: justify;\">Toplant\u0131da, i\u00e7 ve d\u0131\u015f geli\u015fmelerin yan\u0131 s\u0131ra &#8220;demokratik a\u00e7\u0131l\u0131m&#8221; \u00e7al\u0131\u015fmalar\u0131n\u0131n ele al\u0131nd\u0131\u011f\u0131n\u0131 kaydeden \u00c7elik, d\u00fcn ve bug\u00fcn baz\u0131 bas\u0131n yay\u0131n organlar\u0131nda ileri s\u00fcr\u00fclen iddialar\u0131 yalanlad\u0131.<\/p>\n<p style=\"text-align: justify;\"><strong><em>&#8220;Ba\u015fbakan hakk\u0131n\u0131 kulland\u0131&#8221; <\/em><\/strong><\/p>\n<p style=\"text-align: justify;\">&#8220;Bug\u00fcn yine bir gazetede man\u015fet var&#8221; diyen \u00c7elik, &#8220;Diyor ki, TBMM&#8217;de demokratik a\u00e7\u0131l\u0131mla ilgili genel g\u00f6r\u00fc\u015fmenin \u00f6n g\u00f6r\u00fc\u015fmesinde olup bitenlerle ilgili olarak, Ba\u015fbakan\u0131m\u0131z, ara verildi\u011finde di\u011fer grup ba\u015fkanvekilleri nas\u0131l ki Say\u0131n TBMM Ba\u015fkan\u0131 ve ba\u015fkanvekillerinin kulland\u0131\u011f\u0131 odada, Say\u0131n Ba\u015fkan veya ba\u015fkanvekilleriyle g\u00f6r\u00fc\u015fmeleri nas\u0131l payla\u015f\u0131yorlarsa, Say\u0131n Ba\u015fbakan da oraya bir Ba\u015fbakan s\u0131fat\u0131yla de\u011fil, AK Parti&#8217;nin Grup Ba\u015fkan\u0131 s\u0131fat\u0131yla gitmi\u015ftir. TBMM&#8217;de yap\u0131lmas\u0131 da esasen do\u011fru olmayan baz\u0131 davran\u0131\u015flar\u0131ndan dolay\u0131 kendi tepkisini ifade etmi\u015f, g\u00f6r\u00fc\u015flerini ifade etmi\u015ftir&#8221; dedi.<\/p>\n<p style=\"text-align: justify;\">\u00c7elik, &#8220;Muhalefet milletvekillerinin zaman zaman k\u00fcrs\u00fcn\u00fcn ba\u015f\u0131na giderek, zaman zaman da TBMM Ba\u015fkanl\u0131k makam\u0131na asla hitap edilmemesi gereken ifadelerle hitap ettiklerini biliyorsunuz. Say\u0131n Ba\u015fbakan&#8217;\u0131n Grup Ba\u015fkan\u0131 s\u0131fat\u0131yla Meclis Ba\u015fkan\u0131&#8217;na, Meclis Ba\u015fkanl\u0131\u011f\u0131 makam\u0131na kesinlikle uymayacak \u015fekilde talimat vermesi veya buna benzer bir ifade kullanmas\u0131 s\u00f6z konusu de\u011fildir. Sadece burada bu g\u00f6r\u00fcnt\u00fclerin do\u011fru olmad\u0131\u011f\u0131n\u0131, bu pankartlar\u0131n, TBMM Genel Kurulu&#8217;nda olmamas\u0131 gerekti\u011fini ifade etmi\u015f, Say\u0131n Ba\u015fkan&#8217;dan bunlara m\u00fcdahale edilmesini rica etmi\u015ftir&#8221; dedi.<\/p>\n<p style=\"text-align: justify;\">Ba\u015fbakan Erdo\u011fan&#8217;\u0131n &#8220;hakk\u0131n\u0131 kulland\u0131\u011f\u0131n\u0131&#8221; ifade eden \u00c7elik, &#8220;Meclis Ba\u015fkan\u0131&#8217;n\u0131n \u015fahs\u0131na y\u00f6nelik ve kesinlikle Say\u0131n Ba\u015fbakan&#8217;a da yak\u0131\u015fmayan, Say\u0131n Meclis Ba\u015fkan\u0131&#8217;na da yak\u0131\u015fmayan tutum sergilenmesi, ifade kullan\u0131lmas\u0131, bir m\u00fcdahale te\u015febb\u00fcs\u00fcnde bulunulmas\u0131 asla s\u00f6z konusu de\u011fildir&#8221; dedi.<\/p>\n<p style=\"text-align: justify;\"><strong><em>&#8220;Meclis&#8217;in ciddiyetiyle ba\u011fda\u015fan bir \u015fey de\u011fil&#8221; <\/em><\/strong><\/p>\n<p style=\"text-align: justify;\">CHP lideri Deniz Baykal&#8217;\u0131n pankart eylemi i\u00e7in yapt\u0131\u011f\u0131 &#8220;demokrasilerde b\u00f6yle \u015feyler olur&#8221; yorumunu da ele\u015ftiren \u00c7elik, &#8220;Demokrasilerde, neyin nerede olaca\u011f\u0131yla, neyin nerede olamayaca\u011f\u0131yla ilgili h\u00fck\u00fcmler \u00e7ok kesindir ve bizim yasalar\u0131m\u0131zda bunlar vard\u0131r. \u00d6zg\u00fcrl\u00fck her istedi\u011finizi istedi\u011finiz yerde, istedi\u011finiz \u015fekilde ifade etme anlam\u0131na gelmez. \u0130ki \u00fcniversite \u00f6\u011frencisini dinleyici locas\u0131nda pankart a\u00e7t\u0131\u011f\u0131 zaman hapse atacaks\u0131n\u0131z, onlar\u0131 cezaland\u0131racaks\u0131n\u0131z ama milletvekili olarak Meclis&#8217;te ellerinizde pankartlarla ,sokakta herhangi bir vatanda\u015f\u0131n tepkisini dile getirmek i\u00e7in kulland\u0131\u011f\u0131 bir vas\u0131tay\u0131, bir \u015fekli orada icra edeceksiniz, bu kabul edilebilir bir \u015fey de\u011fildir. Meclis&#8217;in ciddiyetiyle ba\u011fda\u015fan bir \u015fey de de\u011fildir&#8221; dedi.<\/p>\n<p style=\"text-align: justify;\">Siyasetin ayn\u0131 zamanda rekabet oldu\u011funu ve bu rekabetin nezaket zemininde yap\u0131lmas\u0131 gerekti\u011fini belirten \u00c7elik, \u00f6ng\u00f6r\u00fc\u015fmeler \u00f6ncesi gazetecilerin kendilerine sordu\u011fu sorular\u0131 da ele\u015ftirdi.<\/p>\n<p style=\"text-align: justify;\"><strong><em>&#8220;Meclis arena, vekiller gladyat\u00f6r de\u011fil&#8221; <\/em><\/strong><\/p>\n<p style=\"text-align: justify;\">\u00c7elik, &#8220;Meclis arena, vekiller de gladyat\u00f6r de\u011fildir. \u00c7e\u015fitli konular\u0131n d\u00fczeyli bir bi\u00e7imde konu\u015fuldu\u011fu bir mekand\u0131r. Sayg\u0131nl\u0131\u011f\u0131 ve ciddiyeti hepimizi ilgilendirir. G\u00f6r\u00fc\u015fler taban tabana z\u0131t olabilir ama medeni insanlara yak\u0131\u015f\u0131r vakarla hareket edilmelidir&#8221; dedi.<\/p>\n<p style=\"text-align: justify;\">&#8220;Baz\u0131lar\u0131n\u0131n mikrofonun icat edildi\u011finden haberleri yok galiba&#8221; diyen \u00c7elik, hakaretin de s\u00f6zl\u00fc \u015fiddet oldu\u011funu belirtti.<\/p>\n<p style=\"text-align: justify;\"><strong><em>Muhalefetin tavr\u0131: 3H <\/em><\/strong><\/p>\n<p style=\"text-align: justify;\">\u00c7elik, a\u00e7\u0131l\u0131m s\u00fcrecinin ba\u015f\u0131ndan beri muhalefetin tak\u0131nd\u0131\u011f\u0131 tavr\u0131 \u00fc\u00e7 kelimeyle \u00f6zetledi: Hamaset, husumet ve hakaret.<\/p>\n<p style=\"text-align: justify;\">MHP lideri Devlet Bah\u00e7eli&#8217;nin MHP kongresinde Ba\u015fbakan&#8217;a yapt\u0131\u011f\u0131 sert ele\u015ftirilere de tepki g\u00f6steren \u00c7elik, &#8220;O ifadeleri a\u011fz\u0131ma almak istemem. Kendileri her t\u00fcrl\u00fc hakareti yap\u0131yor ama en ufak ele\u015ftiriye tahamm\u00fcl etmiyorlar&#8221; dedi.<\/p>\n<p style=\"text-align: justify;\">Bu konuyla ilgili olarak Ba\u015fbakan ve AK Parti ad\u0131na MHP&#8217;ye bug\u00fcn bir dava a\u00e7\u0131ld\u0131.<\/p>\n<p style=\"text-align: justify;\"><span style=\"color: #888888;\">CNN T\u00dcRK<\/span><\/p>\n","protected":false},"excerpt":{"rendered":"<p style=\"text-align: center;\">\n<p style=\"text-align: justify;\">CHP&#8217;nin TBMM&#8217;de pankart a\u00e7mas\u0131 \u00fczerine Ba\u015fbakan Recep Tayyip Erdo\u011fan&#8217;\u0131n Meclis Ba\u015fkan\u0131 Mehmet Ali \u015eahin&#8217;e sert bir \u00fcslupla tepki g\u00f6sterdi\u011fi y\u00f6n\u00fcndeki haberlere AK Parti&#8217;den jet yalanlama geldi. AK Partili H\u00fcseyin \u00c7elik, &#8220;Say\u0131n Ba\u015fbakan&#8217;\u0131n Meclis Ba\u015fkan\u0131&#8217;na talimat vermesi ve benzer bir ifade kullanmas\u0131 s\u00f6z konusu de\u011fildir&#8221; dedi. <\/p>\n","protected":false},"author":1,"featured_media":0,"comment_status":"open","ping_status":"closed","sticky":false,"template":"","format":"standard","meta":{"footnotes":""},"categories":[105],"tags":[],"class_list":["post-16468","post","type-post","status-publish","format-standard","hentry","category-gundem","odd"],"_links":{"self":[{"href":"http:\/\/www.korhanyilmaz.com\/index.php?rest_route=\/wp\/v2\/posts\/16468","targetHints":{"allow":["GET"]}}],"collection":[{"href":"http:\/\/www.korhanyilmaz.com\/index.php?rest_route=\/wp\/v2\/posts"}],"about":[{"href":"http:\/\/www.korhanyilmaz.com\/index.php?rest_route=\/wp\/v2\/types\/post"}],"author":[{"embeddable":true,"href":"http:\/\/www.korhanyilmaz.com\/index.php?rest_route=\/wp\/v2\/users\/1"}],"replies":[{"embeddable":true,"href":"http:\/\/www.korhanyilmaz.com\/index.php?rest_route=%2Fwp%2Fv2%2Fcomments&post=16468"}],"version-history":[{"count":0,"href":"http:\/\/www.korhanyilmaz.com\/index.php?rest_route=\/wp\/v2\/posts\/16468\/revisions"}],"wp:attachment":[{"href":"http:\/\/www.korhanyilmaz.com\/index.php?rest_route=%2Fwp%2Fv2%2Fmedia&parent=16468"}],"wp:term":[{"taxonomy":"category","embeddable":true,"href":"http:\/\/www.korhanyilmaz.com\/index.php?rest_route=%2Fwp%2Fv2%2Fcategories&post=16468"},{"taxonomy":"post_tag","embeddable":true,"href":"http:\/\/www.korhanyilmaz.com\/index.php?rest_route=%2Fwp%2Fv2%2Ftags&post=16468"}],"curies":[{"name":"wp","href":"https:\/\/api.w.org\/{rel}","templated":true}]}}