{"id":16445,"date":"2009-11-10T17:03:48","date_gmt":"2009-11-10T15:03:48","guid":{"rendered":"http:\/\/www.korhanyilmaz.com\/?p=16445"},"modified":"2009-11-10T17:03:48","modified_gmt":"2009-11-10T15:03:48","slug":"baykal-cumhuriyete-karsi-iktidar-tertibi","status":"publish","type":"post","link":"http:\/\/www.korhanyilmaz.com\/?p=16445","title":{"rendered":"Baykal: &#039;Cumhuriyet&#039;e kar\u015f\u0131 iktidar tertibi!..&#039;"},"content":{"rendered":"<p style=\"text-align: justify;\"><a href=\"http:\/\/www.korhanyilmaz.com\/wp-content\/uploads\/2009\/11\/chp.jpg\"  class=\"lightview\"><img loading=\"lazy\" decoding=\"async\" class=\"size-full wp-image-16446 aligncenter\" src=\"http:\/\/www.korhanyilmaz.com\/wp-content\/uploads\/2009\/11\/chp.jpg\" alt=\"\" width=\"307\" height=\"236\" \/><\/a><\/p>\n<p style=\"text-align: justify;\">Atat\u00fcrk&#8217;\u00fcn \u00f6l\u00fcm y\u0131ld\u00f6n\u00fcm\u00fcnde K\u00fcrt a\u00e7\u0131l\u0131m\u0131n\u0131n Meclis&#8217;e getirilmesini ele\u015ftiren CHP lideri Deniz Baykal, &#8220;\u015eimdi ilk kez cumhuriyete kar\u015f\u0131 bir tertibin iktidar taraf\u0131ndan planlanarak y\u00fcr\u00fcrl\u00fc\u011fe konuldu\u011funa tan\u0131k oluyoruz&#8221; dedi.<\/p>\n<p style=\"text-align: justify;\">Milletvekillerinin \u00f6ng\u00f6r\u00fc\u015fmenin bug\u00fcn yap\u0131lmas\u0131n\u0131 protesto i\u00e7in kollar\u0131na siyah bant, 10 Kas\u0131m dolay\u0131s\u0131yla da yakalar\u0131na Atat\u00fcrk resmi takt\u0131\u011f\u0131 CHP grup toplant\u0131s\u0131nda Baykal da k\u00fcrs\u00fcye yakas\u0131nda Atat\u00fcrk resmi ile \u00e7\u0131kt\u0131. Baykal&#8217;\u0131n konu\u015fmas\u0131 s\u0131ras\u0131nda dinleyicilerden bir ki\u015fi \u00fczerinde Atat\u00fcrk&#8217;\u00fcn resmi bulunan bayrak a\u00e7t\u0131. <!--more--><\/p>\n<p style=\"text-align: justify;\">Atat\u00fcrk&#8217;\u00fcn an\u0131s\u0131na sayg\u0131 duru\u015fu ile ba\u015flayan toplant\u0131da konu\u015fan Baykal, &#8220;Belki ilk kez T\u00fcrkiye&#8217;de ger\u00e7ekle\u015ftirmi\u015f oldu\u011fumuz ve b\u00fct\u00fcn d\u00fcnyan\u0131n sayg\u0131s\u0131n\u0131 kazanan bu \u00e7ok ba\u015far\u0131l\u0131 cumhuriyet tablosuna kar\u015f\u0131, geride b\u0131rakt\u0131\u011f\u0131m\u0131z d\u00f6nemde \u00fclkenin i\u00e7inden engellerin ortaya \u00e7\u0131kt\u0131\u011f\u0131n\u0131 g\u00f6rm\u00fc\u015ft\u00fck. \u0130\u00e7erden birilerinin Cumhuriyete kar\u015f\u0131 m\u00fccadelede kullan\u0131ld\u0131\u011f\u0131n\u0131 biliyorduk ama \u015fimdiye kadar hi\u00e7 bir zaman Cumhuriyete kar\u015f\u0131 bir tertibin, iktidar\u0131n himayesinde ortaya \u00e7\u0131kt\u0131\u011f\u0131na tan\u0131k olmam\u0131\u015ft\u0131k. Bu anlamda en g\u00fc\u00e7 s\u0131nav\u0131 veriyoruz&#8221; diye konu\u015ftu.<\/p>\n<p style=\"text-align: justify;\">&#8220;\u0130ktidar hep Cumhuriyeti himaye etmi\u015ftir, daima Cumhuriyet d\u00fc\u015f\u00fcncesinin, anlay\u0131\u015f\u0131n\u0131n yan\u0131nda yer alm\u0131\u015ft\u0131r. Atat\u00fcrk ya\u015farken de \u00f6yle olmu\u015ftur, Atat\u00fcrk ayr\u0131ld\u0131ktan sonra da \u00f6yle olmu\u015ftur. \u0130n\u00f6n\u00fc zaman\u0131nda da Menderes zaman\u0131nda da Demirel zaman\u0131nda da \u00f6yle olmu\u015ftur, daha sonraki zamanlarda da \u00f6yle olmu\u015ftur&#8221; diyen CHP lideri, &#8220;Ama \u015fimdi ilk kez Cumhuriyete kar\u015f\u0131 bir tertibin iktidar taraf\u0131ndan planlanarak y\u00fcr\u00fcrl\u00fc\u011fe konuldu\u011funa tan\u0131k oluyoruz. Bu ger\u00e7e\u011fi unutmamal\u0131y\u0131z. E\u011fer bu ger\u00e7e\u011fi millet\u00e7e te\u015fhis edersek tedbirini en etkili \u015fekilde al\u0131r\u0131z&#8221; ifadesini kulland\u0131.<\/p>\n<p style=\"text-align: justify;\">En b\u00fcy\u00fck ac\u0131lar\u0131n din, demokrasi ve bar\u0131\u015f gibi ortak de\u011ferler gerek\u00e7e g\u00f6sterilerek ya\u015fat\u0131ld\u0131\u011f\u0131n\u0131 ileri s\u00fcren Baykal, Cumhuriyete y\u00f6nelik tehditlerin de &#8220;demokrasi&#8221; ad\u0131 alt\u0131nda yap\u0131lmaya \u00e7al\u0131\u015f\u0131ld\u0131\u011f\u0131n\u0131 kaydetti.<\/p>\n<p style=\"text-align: justify;\">Baykal, &#8220;Bunlar demokrat de\u011fil, bas\u0131n\u0131 sindirenler, 70 bin ki\u015finin telefonunu dinleyenler, internetlerini izleyenler, yarg\u0131y\u0131 bask\u0131 alt\u0131na alanlar, medya kurulu\u015flar\u0131n\u0131 konu\u015famaz hale d\u00f6n\u00fc\u015ft\u00fcrenler, demokrat&#8230; Niye? \u00c7\u00fcnk\u00fc Cumhuriyete kar\u015f\u0131 m\u00fccadeleye \u00f6nc\u00fcl\u00fck yap\u0131yor&#8230; Bu tuzaklara d\u00fc\u015fmeyece\u011fiz. Bunlar g\u00fcn olacak demokrasiden s\u00f6z edecekler, g\u00fcn olacak diyecekler ki &#8216;demokrasi bizim i\u00e7in bir tramvayd\u0131r. \u0130stedi\u011fimiz zaman bineriz, istedi\u011fimiz zaman ineriz&#8217;. &#8216;\u0130nan\u00e7lar\u0131m i\u00e7in gerekirse papaz elbisesi de giyerim&#8217; derler. B\u00f6yle diyenlerin bu laflar\u0131n\u0131 ciddiye alaca\u011f\u0131z, onlar\u0131n hesaplar\u0131na, \u00e7\u0131karlar\u0131na g\u00f6re devletimizin d\u00fczenini kurumlar\u0131m\u0131z\u0131, ili\u015fkilerimizi hukukumuzu tanzim edece\u011fiz, bunlar\u0131n g\u00f6z\u00fcne girece\u011fiz, bunlara yaranaca\u011f\u0131z, bunlara teslim olaca\u011f\u0131z. Bununla da T\u00fcrkiye \u00f6zg\u00fcr olacak&#8230; Var m\u0131 b\u00f6yle bir \u015fey?&#8221; dedi.<\/p>\n<p style=\"text-align: justify;\"><strong><em>&#8220;Bu bir meydan okuma m\u0131?&#8221; <\/em><\/strong><\/p>\n<p style=\"text-align: justify;\">Baykal, &#8220;Bir tesad\u00fcf m\u00fcd\u00fcr? Bilmiyorum. Ama bilin\u00e7li bir karar ise T\u00fcrk milletinin duyarl\u0131l\u0131\u011f\u0131na kar\u015f\u0131 sergilenmi\u015f \u00e7ok b\u00fcy\u00fck bir sayg\u0131s\u0131zl\u0131kt\u0131r. E\u011fer birileri bir \u00f6zg\u00fcven i\u00e7inde, bir meydan okuma anlay\u0131\u015f\u0131 i\u00e7inde bunu ortaya koyuyorlarsa bunu hi\u00e7bir zaman unutmamal\u0131y\u0131z&#8221; diye konu\u015ftu.<\/p>\n<p style=\"text-align: justify;\">Baykal, &#8220;Bayraklar\u0131n yar\u0131ya indi\u011fi bir g\u00fcnde cumhuriyetin boynunu b\u00fckmeye y\u00f6nelik, onun derinden yaralamaya y\u00f6nelik bir plan\u0131n y\u00fcr\u00fcrl\u00fc\u011fe konuluyor olmas\u0131, o bayra\u011f\u0131n yar\u0131ya inmi\u015f olmas\u0131n\u0131 daha da anlaml\u0131 k\u0131l\u0131yor. Ama bilsinler ki o bayrak sadece bug\u00fcn yar\u0131ya inmi\u015f olacakt\u0131r&#8221; &#8221; ifadesini kulland\u0131.<\/p>\n<p style=\"text-align: justify;\"><strong><em>Cumhuriyet&#8217;in de\u011feri <\/em><\/strong><\/p>\n<p style=\"text-align: justify;\">&#8220;Cumhuriyet \u00f6yle bir \u015feydir ki ona sahip oldu\u011funuz zaman onun de\u011ferini anlam\u0131n\u0131z i\u00e7in fazla ihtiya\u00e7 ortaya \u00e7\u0131kmaz&#8221; diyen CHP lideri, &#8220;Ama ne zaman ki onu kaybetme tehlikesi ba\u015fg\u00f6stermi\u015ftir, i\u015fte o zaman bir cumhuriyet olu\u015fturmu\u015f olman\u0131n, bir millet olu\u015fturmu\u015f olman\u0131n ne kadar b\u00fcy\u00fck de\u011fer ta\u015f\u0131d\u0131\u011f\u0131n\u0131 anlamak durumunda kal\u0131r\u0131z. Ne yaz\u0131k ki o zaman da pek \u00e7ok \u015fey i\u00e7in zaman ge\u00e7mi\u015f olur. T\u00fcrkiye&#8217;yi b\u00f6yle tuza\u011fa kimsenin d\u00fc\u015f\u00fcrmesine izin vermemeliyiz&#8221; dedi.<\/p>\n<p style=\"text-align: justify;\"><strong><em>Atat\u00fcrk&#8217;\u00fcn modernle\u015fme modeli <\/em><\/strong><\/p>\n<p style=\"text-align: justify;\">Baykal, &#8220;Elbette b\u00f6ylesine b\u00fcy\u00fck bir \u015fahsiyetin ortaya koydu\u011fu eser b\u00fct\u00fcn d\u00fcnyan\u0131n ilgisini \u00e7ekmeye devam etmektedir. Mustafa Kemal&#8217;in ortaya koydu\u011fu model bug\u00fcn T\u00fcrk modeli diye b\u00fct\u00fcn d\u00fcnyada sayg\u0131yla kar\u015f\u0131lanmaktad\u0131r. Bu, bir modernle\u015fme modelidir. Az geli\u015fmi\u015f bir \u00fclkenin kalk\u0131nm\u0131\u015f bir \u00fclke haline d\u00f6n\u00fc\u015fmesi i\u00e7in, hen\u00fcz daha millet a\u015famas\u0131na gelmemi\u015f bir cemaatler toplulu\u011funun bir milli bilince kavu\u015fturulmas\u0131 i\u00e7in ve \u00e7a\u011fda\u015f medeniyetin daima bir temel hedef olarak kabul edilmesini sa\u011flamak i\u00e7in \u00e7ok b\u00fcy\u00fck bir m\u00fccadeleyi ba\u015far\u0131yla uygulam\u0131\u015f bir insand\u0131r&#8221; dedi.<\/p>\n<p style=\"text-align: justify;\"><strong><em>Domuz gribi a\u015f\u0131s\u0131 <\/em><\/strong><\/p>\n<p style=\"text-align: justify;\">Baykal, konu\u015fmas\u0131nda domuz gribi a\u015f\u0131s\u0131 tart\u0131\u015fmalar\u0131na i\u015faret etti.<\/p>\n<p style=\"text-align: justify;\">Ba\u015fbakan Recep Tayyip Erdo\u011fan&#8217;\u0131n, a\u015f\u0131 olmayaca\u011f\u0131n\u0131 a\u00e7\u0131klad\u0131\u011f\u0131n\u0131 an\u0131msatan Baykal, &#8220;Herkesin a\u015f\u0131lanmas\u0131 bir devlet politikas\u0131ysa, ona sen \u00f6nc\u00fcl\u00fck yapacaks\u0131n. Ki\u015fisel mazeretin varsa, ifade edeceksin. Herkes kendi karar\u0131n\u0131 alacaksa, sana niye ihtiya\u00e7 var bu \u00fclkede? Ba\u015f\u0131ndaki domuz laf\u0131 senin mideni buland\u0131r\u0131yorsa, milletin de midesini buland\u0131r\u0131yor. Millete niye tuzak kuruyorsun o zaman?&#8221; diye sordu.<\/p>\n<p style=\"text-align: justify;\">GDO \u00fczerinden kimlerin para kazand\u0131\u011f\u0131 sorusunu y\u00f6nelten Baykal, &#8220;Milletin sa\u011fl\u0131\u011f\u0131n\u0131, T\u00fcrkiye&#8217;nin tar\u0131m\u0131n\u0131 tehlikeye atmak pahas\u0131na, kendi d\u00fcnyal\u0131klar\u0131n\u0131 geli\u015ftirenler kimlerdir? Bu a\u015f\u0131 ithalat\u0131 kimleri zengin etti?&#8221; dedi.<\/p>\n<p style=\"text-align: justify;\"><strong><em>El Be\u015fir tart\u0131\u015fmas\u0131 <\/em><\/strong><\/p>\n<p style=\"text-align: justify;\">Baykal, Sudan Devlet Ba\u015fkan\u0131 \u00d6mer El Be\u015fir&#8217;in T\u00fcrkiye&#8217;ye gelece\u011fine y\u00f6nelik tart\u0131\u015fmalar\u0131 da de\u011ferlendirerek, Uluslararas\u0131 Ceza Mahkemesinin hakk\u0131nda tutuklama karar\u0131 verdi\u011fi, insanl\u0131\u011fa kar\u015f\u0131 su\u00e7 i\u015fleme iddias\u0131yla yarg\u0131lamak istedi\u011fi bu ki\u015finin, T\u00fcrkiye&#8217;deki y\u00f6neticilerin yak\u0131n dostu oldu\u011funu savundu.<\/p>\n<p style=\"text-align: justify;\">Ziyarete y\u00f6nelik tepkiler kar\u015f\u0131s\u0131nda H\u00fck\u00fcmetin de zihniyetinin ortaya \u00e7\u0131kt\u0131\u011f\u0131n\u0131 kaydeden Baykal, Ba\u015fbakan Erdo\u011fan&#8217;\u0131n, &#8220;Darfur&#8217;a gittim, katliam yok&#8221; dedi\u011fini ifade etti.<\/p>\n<p style=\"text-align: justify;\">Baykal,  &#8220;Sanki katliam\u0131 tespit etme komisyonu ba\u015fkan\u0131 olarak gitmi\u015f. Gitti\u011fi tarih, katliam\u0131n yap\u0131lmakta oldu\u011fu tarihmi\u015f gibi, anla\u015f\u0131lan sokaklarda ceset arad\u0131; &#8216;hi\u00e7bir \u015fey yok&#8217; diye, Adli T\u0131p Raporu gibi temiz raporu verdi. Ba\u015fbakan&#8217;\u0131n, Darfur i\u00e7in temiz t\u0131p raporu&#8230; Sonra bununla yetinmedi, &#8216;M\u00fcsl\u00fcman katliam yapar m\u0131?&#8217; dedi. El Be\u015fir olay\u0131ndaki d\u0131\u015f politika, devlet y\u00f6netme anlay\u0131\u015f\u0131 T\u00fcrkiye&#8217;ye ne kazand\u0131rd\u0131, T\u00fcrkiye&#8217;ye itibar m\u0131 getirdi? Bunlar, birbiri ard\u0131na ortaya \u00e7\u0131kan y\u00f6netim zafiyetleri. Bunlar\u0131 H\u00fck\u00fcmet y\u00f6netemiyor ama ba\u015fka \u015feyleri y\u00f6netiyor&#8221; dedi.<\/p>\n<p style=\"text-align: justify;\"><strong><em>Erdo\u011fan&#8217;a Ayamama deresi su\u00e7lamas\u0131 <\/em><\/strong><\/p>\n<p style=\"text-align: justify;\">Baykal, H\u00fck\u00fcmetin bas\u0131n\u0131, muhalefet bas\u0131n\u0131n\u0131 sindirdi\u011fini, H\u00fck\u00fcmetin, &#8220;devletin paras\u0131, imkanlar sa\u011flad\u0131\u011f\u0131 yak\u0131n i\u015fadamlar\u0131n\u0131n deste\u011fiyle&#8221; medyan\u0131n yar\u0131s\u0131ndan fazlas\u0131n\u0131 sat\u0131n alarak bunu ba\u015fard\u0131\u011f\u0131n\u0131 iddia etti.<\/p>\n<p style=\"text-align: justify;\">Medyan\u0131n, &#8220;yazamaz, s\u00f6yleyemez, olaylar\u0131n \u00fczerine y\u00fcr\u00fcyemez halde oldu\u011funu&#8221; savunan Baykal, medyada yer almad\u0131\u011f\u0131n\u0131 s\u00f6yledi\u011fi olaylardan baz\u0131 \u00f6rnekler verdi.<\/p>\n<p style=\"text-align: justify;\">\u0130stanbul&#8217;da Ayamama Deresi&#8217;nin ta\u015fmas\u0131 sonucu vatanda\u015flar\u0131n hayat\u0131n\u0131 kaybetmesinin alt\u0131nda ne yatt\u0131\u011f\u0131n\u0131 soran Baykal, bu b\u00f6lgenin, 6 Aral\u0131k 1996&#8217;ya kadar \u00e7\u00f6p toplama ve imha alan\u0131 ile at\u0131ksu ar\u0131tma tesisinin yap\u0131laca\u011f\u0131 yer olarak ayr\u0131ld\u0131\u011f\u0131n\u0131 s\u00f6yledi.<\/p>\n<p style=\"text-align: justify;\">Baykal, bu tarihteki \u0130stanbul B\u00fcy\u00fck\u015fehir Belediye Ba\u015fkan\u0131 Recep Tayyip Erdo\u011fan&#8217;\u0131n, imar de\u011fi\u015fikli\u011fiyle bu alan\u0131, ticaret ve hizmet alan\u0131 olarak onaylad\u0131\u011f\u0131n\u0131 savundu.<\/p>\n<p style=\"text-align: justify;\">Baykal, bu alan\u0131n sahiplerinden ikisinin; Erdo\u011fan&#8217;\u0131n o\u011flunun orta\u011f\u0131 ve yak\u0131n arkada\u015f\u0131 Kamer ailesi \u00fcyesi oldu\u011funu \u00f6ne s\u00fcrd\u00fc.<\/p>\n<p style=\"text-align: justify;\">Baykal, telefon kay\u0131tlar\u0131na g\u00f6re, Erdo\u011fan&#8217;\u0131n, i\u015fadam\u0131 arkada\u015f\u0131 Remzi G\u00fcr&#8217;e k\u0131z\u0131na para g\u00f6ndermesini s\u00f6yledi\u011fini, ba\u015fka bir telefon kayd\u0131na g\u00f6re, &#8220;d\u00f6nemin KKTC Ba\u015fbakan\u0131 Mehmet Ali Talat ile Rauf Denkta\u015f&#8217;a kar\u015f\u0131 tezgah kurdu\u011funu&#8221; iddia etti.<\/p>\n<p style=\"text-align: justify;\">Baykal, &#8220;Rumlar, Yunanl\u0131lar kurmuyor Denkta\u015f&#8217;a kar\u015f\u0131 tezgah\u0131, T\u00fcrkiye Cumhuriyeti&#8217;nin Ba\u015fbakan&#8217;\u0131 kuruyor, &#8216;Onu bitiriyoruz&#8217; diyor&#8221; g\u00f6r\u00fc\u015f\u00fcn\u00fc savundu.<\/p>\n<p style=\"text-align: justify;\"><strong><em>Yarg\u0131y\u0131 sindirme <\/em><\/strong><\/p>\n<p style=\"text-align: justify;\">CHP Genel Ba\u015fkan\u0131 Baykal, H\u00fck\u00fcmetin yarg\u0131y\u0131 sindirme i\u015fini hen\u00fcz tamamlayamasa bile \u00e7ok b\u00fcy\u00fck mesafe ald\u0131\u011f\u0131n\u0131 \u00f6ne s\u00fcrd\u00fc.<\/p>\n<p style=\"text-align: justify;\">Sincan 1. A\u011f\u0131r Ceza Mahkemesi Bakan\u0131 Osman Ka\u00e7maz ve YARSAV Ba\u015fkan\u0131 \u00d6mer Faruk Emina\u011fao\u011flu&#8217;nun meslekten ihra\u00e7 istemlerini de de\u011ferlendiren Baykal, bunlar\u0131; rastlant\u0131, s\u0131radan siyasi olaylar olarak d\u00fc\u015f\u00fcnmeleri halinde yan\u0131lacaklar\u0131n\u0131 belirtti.<\/p>\n<p style=\"text-align: justify;\">Baykal, T\u00fcrkiye&#8217;de anayasal \u00e7at\u0131\u015fma ya\u015fand\u0131\u011f\u0131n\u0131 ifade ederek, &#8220;T\u00fcrkiye&#8217;de var olan olay; YARSAV Ba\u015fkan\u0131, \u0130stanbul&#8217;daki bayan hakim, Sincan A\u011f\u0131r Ceza Mahkemesi Ba\u015fkan\u0131, Ergekon davas\u0131n\u0131 y\u00fcr\u00fctmekteyken davadan \u00e7ekilme karar\u0131 alan hakimin \u015fahsi olay\u0131 de\u011fildir. Sistematik, d\u00fczenli, planl\u0131 olay var. Bu olay anayasal \u00e7at\u0131\u015fma olay\u0131d\u0131r. Bu olay\u0131n temelinde; H\u00fck\u00fcmet&#8217;in, AKP&#8217;nin, laikli\u011fe kar\u015f\u0131 eylemlerin odak noktas\u0131nda oldu\u011funa ili\u015fkin Anayasa Mahkemesinin ald\u0131\u011f\u0131 karar var. B\u00f6yle bir karardan sonra ne olurdu, \u00f6yle bir m\u00fceyyide koyars\u0131n\u0131z ki laikli\u011fe kar\u015f\u0131 odak olan bir parti, \u00fclkenin siyasetini y\u00f6nlendiremez&#8221; dedi.<\/p>\n<p style=\"text-align: justify;\">Deniz Baykal, &#8220;Bu olmad\u0131. Bunun olmamas\u0131 halinde, olmas\u0131 gereken \u015fey; hakk\u0131nda h\u00fck\u00fcm verilen siyasi parti, bu h\u00fckm\u00fc sayg\u0131yla kar\u015f\u0131lar, bu h\u00fckm\u00fcn alt\u0131ndaki anlay\u0131\u015f\u0131 kabul eder, i\u00e7ine sindirir ve tutumunu, davran\u0131\u015f\u0131n\u0131 bu karardan etkilenmi\u015f olarak, yeniden y\u00f6nlendirir. Bu olsayd\u0131, bir kriz olmazd\u0131. Ama iktidar, bu karar\u0131 kabul etmedi\u011fini s\u00f6yledi, kesinlikle benimsemedi, i\u00e7\u015felle\u015ftirmedi, gere\u011fini yapmad\u0131. &#8216;Hesapla\u015f\u0131r\u0131z sizinle&#8217; dedi, hesapla\u015fmaya ba\u015flad\u0131. Ergenekon, bas\u0131n\u0131n, yarg\u0131n\u0131n sindirilmesi bu hesapla\u015fman\u0131n bir par\u00e7as\u0131d\u0131r, Silahl\u0131 Kuvvetlerle ya\u015fanan \u00e7at\u0131\u015fma bunun bir par\u00e7as\u0131d\u0131r&#8221; diye konu\u015ftu.<\/p>\n<p style=\"text-align: justify;\"><strong><em>\u0130rtica belgesi <\/em><\/strong><\/p>\n<p style=\"text-align: justify;\">Baykal, konu\u015fmas\u0131nda &#8220;\u0130rticayla M\u00fccadele Eylem Plan\u0131&#8221;na ili\u015fkin tart\u0131\u015fmalara da yer verdi.<\/p>\n<p style=\"text-align: justify;\">Genelkurmay ad\u0131na a\u00e7\u0131klama yap\u0131ld\u0131\u011f\u0131n\u0131, 3 kez orijinal belgeyi istedikleri halde belgenin verilmedi\u011finin s\u00f6ylendi\u011fini an\u0131msatan Baykal, ciddi bir devlet d\u00fczeninde b\u00f6yle bir \u015feyin olamayaca\u011f\u0131n\u0131 kaydetti.<\/p>\n<p style=\"text-align: justify;\">Davay\u0131 y\u00fcr\u00fctmekle g\u00f6revli yarg\u0131 organ\u0131n\u0131n, devletin mercinden talep etmesine ra\u011fmen, belgenin verilmedi\u011fini, b\u00f6yle bir \u015feyin olamayaca\u011f\u0131n\u0131 belirten Baykal, &#8220;Erdo\u011fan, &#8216;Bunu uzatmay\u0131n, Adli T\u0131p Kurumu rapor verdi. Rapor, benim de kafam\u0131 kar\u0131\u015ft\u0131rd\u0131. El imzas\u0131d\u0131r yerine, eli \u00fcr\u00fcn\u00fc kanaat\u0131na var\u0131lmas\u0131n\u0131 sordum, litarat\u00fcrde b\u00f6yle oldu\u011funu s\u00f6ylediler. Adli T\u0131p Kurumu raporuyla, Ankara&#8217;daki mahkemeye h\u00fck\u00fcm vermesini s\u00f6yl\u00fcyor. Ankara&#8217;daki bir mahkeme, bu davay\u0131 g\u00f6t\u00fcr\u00fcyor, &#8216;bu belgeyi ben de inceleyece\u011fim&#8217; diyor, ba\u015fka mahkeme, &#8216;Senin incelemene gerek yok, ben incelettim&#8221; diyemez. Hele Ba\u015fbakan, &#8216;Can\u0131m uzatma, sen de onunla h\u00fck\u00fcm ver&#8217; diyemez. Diyorsa, demokrasinin, hukukun yeri yok demektir&#8221; diye konu\u015ftu.<\/p>\n<p style=\"text-align: justify;\">Konuyu \u0130stanbul&#8217;daki Adli T\u0131p Kurumu&#8217;nun karara ba\u011flad\u0131\u011f\u0131n\u0131 an\u0131msatan Baykal, raporun alt\u0131ndaki 3 imzadan 2&#8217;sinin, Adli T\u0131p Kurumu Fizik Dairesinde belge gelmeden 1 hafta \u00f6nce g\u00f6revlendirilmesinin, ola\u011fan olmad\u0131\u011f\u0131n\u0131 iddia etti.<\/p>\n<p style=\"text-align: justify;\">Baykal, heyetin olu\u015fturulmas\u0131n\u0131n, rutin uygulamadaki gibi kura veya s\u0131ra gibi y\u00f6ntemlerle belirlenmemesinin manidar oldu\u011funu ifade etti.<\/p>\n<p style=\"text-align: justify;\">Baykal, herkesin vicdan\u0131n\u0131n rahatlamas\u0131 gerekti\u011fini, daha ciddi \u00e7al\u0131\u015fmaya ihtiya\u00e7 bulundu\u011funu kaydederek, bunun, hukuka yak\u0131\u015fan adalet aray\u0131\u015f\u0131 y\u00f6ntemi olmad\u0131\u011f\u0131n\u0131 s\u00f6yledi. Baykal, bunun siyasi kararla i\u015f tutma anlay\u0131\u015f\u0131n\u0131n yans\u0131mas\u0131 oldu\u011funu \u00f6ne s\u00fcrd\u00fc.<\/p>\n<p style=\"text-align: justify;\"><span style=\"color: #888888;\">CNN T\u00dcRK<\/span><\/p>\n","protected":false},"excerpt":{"rendered":"<p style=\"text-align: justify;\">\n<p style=\"text-align: justify;\">Atat\u00fcrk&#8217;\u00fcn \u00f6l\u00fcm y\u0131ld\u00f6n\u00fcm\u00fcnde K\u00fcrt a\u00e7\u0131l\u0131m\u0131n\u0131n Meclis&#8217;e getirilmesini ele\u015ftiren CHP lideri Deniz Baykal, &#8220;\u015eimdi ilk kez cumhuriyete kar\u015f\u0131 bir tertibin iktidar taraf\u0131ndan planlanarak y\u00fcr\u00fcrl\u00fc\u011fe konuldu\u011funa tan\u0131k oluyoruz&#8221; dedi.<\/p>\n<p style=\"text-align: justify;\">Milletvekillerinin \u00f6ng\u00f6r\u00fc\u015fmenin bug\u00fcn yap\u0131lmas\u0131n\u0131 protesto i\u00e7in kollar\u0131na siyah bant, 10 Kas\u0131m dolay\u0131s\u0131yla da yakalar\u0131na Atat\u00fcrk resmi takt\u0131\u011f\u0131 CHP grup toplant\u0131s\u0131nda Baykal <\/p>\n","protected":false},"author":1,"featured_media":0,"comment_status":"open","ping_status":"closed","sticky":false,"template":"","format":"standard","meta":{"footnotes":""},"categories":[105],"tags":[],"class_list":["post-16445","post","type-post","status-publish","format-standard","hentry","category-gundem","odd"],"_links":{"self":[{"href":"http:\/\/www.korhanyilmaz.com\/index.php?rest_route=\/wp\/v2\/posts\/16445","targetHints":{"allow":["GET"]}}],"collection":[{"href":"http:\/\/www.korhanyilmaz.com\/index.php?rest_route=\/wp\/v2\/posts"}],"about":[{"href":"http:\/\/www.korhanyilmaz.com\/index.php?rest_route=\/wp\/v2\/types\/post"}],"author":[{"embeddable":true,"href":"http:\/\/www.korhanyilmaz.com\/index.php?rest_route=\/wp\/v2\/users\/1"}],"replies":[{"embeddable":true,"href":"http:\/\/www.korhanyilmaz.com\/index.php?rest_route=%2Fwp%2Fv2%2Fcomments&post=16445"}],"version-history":[{"count":0,"href":"http:\/\/www.korhanyilmaz.com\/index.php?rest_route=\/wp\/v2\/posts\/16445\/revisions"}],"wp:attachment":[{"href":"http:\/\/www.korhanyilmaz.com\/index.php?rest_route=%2Fwp%2Fv2%2Fmedia&parent=16445"}],"wp:term":[{"taxonomy":"category","embeddable":true,"href":"http:\/\/www.korhanyilmaz.com\/index.php?rest_route=%2Fwp%2Fv2%2Fcategories&post=16445"},{"taxonomy":"post_tag","embeddable":true,"href":"http:\/\/www.korhanyilmaz.com\/index.php?rest_route=%2Fwp%2Fv2%2Ftags&post=16445"}],"curies":[{"name":"wp","href":"https:\/\/api.w.org\/{rel}","templated":true}]}}