{"id":16434,"date":"2009-11-10T15:07:11","date_gmt":"2009-11-10T13:07:11","guid":{"rendered":"http:\/\/www.korhanyilmaz.com\/?p=16434"},"modified":"2009-11-10T15:07:11","modified_gmt":"2009-11-10T13:07:11","slug":"eminagaoglu-cemaat-toplantisina-mi-gitseydim","status":"publish","type":"post","link":"http:\/\/www.korhanyilmaz.com\/?p=16434","title":{"rendered":"Emina\u011fao\u011flu: &#039;Cemaat toplant\u0131s\u0131na m\u0131 gitseydim?&#039;"},"content":{"rendered":"<p style=\"text-align: center;\"><a href=\"http:\/\/www.korhanyilmaz.com\/wp-content\/uploads\/2009\/11\/eminagaoglu.jpg\"  class=\"lightview\"><img loading=\"lazy\" decoding=\"async\" class=\"size-full wp-image-16435 aligncenter\" src=\"http:\/\/www.korhanyilmaz.com\/wp-content\/uploads\/2009\/11\/eminagaoglu.jpg\" alt=\"\" width=\"292\" height=\"210\" \/><\/a><\/p>\n<p style=\"text-align: justify;\">Yarg\u0131\u00e7lar ve Savc\u0131lar Birli\u011fi (YARSAV) Ba\u015fkan\u0131 \u00d6mer Faruk Emina\u011fao\u011flu, hakk\u0131ndaki soru\u015fturmalara gerek\u00e7e olarak Cumhuriyet mitinglerine kat\u0131l\u0131m\u0131n\u0131n g\u00f6sterildi\u011fini belirterek, &#8220;Bir Cumhuriyet savc\u0131s\u0131, Cumhuriyet mitingine kat\u0131lmayacak da nereye kat\u0131lacakt\u0131r? Cumhuriyet savc\u0131s\u0131 olarak bir cemaatin toplant\u0131s\u0131na kat\u0131lmam beklenen bir \u015fey de\u011fildir&#8221; dedi.<\/p>\n<p style=\"text-align: justify;\">Emina\u011fao\u011flu, YARSAV Genel Merkezinde d\u00fczenledi\u011fi bas\u0131n toplant\u0131s\u0131nda, Adalet Bakanl\u0131\u011f\u0131n\u0131n hakk\u0131nda talep etti\u011fi &#8220;ihra\u00e7 istemine&#8221; ili\u015fkin de\u011ferlendirmelerde bulundu. <!--more--><\/p>\n<p style=\"text-align: justify;\">Adalet Bakanl\u0131\u011f\u0131&#8217;n\u0131n y\u00fcr\u00fctt\u00fc\u011f\u00fc soru\u015fturman\u0131n adli y\u00f6nden Sincan Cumhuriyet Ba\u015fsavc\u0131l\u0131\u011f\u0131na idari y\u00f6nden de HSYK&#8217;ya iletildi\u011fini bas\u0131ndan \u00f6\u011frendi\u011fini belirten Emina\u011fao\u011flu, avukat\u0131na ve kendisine konuya ili\u015fkin tebligat yap\u0131lmad\u0131\u011f\u0131n\u0131 bildirdi.<\/p>\n<p style=\"text-align: justify;\"><strong><em>Cumhuriyet mitingleri <\/em><\/strong><\/p>\n<p style=\"text-align: justify;\">Hakk\u0131ndaki soru\u015fturmalara gerek\u00e7e olarak Cumhuriyet mitinglerine kat\u0131l\u0131m\u0131n\u0131n g\u00f6sterildi\u011fini belirten Emina\u011fao\u011flu, &#8220;(Cumhuriyet mitinglerine neden kat\u0131ld\u0131n) deniliyor. Bir Cumhuriyet savc\u0131s\u0131, Cumhuriyet mitingine kat\u0131lmayacak da nereye kat\u0131lacakt\u0131r? Cumhuriyet savc\u0131s\u0131 olarak bir cemaatin toplant\u0131s\u0131na kat\u0131lmam beklenen bir \u015fey de\u011fildir&#8221; dedi.<\/p>\n<p style=\"text-align: justify;\">Emina\u011fao\u011flu, &#8220;Ama bug\u00fcn cemaatleri soru\u015fturan Cumhuriyet savc\u0131lar\u0131 soru\u015fturulmaktad\u0131r. D\u00fcnyan\u0131n hi\u00e7bir \u00fclkesinde yarg\u0131\u00e7lar \u015f\u00fcphelilerin huzuruna \u00e7\u0131kmam\u0131\u015ft\u0131r. Bug\u00fcn T\u00fcrkiye&#8217;de bu tersine d\u00f6nm\u00fc\u015ft\u00fcr. \u015e\u00fcpheliler yarg\u0131\u00e7lar\u0131n huzuruna \u00e7\u0131kar\u0131lamamaktad\u0131r. Yarg\u0131\u00e7lar \u015f\u00fcphelilerin huzuruna \u00e7\u0131kar\u0131lm\u0131\u015ft\u0131r. Yarg\u0131 bu noktaya itilmi\u015ftir. Siyasi irade hap\u015f\u0131rd\u0131\u011f\u0131 zaman, yarg\u0131da zat\u00fcrre ortaya \u00e7\u0131k\u0131yor&#8221; diye konu\u015ftu.<\/p>\n<p style=\"text-align: justify;\">T\u00fcrkiye&#8217;de yarg\u0131\u00e7 g\u00fcvencesinin ortadan kald\u0131r\u0131ld\u0131\u011f\u0131n\u0131 belirten Emina\u011fao\u011flu, Adalet Bakanl\u0131\u011f\u0131&#8217;n\u0131n dinlemelere ili\u015fkin karar\u0131n\u0131n yarg\u0131dan ka\u00e7\u0131r\u0131ld\u0131\u011f\u0131n\u0131, kararlar\u0131n yarg\u0131 denetimine tabi tutulmad\u0131\u011f\u0131n\u0131 ve &#8220;faili me\u00e7hul&#8221; dinleme kararlar\u0131 al\u0131nd\u0131\u011f\u0131n\u0131 \u00f6ne s\u00fcrd\u00fc.<\/p>\n<p style=\"text-align: justify;\"><strong><em>Adalet Bakanl\u0131\u011f\u0131 dinlemeye devam ediyor <\/em><\/strong><\/p>\n<p style=\"text-align: justify;\">Emina\u011fao\u011flu, &#8220;D\u00fcnyan\u0131n hangi \u00fclkesinde Adalet Bakanl\u0131\u011f\u0131, yarg\u0131\u00e7 ve savc\u0131lar\u0131n telefonlar\u0131n\u0131 dinler. Adalet Bakanl\u0131\u011f\u0131 elinde evrak olmadan dinlemeye devam ediyor. Yarg\u0131 bask\u0131 alt\u0131nda. Adalet Bakanl\u0131\u011f\u0131, yarg\u0131\u00e7 ve savc\u0131lar\u0131 dinleme noktas\u0131nda mahkemelerden karar almaktad\u0131r. Ceza Muhakemesi Kanunu &#8216;tedbir s\u00fcresince dinleme kararlar\u0131 gizlidir&#8217; diyor. Tedbir s\u00fcresi sona erdi\u011fi halde dinleme kararlar\u0131 ilgilisine iletilmemekte&#8221; diye konu\u015ftu.<\/p>\n<p style=\"text-align: justify;\">Hakk\u0131ndaki soru\u015fturmalar\u0131n &#8220;hukuk d\u0131\u015f\u0131&#8221; olarak y\u00fcr\u00fct\u00fcld\u00fc\u011f\u00fcn\u00fc ve soru\u015fturmalar\u0131 y\u00fcr\u00fcten m\u00fcfetti\u015fler hakk\u0131nda dava a\u00e7t\u0131\u011f\u0131n\u0131 ifade eden Emina\u011fao\u011flu, davalara ili\u015fkin s\u00fcreci beklediklerini ancak Adalet Bakanl\u0131\u011f\u0131n\u0131n &#8220;kamuoyunu maniple etmek&#8221; i\u00e7in s\u00fcreci beklemeden soru\u015fturmalar\u0131 sonland\u0131rd\u0131\u011f\u0131n\u0131 kaydetti.<\/p>\n<p style=\"text-align: justify;\">&#8220;Adalet Bakanl\u0131\u011f\u0131&#8217;n\u0131n bir soru\u015fturmay\u0131 dayanak g\u00f6stererek 11 bin yarg\u0131\u00e7 ve savc\u0131 hakk\u0131nda ter\u00f6r soru\u015fturmas\u0131 yap\u0131lmas\u0131na izin verdi\u011fini&#8221; s\u00f6yleyen Emina\u011fao\u011flu, Adalet Bakanl\u0131\u011f\u0131&#8217;n\u0131n i\u015fleminin iptali i\u00e7in dava a\u00e7t\u0131\u011f\u0131n\u0131 ancak Adalet Bakanl\u0131\u011f\u0131&#8217;n\u0131n &#8220;Senin ad\u0131n yok, neden dava a\u00e7\u0131yorsun&#8221; \u015feklinde savunma yapt\u0131\u011f\u0131n\u0131 belirtti.<\/p>\n<p style=\"text-align: justify;\">Adalet Bakanl\u0131\u011f\u0131&#8217;n\u0131n yarg\u0131 erkini kullanarak hakim ve savc\u0131lar hakk\u0131nda &#8220;ter\u00f6r su\u00e7lamas\u0131yla&#8221; soru\u015fturma yapt\u0131\u011f\u0131n\u0131 savunan Emina\u011fao\u011flu, &#8220;Egemenlik erkine ter\u00f6r olarak bak\u0131lmaktad\u0131r. 11 bin yarg\u0131\u00e7 ve savc\u0131 ad\u0131na m\u00fccadeleyi YARSAV yapacakt\u0131r. Yarg\u0131n\u0131n ba\u011f\u0131ms\u0131z olmas\u0131, vatanda\u015flar\u0131n g\u00fcvencesidir, yarg\u0131n\u0131n ayr\u0131cal\u0131\u011f\u0131 de\u011fildir. Yarg\u0131 tek referans noktas\u0131 olarak hukuku g\u00f6rmektedir. Hukuka ayk\u0131r\u0131l\u0131klar\u0131 yapanlar dersini \u00e7al\u0131\u015fmam\u0131\u015ft\u0131r. YARSAV&#8217;\u0131n hakl\u0131l\u0131\u011f\u0131na ili\u015fkin kararlar\u0131 okuduklar\u0131nda derslerini alacaklard\u0131r&#8221; dedi.<\/p>\n<p style=\"text-align: justify;\"><em><strong>&#8220;Kazanan YARSAV olacak&#8221;<br \/>\n<\/strong><\/em><\/p>\n<p style=\"text-align: justify;\">YARSAV&#8217;\u0131n faaliyetlerinin T\u00fcrkiye&#8217;de kapatma soru\u015fturmalar\u0131 ve kendisi hakk\u0131nda a\u00e7\u0131lan ihra\u00e7 soru\u015fturmalar\u0131yla an\u0131ld\u0131\u011f\u0131n\u0131 ifade eden Emina\u011fao\u011flu, yap\u0131lan i\u015flemlere kar\u015f\u0131 hukuk m\u00fccadelesine devam edeceklerini, kazanan\u0131n da hukuk ve YARSAV olaca\u011f\u0131n\u0131 kaydetti.<\/p>\n<p style=\"text-align: justify;\">Hakk\u0131ndaki soru\u015fturman\u0131n sonu\u00e7land\u0131r\u0131lmas\u0131n\u0131n zamanlama a\u00e7\u0131s\u0131ndan son derece ilgin\u00e7 oldu\u011funu ifade eden Emina\u011fao\u011flu, 15 Kas\u0131m 2009 tarihinde YARSAV&#8217;\u0131n ikinci se\u00e7imli genel kurulu oldu\u011funu ve genel kurul \u00f6ncesinde YARSAV aleyhine g\u00fcndem olu\u015fturulmak i\u00e7in soru\u015fturman\u0131n sonu\u00e7land\u0131r\u0131ld\u0131\u011f\u0131n\u0131 savundu.<\/p>\n<p style=\"text-align: justify;\"><strong><em>M\u0130T ve emniyete verilen dinleme yetkisi <\/em><\/strong><\/p>\n<p style=\"text-align: justify;\">Emina\u011fao\u011flu, &#8220;siyasi iradenin hukuk d\u0131\u015f\u0131 gerek\u00e7elerle 70 milyon insan\u0131n telefonlar\u0131n\u0131n Milli \u0130stihbarat Te\u015fkilat\u0131 ve Emniyet Genel M\u00fcd\u00fcrl\u00fc\u011f\u00fc&#8217;nce dinlenmesine izin vermesine&#8221; sessiz kalamad\u0131\u011f\u0131n\u0131 ve konuya ili\u015fkin yap\u0131lan i\u015flemler nedeniyle YARSAV hakk\u0131nda soru\u015fturma a\u00e7\u0131ld\u0131\u011f\u0131n\u0131 belirterek, Adalet Bakanl\u0131\u011f\u0131&#8217;n\u0131n s\u00f6z konusu i\u015flemine ili\u015fkin tek su\u00e7 duyurusunda bulunan \u00f6rg\u00fct\u00fcn YARSAV oldu\u011funu kaydetti.<\/p>\n<p style=\"text-align: justify;\">Adalet Bakanl\u0131\u011f\u0131 ve Telekom\u00fcnikasyon \u0130darisi Ba\u015fkanl\u0131\u011f\u0131&#8217;n\u0131n (T\u0130B) soru\u015fturmay\u0131 etkilemek i\u00e7in her t\u00fcrl\u00fc i\u015f ve i\u015fleme ba\u015fvurdu\u011funu \u00f6ne s\u00fcren Emina\u011fao\u011flu, T\u0130B&#8217;de Sincan 1. A\u011f\u0131r Ceza Mahkemesi&#8217;nin verdi\u011fi karar do\u011frultusunda tespit yapt\u0131r\u0131ld\u0131\u011f\u0131n\u0131 s\u00f6yledi.<\/p>\n<p style=\"text-align: justify;\">T\u0130B&#8217;deki tespitin ard\u0131ndan Adalet Bakanl\u0131\u011f\u0131&#8217;n\u0131n su\u00e7 duyurusunda bulundu\u011fu i\u00e7in kendisi, tespit karar\u0131n\u0131 verdi\u011fi i\u00e7in de Sincan 1. A\u011f\u0131r Ceza Mahkemesi Ba\u015fkan\u0131 Hakim Osman Ka\u00e7maz hakk\u0131nda &#8220;ihra\u00e7 isteminde&#8221; bulundu\u011funu savunan Emina\u011fao\u011flu, &#8220;Hak arama \u00f6zg\u00fcrl\u00fc\u011f\u00fcm\u00fcz nedeniyle ihra\u00e7 ile kar\u015f\u0131 kar\u015f\u0131ya kal\u0131yoruz&#8221; dedi.<\/p>\n<p style=\"text-align: justify;\"><span style=\"color: #888888;\">CNN T\u00dcRK<\/span><\/p>\n","protected":false},"excerpt":{"rendered":"<p style=\"text-align: center;\">\n<p style=\"text-align: justify;\">Yarg\u0131\u00e7lar ve Savc\u0131lar Birli\u011fi (YARSAV) Ba\u015fkan\u0131 \u00d6mer Faruk Emina\u011fao\u011flu, hakk\u0131ndaki soru\u015fturmalara gerek\u00e7e olarak Cumhuriyet mitinglerine kat\u0131l\u0131m\u0131n\u0131n g\u00f6sterildi\u011fini belirterek, &#8220;Bir Cumhuriyet savc\u0131s\u0131, Cumhuriyet mitingine kat\u0131lmayacak da nereye kat\u0131lacakt\u0131r? Cumhuriyet savc\u0131s\u0131 olarak bir cemaatin toplant\u0131s\u0131na kat\u0131lmam beklenen bir \u015fey de\u011fildir&#8221; dedi.<\/p>\n<p style=\"text-align: justify;\">Emina\u011fao\u011flu, YARSAV Genel Merkezinde d\u00fczenledi\u011fi bas\u0131n toplant\u0131s\u0131nda, Adalet Bakanl\u0131\u011f\u0131n\u0131n <\/p>\n","protected":false},"author":1,"featured_media":0,"comment_status":"open","ping_status":"closed","sticky":false,"template":"","format":"standard","meta":{"footnotes":""},"categories":[105],"tags":[],"class_list":["post-16434","post","type-post","status-publish","format-standard","hentry","category-gundem","odd"],"_links":{"self":[{"href":"http:\/\/www.korhanyilmaz.com\/index.php?rest_route=\/wp\/v2\/posts\/16434","targetHints":{"allow":["GET"]}}],"collection":[{"href":"http:\/\/www.korhanyilmaz.com\/index.php?rest_route=\/wp\/v2\/posts"}],"about":[{"href":"http:\/\/www.korhanyilmaz.com\/index.php?rest_route=\/wp\/v2\/types\/post"}],"author":[{"embeddable":true,"href":"http:\/\/www.korhanyilmaz.com\/index.php?rest_route=\/wp\/v2\/users\/1"}],"replies":[{"embeddable":true,"href":"http:\/\/www.korhanyilmaz.com\/index.php?rest_route=%2Fwp%2Fv2%2Fcomments&post=16434"}],"version-history":[{"count":0,"href":"http:\/\/www.korhanyilmaz.com\/index.php?rest_route=\/wp\/v2\/posts\/16434\/revisions"}],"wp:attachment":[{"href":"http:\/\/www.korhanyilmaz.com\/index.php?rest_route=%2Fwp%2Fv2%2Fmedia&parent=16434"}],"wp:term":[{"taxonomy":"category","embeddable":true,"href":"http:\/\/www.korhanyilmaz.com\/index.php?rest_route=%2Fwp%2Fv2%2Fcategories&post=16434"},{"taxonomy":"post_tag","embeddable":true,"href":"http:\/\/www.korhanyilmaz.com\/index.php?rest_route=%2Fwp%2Fv2%2Ftags&post=16434"}],"curies":[{"name":"wp","href":"https:\/\/api.w.org\/{rel}","templated":true}]}}