{"id":16426,"date":"2009-11-09T23:17:05","date_gmt":"2009-11-09T21:17:05","guid":{"rendered":"http:\/\/www.korhanyilmaz.com\/?p=16426"},"modified":"2009-11-09T23:17:05","modified_gmt":"2009-11-09T21:17:05","slug":"kilicdaroglu-sert-cikti-turkiye%e2%80%99de-fasizm-var","status":"publish","type":"post","link":"http:\/\/www.korhanyilmaz.com\/?p=16426","title":{"rendered":"K\u0131l\u0131\u00e7daro\u011flu sert \u00e7\u0131kt\u0131: T\u00fcrkiye\u2019de fa\u015fizm var!"},"content":{"rendered":"<p style=\"text-align: justify;\"><a href=\"http:\/\/www.korhanyilmaz.com\/wp-content\/uploads\/2009\/11\/k\u0131l\u0131cdaroglu1.jpg\"  class=\"lightview\"><img loading=\"lazy\" decoding=\"async\" class=\"aligncenter size-full wp-image-16427\" src=\"http:\/\/www.korhanyilmaz.com\/wp-content\/uploads\/2009\/11\/k\u0131l\u0131cdaroglu1.jpg\" alt=\"\" width=\"450\" height=\"225\" \/><\/a><\/p>\n<p style=\"text-align: justify;\">T\u00dcRK\u0130YE\u2019de kimse h\u00fck\u00fcmeti ele\u015ftiremiyor. TV patronuysan\u0131z davadan i\u00e7eri! Gazete sahibiyseniz d\u00fcnyan\u0131n en a\u011f\u0131r cezas\u0131. Hakim, Ba\u015fbakan\u2019\u0131 tazminata mahkum etti. Vay, sen misin! Oraya bir m\u00fcfetti\u015f ordusu. Hani g\u00fc\u00e7ler ayr\u0131l\u0131\u011f\u0131 vard\u0131. <!--more--><\/p>\n<p style=\"text-align: justify;\"><strong><em>T\u00fcrkiye\u2019de \u00f6rt\u00fcl\u00fc fa\u015fizm var!<\/em><\/strong><\/p>\n<p style=\"text-align: justify;\">CHP Grup Ba\u015fkanvekili Kemal K\u0131l\u0131\u00e7daro\u011flu, yarg\u0131 ba\u011f\u0131ms\u0131zl\u0131\u011f\u0131n\u0131n olmad\u0131\u011f\u0131 bir yerde demokrasinin olmayaca\u011f\u0131n\u0131 s\u00f6yledi. Denizli\u2019de, EGS Kongre ve K\u00fclt\u00fcr Merkezi\u2019nde \u201cYolsuzluk ve Yoksulluk K\u0131skac\u0131nda T\u00fcrkiye\u201d konulu konferans veren K\u0131l\u0131\u00e7daro\u011flu, AKP iktidar\u0131n\u0131 topa tuttu. T\u00fcrkiye\u2019de yarg\u0131 ba\u011f\u0131ms\u0131zl\u0131\u011f\u0131n\u0131n mutlaka sa\u011flanmas\u0131 gerekti\u011fini ifade eden K\u0131l\u0131\u00e7daro\u011flu, \u201cYarg\u0131 ba\u011f\u0131ms\u0131zl\u0131\u011f\u0131n\u0131n olmad\u0131\u011f\u0131 bir yerde demokrasi tatildedir, demokrasi yoktur. Biz san\u0131yoruz ki T\u00fcrkiye\u2019de demokrasi var, oy kullan\u0131yoruz. Oysa T\u00fcrkiye\u2019de \u015fu anda \u00f6rt\u00fcl\u00fc fa\u015fizm var\u201d dedi. T\u00fcrkiye\u2019de hi\u00e7 kimsenin h\u00fck\u00fcmeti ele\u015ftiremedi\u011fini belirten K\u0131l\u0131\u00e7daro\u011flu, \u015funlar\u0131 s\u00f6yledi: \u201cTelevizyon patronuysan\u0131z \u00dcmraniye\u2019den i\u00e7eri. Gazete sahibiyseniz, d\u00fcnyan\u0131n en a\u011f\u0131r cezas\u0131. Hakim, Ba\u015fbakan\u0131 tazminata mahkum etti. Vay, sen misin, oraya bir m\u00fcfetti\u015f ordusu. Hani demokrasi, g\u00fc\u00e7ler ayr\u0131l\u0131\u011f\u0131 vard\u0131\u201d diye konu\u015ftu. \u00d6te yandan, Adalet Bakanl\u0131\u011f\u0131\u2019n\u0131n ihra\u00e7 istemlerini Meclis\u2019te gazetecilere de\u011ferlendiren K\u0131l\u0131\u00e7daro\u011flu, \u201cAKP neden bu pani\u011fe kap\u0131ld\u0131, birden bire yarg\u0131\u00e7lar\u0131n \u00fczerine bu kadar ac\u0131mas\u0131zca gidebiliyor. Bunun sorgulanmas\u0131 laz\u0131m. Biz bu olay\u0131n pe\u015fini b\u0131rakmayaca\u011f\u0131z\u201d dedi.<\/p>\n<p style=\"text-align: justify;\"><span style=\"color: #888888;\">Haber Kayna\u011f\u0131 : <a href=\"http:\/\/www.yenicaggazetesi.com.tr\/haberdetay.php?hit=26076\" target=\"_blank\">yenicaggazetesi.com.tr<\/a><\/span><\/p>\n","protected":false},"excerpt":{"rendered":"<p style=\"text-align: justify;\">\n<p style=\"text-align: justify;\">T\u00dcRK\u0130YE\u2019de kimse h\u00fck\u00fcmeti ele\u015ftiremiyor. TV patronuysan\u0131z davadan i\u00e7eri! Gazete sahibiyseniz d\u00fcnyan\u0131n en a\u011f\u0131r cezas\u0131. Hakim, Ba\u015fbakan\u2019\u0131 tazminata mahkum etti. Vay, sen misin! Oraya bir m\u00fcfetti\u015f ordusu. Hani g\u00fc\u00e7ler ayr\u0131l\u0131\u011f\u0131 vard\u0131. <\/p>\n","protected":false},"author":1,"featured_media":0,"comment_status":"open","ping_status":"closed","sticky":false,"template":"","format":"standard","meta":{"footnotes":""},"categories":[105],"tags":[],"class_list":["post-16426","post","type-post","status-publish","format-standard","hentry","category-gundem","odd"],"_links":{"self":[{"href":"http:\/\/www.korhanyilmaz.com\/index.php?rest_route=\/wp\/v2\/posts\/16426","targetHints":{"allow":["GET"]}}],"collection":[{"href":"http:\/\/www.korhanyilmaz.com\/index.php?rest_route=\/wp\/v2\/posts"}],"about":[{"href":"http:\/\/www.korhanyilmaz.com\/index.php?rest_route=\/wp\/v2\/types\/post"}],"author":[{"embeddable":true,"href":"http:\/\/www.korhanyilmaz.com\/index.php?rest_route=\/wp\/v2\/users\/1"}],"replies":[{"embeddable":true,"href":"http:\/\/www.korhanyilmaz.com\/index.php?rest_route=%2Fwp%2Fv2%2Fcomments&post=16426"}],"version-history":[{"count":0,"href":"http:\/\/www.korhanyilmaz.com\/index.php?rest_route=\/wp\/v2\/posts\/16426\/revisions"}],"wp:attachment":[{"href":"http:\/\/www.korhanyilmaz.com\/index.php?rest_route=%2Fwp%2Fv2%2Fmedia&parent=16426"}],"wp:term":[{"taxonomy":"category","embeddable":true,"href":"http:\/\/www.korhanyilmaz.com\/index.php?rest_route=%2Fwp%2Fv2%2Fcategories&post=16426"},{"taxonomy":"post_tag","embeddable":true,"href":"http:\/\/www.korhanyilmaz.com\/index.php?rest_route=%2Fwp%2Fv2%2Ftags&post=16426"}],"curies":[{"name":"wp","href":"https:\/\/api.w.org\/{rel}","templated":true}]}}