{"id":16420,"date":"2009-11-09T23:09:24","date_gmt":"2009-11-09T21:09:24","guid":{"rendered":"http:\/\/www.korhanyilmaz.com\/?p=16420"},"modified":"2009-11-09T23:09:24","modified_gmt":"2009-11-09T21:09:24","slug":"oldu-olacak-assaydiniz","status":"publish","type":"post","link":"http:\/\/www.korhanyilmaz.com\/?p=16420","title":{"rendered":"Oldu olacak assayd\u0131n\u0131z!.."},"content":{"rendered":"<p style=\"text-align: center;\"><a href=\"http:\/\/www.korhanyilmaz.com\/wp-content\/uploads\/2009\/11\/ka\u00e7maz1.jpg\"  class=\"lightview\"><img loading=\"lazy\" decoding=\"async\" class=\"aligncenter size-full wp-image-16422\" src=\"http:\/\/www.korhanyilmaz.com\/wp-content\/uploads\/2009\/11\/ka\u00e7maz1.jpg\" alt=\"\" width=\"450\" height=\"225\" \/><\/a><\/p>\n<p style=\"text-align: justify;\">ADALET Bakanl\u0131\u011f\u0131\u2019n\u0131n ceza istekleri ba\u015fkent g\u00fcndemine bomba gibi d\u00fc\u015ft\u00fc. Osman Ka\u00e7maz i\u00e7in \u00e7\u0131kan \u201cMeslekten ihra\u00e7 edilsin. 2 kez g\u00f6rev yeri de\u011fi\u015ftirilsin. 4 ayr\u0131 kovu\u015fturma a\u00e7\u0131ls\u0131n\u201d raporu \u015fok etkisi yarat\u0131rken, Adalet Bakan\u0131 Sadullah Ergin, \u201cBundan sonra s\u00fcre\u00e7 ba\u011f\u0131ms\u0131z yarg\u0131da i\u015fleyecek\u201d a\u00e7\u0131klamas\u0131 yapt\u0131.<!--more--><\/p>\n<p style=\"text-align: justify;\"><strong><em>Birbirinden garip su\u00e7lamalar<\/em><\/strong><\/p>\n<p style=\"text-align: justify;\">\u015eOKUN 2. dalgas\u0131 YARSAV Ba\u015fkan\u0131 \u00d6. Faruk Emina\u011fao\u011flu i\u00e7in istenen cezayla geldi. Cumhuriyet Savc\u0131s\u0131 olan Emina\u011fao\u011flu\u2019nun \u2018Cumhuriyet mitinglerine kat\u0131lmak\u2019la su\u00e7lanmas\u0131, olay\u0131 trajikomik bir hale getirdi. \u0130hra\u00e7 ve yer de\u011fi\u015fikli\u011fi karar\u0131n\u0131 HSYK verecek. Ka\u00e7maz ve Emina\u011fao\u011flu\u2019nun itiraz haklar\u0131 var.<\/p>\n<p style=\"text-align: justify;\"><strong><em>Cesur kararlar\u0131n hakimi: Ka\u00e7maz<\/em><\/strong><\/p>\n<p style=\"text-align: justify;\"><strong><em>G\u00fcl yarg\u0131lanmal\u0131<\/em><\/strong><\/p>\n<p style=\"text-align: justify;\">Cumhurba\u015fkan\u0131\u2019n\u0131 \u201cKay\u0131p Trilyon\u201d davas\u0131nda \u2019\u015f\u00fcpheli\u2019g\u00f6rd\u00fc ve yarg\u0131lanmas\u0131n\u0131 istedi.<\/p>\n<p style=\"text-align: justify;\"><strong><em>Erdo\u011fan\u2019a \u015fok!<\/em><\/strong><\/p>\n<p style=\"text-align: justify;\">\u201cSay\u0131n \u00d6calan\u201d diyen Ba\u015fbakan Erdo\u011fan hakk\u0131nda verilen takipsizlik karar\u0131n\u0131 kald\u0131rd\u0131.<\/p>\n<p style=\"text-align: justify;\"><strong><em>T\u0130B\u2019e bask\u0131n<\/em><\/strong><\/p>\n<p style=\"text-align: justify;\">Telekom\u00fcnikasyon \u0130leti\u015fim Ba\u015fkanl\u0131\u011f\u0131\u2019n\u0131n (T\u0130B) t\u00fcm dinleme kay\u0131tlar\u0131n\u0131 kontrol ettirdi.<\/p>\n<p style=\"text-align: justify;\"><strong><em>Tazminat davas\u0131<\/em><\/strong><\/p>\n<p style=\"text-align: justify;\">Ki\u015filik haklar\u0131na sald\u0131rd\u0131klar\u0131 gerek\u00e7esiyle G\u00fcl ve Erdo\u011fan hakk\u0131nda tazminat davas\u0131 a\u00e7t\u0131.<\/p>\n<p style=\"text-align: justify;\"><strong><em>Yarg\u0131da ihra\u00e7 depremi<\/em><\/strong><\/p>\n<p style=\"text-align: justify;\">Adalet Bakanl\u0131\u011f\u0131, \u2018G\u00fcl yarg\u0131lans\u0131n\u2019 diyen, \u2018Erdo\u011fan hakk\u0131ndaki takipsizlik karar\u0131n\u0131 kald\u0131ran\u2019 Sincan 1. A\u011f\u0131r Ceza Mahkemesi Ba\u015fkan\u0131 Ka\u00e7maz ile YARSAV Ba\u015fkan\u0131 Emina\u011fao\u011flu\u2019nun meslekten ihra\u00e7lar\u0131n\u0131 istedi.<\/p>\n<p style=\"text-align: justify;\">Adalet Bakanl\u0131\u011f\u0131, Sincan Birinci A\u011f\u0131r Ceza Mahkemesi Ba\u015fkan\u0131 Osman Ka\u00e7maz ile YARSAV Ba\u015fkan\u0131 \u00d6mer Faruk Emina\u011fao\u011flu\u2019nun meslekten ihrac\u0131n\u0131 istedi. Adalet Bakanl\u0131\u011f\u0131 Tefti\u015f Kurulu, Ka\u00e7maz hakk\u0131nda d\u00f6rt ayd\u0131r s\u00fcrd\u00fcr\u00fclen soru\u015fturmay\u0131 tamamlad\u0131. Raporda Osman Ka\u00e7maz\u2019\u0131n disiplin y\u00f6n\u00fcnden meslekten ihrac\u0131 iki kez de g\u00f6rev yerinin de\u011fi\u015ftirilmesi istendi.  Raporda ayr\u0131ca Sincan Hakimi\u2019nin hakk\u0131nda 4 ayr\u0131 kovu\u015fturma a\u00e7\u0131lmas\u0131 da talep edildi. Ceza \u0130\u015fleri Genel M\u00fcd\u00fcrl\u00fc\u011f\u00fc\u2019ne g\u00f6nderilen rapor, Adalet Bakan\u0131 Sadullah Ergin ve M\u00fcste\u015far Ahmet Kahraman taraf\u0131ndan onaylanarak nihai karar\u0131 verecek olan Hakimler ve Savc\u0131lar Y\u00fcksek Kurulu\u2019na (HSYK) iletildi.<\/p>\n<p style=\"text-align: justify;\"><strong><em>\u0130tiraz haklar\u0131 var<\/em><\/strong><\/p>\n<p style=\"text-align: justify;\">Ka\u00e7maz hakk\u0131ndaki meslekten ihra\u00e7 ve yer de\u011fi\u015ftirme taleplerini HSYK karara ba\u011flayacak. Adli kovu\u015fturma karar\u0131n\u0131 ise Ankara Cumhuriyet Ba\u015fsavc\u0131l\u0131\u011f\u0131 verecek. Kovu\u015fturma karar\u0131 \u00e7\u0131karsa yarg\u0131lamay\u0131 Yarg\u0131tay\u2019\u0131n ilgili dairesi yapacak. HSYK\u2019n\u0131n verece\u011fi karara Hakim Ka\u00e7maz\u2019\u0131n itiraz hakk\u0131 bulunuyor. \u0130tiraz\u0131, HSYK\u2019n\u0131n yedek \u00fcyelerinin de kat\u0131l\u0131m\u0131yla \u0130tirazlar\u0131 \u0130nceleme Kurulu g\u00f6r\u00fc\u015fecek.<\/p>\n<p style=\"text-align: justify;\">Ba\u015fkent g\u00fcndemine bomba gibi d\u00fc\u015fen bu haberin ard\u0131ndan bir ihra\u00e7 talebi daha geldi. Adalet Bakanl\u0131\u011f\u0131, YARSAV Ba\u015fkan\u0131 \u00d6mer Faruk Eminao\u011flu\u2019nun da ihrac\u0131n\u0131 istedi. Adalet Bakanl\u0131\u011f\u0131 Tefti\u015f Kurulu, Eminao\u011flu hakk\u0131ndaki raporunu tamamlad\u0131. YARSAV Ba\u015fkan\u0131\u2019n\u0131n yarg\u0131\u00e7l\u0131ktan kesin ihrac\u0131 istendi. Emina\u011folu\u2019nun \u00dcmraniye soru\u015fturmas\u0131 konusunda yapt\u0131\u011f\u0131 a\u00e7\u0131klamalar su\u00e7 dosyas\u0131na konuldu. Su\u00e7 dosyas\u0131nda \u015funlar da yer ald\u0131: \u201cSabih Kanado\u011flu\u2019nun evinin aranmas\u0131n\u0131n\u0131 ard\u0131ndan sonra yapt\u0131\u011f\u0131 a\u00e7\u0131klama, Cumhuriyet gazetesine destek vermek, An\u0131tkabir ve Tando\u011fan\u2019daki Cumhuriyet mitinglerine kat\u0131lmak, Adalet Bakan\u0131 ve m\u00fcste\u015far\u0131 hakk\u0131nda a\u00e7\u0131klamalarda bulunmak, Cumhurba\u015fkanl\u0131\u011f\u0131 se\u00e7iminde 367 tart\u0131\u015fmalar\u0131yla ilgili ifadesi.\u201d Eminao\u011flu hakk\u0131ndaki disiplin soru\u015fturmas\u0131n\u0131 Hakimler ve Savc\u0131lar Y\u00fcksek Kurulu yap\u0131lacak.  Adli soru\u015fturmay\u0131 ise Yarg\u0131tay\u2019\u0131n ilgili dairesi yapacak.<\/p>\n<p style=\"text-align: justify;\"><strong><em>Hen\u00fcz tebligat yok<\/em><\/strong><\/p>\n<p style=\"text-align: justify;\">\u00d6te yandan Sincan 1. A\u011f\u0131r Ceza Mahkemesi Ba\u015fkan\u0131 Osman Ka\u00e7maz, Adalet Bakanl\u0131\u011f\u0131 m\u00fcfetti\u015flerinin hakk\u0131nda yapt\u0131\u011f\u0131 soru\u015fturma sonunda \u201cmeslekten ihra\u00e7 isteminde bulundu\u011fu\u201d y\u00f6n\u00fcndeki haberlerle ilgili olarak, \u201cBana yap\u0131lm\u0131\u015f bir tebligat yok ama duyumlar\u0131m ihra\u00e7 isteminin do\u011fru oldu\u011fu y\u00f6n\u00fcnde\u201d dedi. Adalet Bakan\u0131 Sadullah Ergin ise Osman Ka\u00e7maz ile ilgili i\u015flemin yeni bir durum olmad\u0131\u011f\u0131n\u0131 belirterek bundan sonra s\u00fcre\u00e7 ba\u011f\u0131ms\u0131z yarg\u0131da i\u015fleyecek\u201d diye konu\u015ftu.<\/p>\n<p style=\"text-align: justify;\"><strong><em>\u0130\u015fte Ka\u00e7maz\u2019\u0131n cesur kararlar\u0131<br \/>\n<\/em><\/strong><\/p>\n<p style=\"text-align: justify;\"><strong><em>Kay\u0131p trilyon davas\u0131nda \u2018G\u00fcl yarg\u0131lans\u0131n\u2019 dedi<\/em><\/strong><\/p>\n<p style=\"text-align: justify;\">Ba\u015fkanl\u0131\u011f\u0131n\u0131 Osman Ka\u00e7maz\u2019\u0131n yapt\u0131\u011f\u0131 Sincan A\u011f\u0131r Ceza Mahkemesi, Cumhurba\u015fkan\u0131 G\u00fcl\u2019\u00fcn \u2018Kay\u0131p trilyon\u2019 davas\u0131yla ilgili olarak evrakta sahtecilik su\u00e7undan yarg\u0131lanmas\u0131 gerekti\u011fine karar vermi\u015fti. Ankara Cumhuriyet Ba\u015fsavc\u0131l\u0131\u011f\u0131\u2019n\u0131n, Cumhurba\u015fkan\u0131 hakk\u0131nda verdi\u011fi takipsizlik karar\u0131n\u0131 kald\u0131ran mahkeme karar\u0131nda, Abdullah G\u00fcl\u2019den \u2018\u015f\u00fcpheli\u2019 olarak bahsedilmi\u015fti. Kararda, \u201cDokunulmazl\u0131\u011f\u0131n\u0131n yasa koyucunun Cumhurba\u015fkan\u0131n\u0131 da kapsad\u0131\u011f\u0131 y\u00f6n\u00fcnde g\u00f6r\u00fc\u015fleri hukuktan yoksun, kanunlara ayk\u0131r\u0131 oldu\u011fu a\u00e7\u0131kt\u0131r\u201d denilmi\u015fti.  Adalet Bakanl\u0131\u011f\u0131, Cumhurba\u015fkan\u0131 Abdullah G\u00fcl\u2019\u00fcn yarg\u0131lanmas\u0131 y\u00f6n\u00fcnde karar vermesinin ard\u0131ndan Ka\u00e7maz hakk\u0131nda soru\u015fturma ba\u015flatm\u0131\u015ft\u0131.<\/p>\n<p style=\"text-align: justify;\"><strong><em>Erdo\u011fan\u2019\u0131n takipsizlik karar\u0131n\u0131 kald\u0131rm\u0131\u015ft\u0131<\/em><\/strong><\/p>\n<p style=\"text-align: justify;\">Sincan 1. A\u011f\u0131r Ceza Mahkemesi Ba\u015fkan\u0131 Osman Ka\u00e7maz, 13 Temmuz 2007\u2019de Ba\u015fbakan Recep Tayyip Erdo\u011fan hakk\u0131nda \u2018Say\u0131n \u00d6calan\u2019 s\u00f6z\u00fcn\u00fc kulland\u0131\u011f\u0131 gerek\u00e7esiyle Ankara Ba\u015fsavc\u0131l\u0131\u011f\u0131n\u0131n verdi\u011fi takipsizlik karar\u0131n\u0131 kald\u0131rm\u0131\u015ft\u0131. Ankara Cumhuriyet Ba\u015fsavc\u0131l\u0131\u011f\u0131 da, Erdo\u011fan ile ilgili fezleke haz\u0131rlay\u0131p dokunulmazl\u0131k nedeniyle dosyay\u0131 TBMM\u2019ye g\u00f6nderme karar\u0131 alm\u0131\u015ft\u0131. Erdo\u011fan\u2019\u0131n, Avrupa\u2019da bir radyoda 2000 y\u0131l\u0131nda yapt\u0131\u011f\u0131 konu\u015fmada, Abdullah \u00d6calan\u2019dan iki kez \u2018Say\u0131n\u2019 ve \u015fehitlerden de \u2018Kelle\u2019 diye s\u00f6z etti\u011fi ileri s\u00fcr\u00fclm\u00fc\u015ft\u00fc. Erdo\u011fan, \u015fehit ailelerinin a\u00e7t\u0131\u011f\u0131 davada 3 kuru\u015f tazminat \u00f6demeye mahkum edilmi\u015fti. Erdo\u011fan paray\u0131 \u00f6demeyince \u015fehit aileleri alacaklar\u0131n\u0131  icra yoluyla tahsil etmi\u015fti.<\/p>\n<p style=\"text-align: justify;\"><strong><em>Dinlemenin merkezini kontrol ettirmi\u015fti<\/em><\/strong><\/p>\n<p style=\"text-align: justify;\">Osman Ka\u00e7maz, YARSAV Ba\u015fkan\u0131 \u00d6mer Faruk Emina\u011fao\u011flu\u2019nun telefonlar\u0131n\u0131n dinlenip dinlenmedi\u011fi konusunda Telekom\u00fcnikasyon \u0130leti\u015fim Ba\u015fkanl\u0131\u011f\u0131\u2019n\u0131n (T\u0130B) t\u00fcm dinleme kay\u0131tlar\u0131n\u0131n kontrol edilmesini istemi\u015fti. Mahkemenin karar\u0131 do\u011frultusunda TiB\u2019de Ankara 1. Sulh Ceza Hakimi Hayri Keskin ve beraberindeki 3 bilirki\u015fi inceleme ba\u015flatm\u0131\u015ft\u0131. Uzmanlar, usuls\u00fcz dinleme iddialar\u0131n\u0131 ara\u015ft\u0131rm\u0131\u015ft\u0131. Adalet Bakanl\u0131\u011f\u0131 ise, Telekom\u00fcnikasyon \u0130leti\u015fim Ba\u015fkanl\u0131\u011f\u0131\u2019ndaki tespit s\u0131ras\u0131nda \u201cyasa ihlali\u201d yap\u0131ld\u0131\u011f\u0131 ve \u201cmahkeme karar\u0131n\u0131 a\u015facak yorumla inceleme yap\u0131ld\u0131\u011f\u0131\u201d gerek\u00e7esiyle olay\u0131 incelemeye alm\u0131\u015ft\u0131.<\/p>\n<p style=\"text-align: justify;\"><strong><em>G\u00fcl ve Erdo\u011fan\u2019\u0131 mahkemeye vermi\u015fti<\/em><\/strong><\/p>\n<p style=\"text-align: justify;\">Sincan 1. A\u011f\u0131r Ceza Mahkemesi Ba\u015fkan\u0131 Osman Ka\u00e7maz, \u201cKay\u0131p Trilyon\u201d davas\u0131nda verilen takipsizlik karar\u0131n\u0131n kald\u0131r\u0131lmas\u0131n\u0131n ard\u0131ndan, \u201cki\u015filik haklar\u0131na zarar verdikleri\u201d iddias\u0131yla Cumhurba\u015fkan\u0131 Abdullah G\u00fcl ve Ba\u015fbakan Recep Tayyip Erdo\u011fan aleyhinde 10\u2019ar bin TL\u2019lik tazminat davalar\u0131 a\u00e7m\u0131\u015ft\u0131. Ka\u00e7maz ayr\u0131ca, dinlenmemesi i\u00e7in, odas\u0131na Ba\u015fbakan, Cumhurba\u015fkan\u0131 ve Genelkurmay Ba\u015fkan\u0131\u2019n\u0131n korunmas\u0131nda kullan\u0131lan jammer cihaz\u0131 da koydurtmu\u015ftu. Ka\u00e7maz\u2019\u0131n bu konuyla ilgili \u201cHerkes biliyor ki, herkes dinleniyor. Ama kim taraf\u0131ndan dinlendi\u011fimiz konusunda \u015f\u00fcphemiz var. Yani yasal dinleme de\u011fil tabii ki\u201d demi\u015fti. Ka\u00e7maz bas\u0131n mensuplar\u0131n\u0131n \u201c\u015e\u00fcpheleriniz mi var dinlendi\u011finize dair\u201d sorusunu \u201cKesinlikle\u201d diyerek cevaplam\u0131\u015ft\u0131.<\/p>\n<p style=\"text-align: justify;\"><span style=\"color: #888888;\">Haber Kayna\u011f\u0131 : Fatih ERBOZ &#8211; <a href=\"http:\/\/www.yenicaggazetesi.com.tr\/haberdetay.php?hit=26074\" target=\"_blank\">yenicaggazetesi.com.tr<\/a><\/span><\/p>\n","protected":false},"excerpt":{"rendered":"<p style=\"text-align: center;\">\n<p style=\"text-align: justify;\">ADALET Bakanl\u0131\u011f\u0131\u2019n\u0131n ceza istekleri ba\u015fkent g\u00fcndemine bomba gibi d\u00fc\u015ft\u00fc. Osman Ka\u00e7maz i\u00e7in \u00e7\u0131kan \u201cMeslekten ihra\u00e7 edilsin. 2 kez g\u00f6rev yeri de\u011fi\u015ftirilsin. 4 ayr\u0131 kovu\u015fturma a\u00e7\u0131ls\u0131n\u201d raporu \u015fok etkisi yarat\u0131rken, Adalet Bakan\u0131 Sadullah Ergin, \u201cBundan sonra s\u00fcre\u00e7 ba\u011f\u0131ms\u0131z yarg\u0131da i\u015fleyecek\u201d a\u00e7\u0131klamas\u0131 yapt\u0131.<\/p>\n","protected":false},"author":1,"featured_media":0,"comment_status":"open","ping_status":"closed","sticky":false,"template":"","format":"standard","meta":{"footnotes":""},"categories":[105],"tags":[],"class_list":["post-16420","post","type-post","status-publish","format-standard","hentry","category-gundem","odd"],"_links":{"self":[{"href":"http:\/\/www.korhanyilmaz.com\/index.php?rest_route=\/wp\/v2\/posts\/16420","targetHints":{"allow":["GET"]}}],"collection":[{"href":"http:\/\/www.korhanyilmaz.com\/index.php?rest_route=\/wp\/v2\/posts"}],"about":[{"href":"http:\/\/www.korhanyilmaz.com\/index.php?rest_route=\/wp\/v2\/types\/post"}],"author":[{"embeddable":true,"href":"http:\/\/www.korhanyilmaz.com\/index.php?rest_route=\/wp\/v2\/users\/1"}],"replies":[{"embeddable":true,"href":"http:\/\/www.korhanyilmaz.com\/index.php?rest_route=%2Fwp%2Fv2%2Fcomments&post=16420"}],"version-history":[{"count":0,"href":"http:\/\/www.korhanyilmaz.com\/index.php?rest_route=\/wp\/v2\/posts\/16420\/revisions"}],"wp:attachment":[{"href":"http:\/\/www.korhanyilmaz.com\/index.php?rest_route=%2Fwp%2Fv2%2Fmedia&parent=16420"}],"wp:term":[{"taxonomy":"category","embeddable":true,"href":"http:\/\/www.korhanyilmaz.com\/index.php?rest_route=%2Fwp%2Fv2%2Fcategories&post=16420"},{"taxonomy":"post_tag","embeddable":true,"href":"http:\/\/www.korhanyilmaz.com\/index.php?rest_route=%2Fwp%2Fv2%2Ftags&post=16420"}],"curies":[{"name":"wp","href":"https:\/\/api.w.org\/{rel}","templated":true}]}}