{"id":16416,"date":"2009-11-10T10:28:25","date_gmt":"2009-11-10T08:28:25","guid":{"rendered":"http:\/\/www.korhanyilmaz.com\/?p=16416"},"modified":"2009-11-10T10:28:25","modified_gmt":"2009-11-10T08:28:25","slug":"demirelden-erdogana-yanit","status":"publish","type":"post","link":"http:\/\/www.korhanyilmaz.com\/?p=16416","title":{"rendered":"Demirel&#039;den Erdo\u011fan&#039;a yan\u0131t"},"content":{"rendered":"<p><a href=\"http:\/\/www.korhanyilmaz.com\/wp-content\/uploads\/2009\/11\/demirel.jpg\"  class=\"lightview\"><img loading=\"lazy\" decoding=\"async\" class=\"aligncenter size-full wp-image-16417\" src=\"http:\/\/www.korhanyilmaz.com\/wp-content\/uploads\/2009\/11\/demirel.jpg\" alt=\"\" width=\"292\" height=\"197\" \/><\/a><\/p>\n<p style=\"text-align: justify;\">Ba\u015fbakan Recep Tayyip Erdo\u011fan\u2019\u0131n \u201c\u015eapkay\u0131 al\u0131p gitmem, gerekeni yapar\u0131m\u201d s\u00f6ylemiyle g\u00f6nderme yapt\u0131\u011f\u0131 9. Cumhurba\u015fkan\u0131 S\u00fcleyman Demirel, &#8220;1969\u2019da d\u00f6nemin Genelkurmay Ba\u015fkan\u0131 Cemal Tural g\u00f6revinin d\u0131\u015f\u0131na ta\u015fan \u015feyler yap\u0131yordu. \u2018Yapmamas\u0131n\u0131 s\u00f6yledik.\u2019 Dinlemedi, bunun \u00fczerine Cumhurba\u015fkan\u0131\u2019n\u0131n da imzalad\u0131\u011f\u0131 kararnameyle g\u00f6revinden ald\u0131k\u201d diyerek cumhurba\u015fkan\u0131 rol\u00fcn\u00fcn \u00f6nemini vurgulad\u0131. <!--more--><\/p>\n<p style=\"text-align: justify;\">S\u00fcleyman Demirel, Milliyet gazetesi yazar\u0131 G\u00fcneri C\u0131vao\u011flu&#8217;na konu\u015ftu. Demirel&#8217;in a\u00e7\u0131klamalar\u0131 C\u0131vao\u011flu&#8217;nun bug\u00fcnk\u00fc k\u00f6\u015fesinde yer ald\u0131:<\/p>\n<p style=\"text-align: justify;\">Ba\u015fbakan Recep Tayyip Erdo\u011fan\u2019\u0131n \u201c\u015eapkay\u0131 al\u0131p b\u0131rak\u0131p gitmem. Gerekeni yapar\u0131m\u201d s\u00f6ylemi ekseninde 9. Cumhurba\u015fkan\u0131 S\u00fcleyman Demirel ile \u201ceskilerden\u201d konu\u015ftuk.<\/p>\n<p style=\"text-align: justify;\">\u00d6nce&#8230;<\/p>\n<p style=\"text-align: justify;\">Ba\u015fbakan Erdo\u011fan\u2019\u0131n \u201cGenelkurmay Ba\u015fkan\u0131\u2019n\u0131 g\u00f6revden almak sorular\u0131yla zora ve dara d\u00fc\u015ft\u00fc\u011f\u00fc\u201d yolundaki s\u00f6ylemi.<\/p>\n<p style=\"text-align: justify;\">Demirel b\u00f6yle durumlarda cumhurba\u015fkan\u0131 rol\u00fcn\u00fcn \u00f6nemini vurguluyor:<\/p>\n<p style=\"text-align: justify;\">\u20181969\u2019da d\u00f6nemin Genelkurmay Ba\u015fkan\u0131 Cemal Tural g\u00f6revinin d\u0131\u015f\u0131na ta\u015fan \u015feyler yap\u0131yordu. TRT Genel M\u00fcd\u00fcrl\u00fc\u011f\u00fc\u2019ne PTT Genel M\u00fcd\u00fcrl\u00fc\u011f\u00fc\u2019ne gidiyor, bu sivil kurumlar\u0131 adeta denetliyordu. \u201cYapmamas\u0131n\u0131 s\u00f6yledik.\u201d<\/p>\n<p style=\"text-align: justify;\">Dinlemedi, bunun \u00fczerine Cumhurba\u015fkan\u0131\u2019n\u0131n da imzalad\u0131\u011f\u0131 kararnameyle g\u00f6revinden ald\u0131k, Y\u00fcksek Askeri \u015e\u00fbra\u2019ya atad\u0131k.<\/p>\n<p style=\"text-align: justify;\">\u00c7\u00fcnk\u00fc ya\u015f haddine gelmedik\u00e7e ve su\u00e7 i\u015flemedik\u00e7e emekliye ay\u0131ramazs\u0131n\u0131z.\u2019<\/p>\n<p style=\"text-align: justify;\">(Tural, pasif bir g\u00f6rev olan YA\u015e \u00fcyeli\u011finde 5 ay kal\u0131p emekliye ayr\u0131ld\u0131.)<\/p>\n<p style=\"text-align: justify;\">Bu olay sivil iktidar ile asker ili\u015fkilerinde cumhurba\u015fkan\u0131n\u0131n \u201cbelirleyici\u201d oldu\u011funu g\u00f6stermekte.<\/p>\n<p style=\"text-align: justify;\">Org. Tural\u2019\u0131n Genelkurmay Ba\u015fkanl\u0131\u011f\u0131\u2019ndan al\u0131narak Y\u00fcksek Askeri \u015e\u00fbra \u00fcyeli\u011fine g\u00f6nderilmesi i\u00e7in kararnameyi Cumhurba\u015fkan\u0131 Sunay imzalamasayd\u0131 sadece h\u00fck\u00fcmet iradesiyle \u201ci\u015flem tamam\u201d olamazd\u0131.<\/p>\n<p style=\"text-align: justify;\">\u201c\u015eapkay\u0131 b\u0131rak\u0131p gitmek\u201d s\u00f6ylemine gelince&#8230; Demirel \u201c12 Mart 1971 muht\u0131ras\u0131yla birlikte \u015fapka laf\u0131n\u0131n siyasete girdi\u011fini, h\u00e2l\u00e2 zaman zaman kullan\u0131ld\u0131\u011f\u0131n\u0131\u201d s\u00f6yl\u00fcyor.<\/p>\n<p style=\"text-align: justify;\"><strong><em>9. Cumhurba\u015fkan\u0131 bunu \u201chaks\u0131zl\u0131k\u201d olarak g\u00f6r\u00fcyor.<\/em><\/strong><\/p>\n<p style=\"text-align: justify;\">Anlatt\u0131klar\u0131n\u0131 yans\u0131tay\u0131m:<\/p>\n<p style=\"text-align: justify;\">\u201812 Mart 1971\u2019de devrin Genelkurmay Ba\u015fkan\u0131, Kara, Hava, Deniz ve Jandarma komutanlar\u0131n\u0131n verdikleri muht\u0131rada \u201ch\u00fck\u00fcmet ve parlamentonun tav\u0131r ve tutumlar\u0131yla T\u00fcrkiye\u2019yi u\u00e7urumun kenar\u0131na getirdikleri\u201d gibi bir iddiada bulunuluyor, \u201ch\u00fck\u00fcmetin istifas\u0131 ve yerine g\u00fcvenilir bir h\u00fck\u00fcmetin kurulmas\u0131\u201d isteniyordu.<\/p>\n<p style=\"text-align: justify;\">1965\u2019ten itibaren 7 y\u0131ld\u0131r iktidarda olan h\u00fck\u00fcmet, enflasyonu y\u00fczde 5\u2019te tutarak y\u00fczde 7 net kalk\u0131nma h\u0131z\u0131n\u0131 sa\u011flam\u0131\u015f.<\/p>\n<p style=\"text-align: justify;\">Bu s\u00fcrede toplumun sat\u0131n alma g\u00fcc\u00fc y\u00fczde 30 artm\u0131\u015f. D\u00f6viz stoklar\u0131 TL\u2019yi konvertibiliteye ge\u00e7irmeyi planlatacak b\u00fcy\u00fckl\u00fc\u011fe ula\u015fm\u0131\u015f.<\/p>\n<p style=\"text-align: justify;\">Bu ba\u015far\u0131l\u0131 tabloya ra\u011fmen \u201c\u00fclkenin u\u00e7uruma s\u00fcr\u00fcklendi\u011fi\u201d iddias\u0131yla muht\u0131ra veriliyor.<\/p>\n<p style=\"text-align: justify;\">Cumhurba\u015fkan\u0131\u2019n\u0131 ar\u0131yoruz&#8230; Saatlerce telefona \u00e7\u0131km\u0131yor. Sonunda konu\u015fabildi\u011fimiz zaman da \u201cBir \u015fey yapamam, beni de a\u015ft\u0131\u201d diyor.<\/p>\n<p style=\"text-align: justify;\">Muht\u0131rada su\u00e7land\u0131\u011f\u0131 halde parlamentodan da hi\u00e7 ses yok.<\/p>\n<p style=\"text-align: justify;\">H\u00fck\u00fcmet yapayaln\u0131z kalm\u0131\u015f.<\/p>\n<p style=\"text-align: justify;\">Bu durumda tek hedefimiz hadisenin daha da vahim hale gelmesini \u00f6nlemek i\u00e7in parlamentoyu a\u00e7\u0131k tutmakt\u0131.<\/p>\n<p style=\"text-align: justify;\">H\u00fck\u00fcmet g\u00f6rev b\u0131rakt\u0131 fakat parlamento a\u00e7\u0131k kald\u0131.<\/p>\n<p style=\"text-align: justify;\">Bu sebepledir ki aradan 2 y\u0131l ge\u00e7ti\u011finde ben gene Ba\u015fbakan oldum.<\/p>\n<p style=\"text-align: justify;\">Muht\u0131ray\u0131 verenlerden Kara Kuvvetleri Komutan\u0131 Orgeneral Faruk G\u00fcrler\u2019i t\u00fcm tehdit ve bask\u0131lara ra\u011fmen parlamento cumhurba\u015fkan\u0131 se\u00e7medi.<\/p>\n<p style=\"text-align: justify;\">Parlamentoyu a\u00e7\u0131k tutmay\u0131 hedef almasayd\u0131k Faruk G\u00fcrler bir ba\u015fka form\u00fclle cumhurba\u015fkan\u0131 se\u00e7ilebilirdi.\u2019<\/p>\n<p style=\"text-align: justify;\">Belki birka\u00e7 kelime farkl\u0131 olabilir ama 9. Cumhurba\u015fkan\u0131 Demirel\u2019in anlatt\u0131klar\u0131 b\u00f6yle.<\/p>\n<p style=\"text-align: justify;\">\u00d6z\u00fc&#8230; \u201c\u015eapka, parlamentoyu a\u00e7\u0131k tuttu\u201d olabilir.<\/p>\n<p style=\"text-align: justify;\"><strong><em>\u0130n\u00f6n\u00fc de ayn\u0131 g\u00f6r\u00fc\u015fte <\/em><\/strong><\/p>\n<p style=\"text-align: justify;\">O s\u0131rada CHP Genel Ba\u015fkan\u0131 olan \u0130smet \u0130n\u00f6n\u00fc de Demirel gibi d\u00fc\u015f\u00fcnmektedir. Onun i\u00e7in de \u00f6nemli olan \u201cparlamentoyu a\u00e7\u0131k tutabilmektir.\u201d<\/p>\n<p style=\"text-align: justify;\">Bunun kan\u0131t\u0131, askerin istedi\u011fi CHP\u2019li Nihat Erim\u2019in ba\u015fbakan olmas\u0131 ve h\u00fck\u00fcmet kurmas\u0131 i\u00e7in \u0130n\u00f6n\u00fc\u2019n\u00fcn olumlu g\u00f6r\u00fc\u015f a\u00e7\u0131klamas\u0131d\u0131r.<\/p>\n<p style=\"text-align: justify;\">11 ay g\u00f6rev yapan Erim\u2019in \u201cbeyin h\u00fck\u00fcmeti\u201d b\u00f6yle kurulmu\u015ftu.<\/p>\n<p style=\"text-align: justify;\">\u0130smet Pa\u015fa da parlamentonun a\u00e7\u0131k kalmas\u0131 u\u011fruna CHP\u2019li Erim\u2019in asker g\u00fcd\u00fcm\u00fcndeki h\u00fck\u00fcmeti kurmas\u0131na -i\u00e7ine sinmese bile- ye\u015fil \u0131\u015f\u0131k yakm\u0131\u015f ama bu konuda kar\u015f\u0131 g\u00f6r\u00fc\u015fte olan d\u00f6nemin CHP Genel Sekreteri B\u00fclent Ecevit ile yollar\u0131 ayr\u0131lm\u0131\u015ft\u0131.<\/p>\n<p style=\"text-align: justify;\"><strong><em>Ayak\u00fcst\u00fc olmaz <\/em><\/strong><\/p>\n<p style=\"text-align: justify;\">Demirel, Ba\u015fbakan Erdo\u011fan\u2019\u0131n \u201cbu konular\u0131 yeterince ayr\u0131nt\u0131yla bilmeden konu\u015ftu\u011fu\u201d kan\u0131s\u0131nda.<\/p>\n<p style=\"text-align: justify;\">Ayr\u0131ca \u201cB\u00f6yle ayak\u00fcst\u00fc konu\u015fmak kendisine yak\u0131\u015fm\u0131yor\u201d diyor.<\/p>\n<p style=\"text-align: justify;\">Bir de Erdo\u011fan\u2019\u0131n \u201cGerekeni yapar\u0131m\u201d s\u00f6ylemi var.<\/p>\n<p style=\"text-align: justify;\">O konuda \u201cAdama sormu\u015flar ad\u0131n ne? M\u00fclayim demi\u015f&#8230; Sert olsan n\u2019apars\u0131n\u201d \u00f6yk\u00fcs\u00fcne g\u00f6nderme yap\u0131yor.<\/p>\n<p style=\"text-align: justify;\">Burada belirteyim ki amac\u0131 Erdo\u011fan ile bir polemik yapmak de\u011fil. Sadece askerle ili\u015fkilerde bazen sivil iktidarlar\u0131n nas\u0131l da zor durumda bulundu\u011funu anlatabilmek.<\/p>\n<p style=\"text-align: justify;\">T\u00fcm Silahl\u0131 Kuvvetler\u2019i temsil eden Genelkurmay Ba\u015fkan\u0131, 3 kuvvet komutan\u0131 ile Jandarma Komutan\u0131 tank\u0131 konutun \u00f6n\u00fcne dayam\u0131\u015fsa, \u201c\u00e7\u00f6z\u00fcm\u201d m\u00fclayim ya da sert olmak de\u011fil, sa\u011fduyulu olmakt\u0131r&#8230;<\/p>\n<p style=\"text-align: justify;\">Kald\u0131 ki&#8230; Ba\u015fbakan Erdo\u011fan da gazetecilere \u201cGenelkurmay Ba\u015fkan\u0131 Ba\u015fbu\u011f\u2019u g\u00f6revden almas\u0131\u201d yolundaki sorularla \u201czorda ve darda\u201d kald\u0131\u011f\u0131n\u0131 s\u00f6yledi.<\/p>\n<p style=\"text-align: justify;\">Hatta Erdo\u011fan b\u00f6yle bir durumda Genelkurmay Ba\u015fkan\u0131\u2019n\u0131n \u201cAskeri Dan\u0131\u015ftay\u2019a giderek y\u00fcr\u00fctmeyi durdurma ve iptal kararlar\u0131 almas\u0131 i\u00e7in hukuk yollar\u0131n\u0131n a\u00e7\u0131k oldu\u011funa\u201d da i\u015faret ediyor.<\/p>\n<p style=\"text-align: justify;\">Daha \u201csorular\u201d bile \u201cdara\u201d ve \u201czora\u201d sokuyorsa olay\u0131n -Allah korusun- bire bir ya\u015fanmas\u0131 nas\u0131l da netamelidir, bunu hissetmek gerek.<\/p>\n<p style=\"text-align: justify;\">Ya 12 Eyl\u00fcl?<\/p>\n<p style=\"text-align: justify;\">12 Eyl\u00fcl 1980 ihtilali ile \u201c\u015fapka\u201d ili\u015fkisi yok.<\/p>\n<p style=\"text-align: justify;\">Komutanlar do\u011frudan y\u00f6netime el koydular.<\/p>\n<p style=\"text-align: justify;\">Ba\u015fbakan\u2019\u0131n ve t\u00fcm bakanlar\u0131n konutlar\u0131na tanklar dayand\u0131.<\/p>\n<p style=\"text-align: justify;\">Parlamento kapat\u0131ld\u0131.<\/p>\n<p style=\"text-align: justify;\">Sadece iktidar partisi de\u011fil t\u00fcm siyasi partilerin liderleri g\u00f6zalt\u0131na al\u0131nd\u0131.<\/p>\n<p style=\"text-align: justify;\">S\u00fcrg\u00fcne g\u00f6nderildi.<\/p>\n<p style=\"text-align: justify;\">Bir gazetenin Genel Yay\u0131n Y\u00f6netmeni\u2019ydim. \u0130htilalin kokusunu alm\u0131\u015ft\u0131m. O g\u00fcn Demirel ile 8-10 kez telefonla konu\u015fmu\u015ftuk. Son konu\u015fmam\u0131zda \u201cT\u00fcrkiye\u2019nin ba\u015fka ordusu yok ki, bunu da y\u0131pratmayal\u0131m\u201d dedi ve telefon kesildi.<\/p>\n<p style=\"text-align: justify;\">* * *<\/p>\n<p style=\"text-align: justify;\">Sonu\u00e7&#8230;<\/p>\n<p style=\"text-align: justify;\">Bug\u00fcnlere gelebilmek i\u00e7in yak\u0131n ge\u00e7mi\u015fte d\u00f6\u015fenen ta\u015flardan y\u00fcr\u00fcmek gerekti\u011fi tarihin ger\u00e7e\u011fidir.<\/p>\n<p style=\"text-align: justify;\">Tural\u2019\u0131n Y\u00fcksek Askeri \u015e\u00fbra \u00fcyeli\u011fine kayd\u0131r\u0131lmas\u0131&#8230; Parlamento binas\u0131 \u00fczerinde jetler u\u00e7urulurken bir g\u00fcn i\u00e7inde Kara Kuvvetleri Komutanl\u0131\u011f\u0131\u2019ndan Cumhurba\u015fkanl\u0131\u011f\u0131\u2019na \u00e7\u0131kar\u0131lmak istenen Faruk G\u00fcrler\u2019in yolunun kesilmesi&#8230; Kontenjan senat\u00f6r\u00fc Fahri Korut\u00fcrk\u2019\u00fcn \u00c7ankaya\u2019ya \u00e7\u0131kar\u0131lmas\u0131 i\u00e7in Demirel ve Ecevit\u2019in parti liderleri olarak anla\u015fmas\u0131 \u00f6nemli kilometre ta\u015flar\u0131d\u0131r.<\/p>\n<p style=\"text-align: justify;\">Ve bir \u015fey daha&#8230;<\/p>\n<p style=\"text-align: justify;\">Bunlar\u0131 yaparken \u015fah\u0131slarla kurumlar birbirine kar\u0131\u015ft\u0131r\u0131lmam\u0131\u015f, asker oca\u011f\u0131n\u0131n y\u0131pranmamas\u0131 i\u00e7in \u00f6zen g\u00f6sterilmi\u015ftir.<\/p>\n<p style=\"text-align: justify;\">Ba\u015fbakan Erdo\u011fan\u2019\u0131n da bu \u00f6zeni yans\u0131tan s\u00f6zlerine i\u015faret etmeliyim. <span style=\"color: #888888;\">Kaynak : Milliyet Gazetesi<\/span><\/p>\n<p style=\"text-align: justify;\"><span style=\"color: #888888;\">CNN T\u00dcRK<\/span><\/p>\n","protected":false},"excerpt":{"rendered":"<\/p>\n<p style=\"text-align: justify;\">Ba\u015fbakan Recep Tayyip Erdo\u011fan\u2019\u0131n \u201c\u015eapkay\u0131 al\u0131p gitmem, gerekeni yapar\u0131m\u201d s\u00f6ylemiyle g\u00f6nderme yapt\u0131\u011f\u0131 9. Cumhurba\u015fkan\u0131 S\u00fcleyman Demirel, &#8220;1969\u2019da d\u00f6nemin Genelkurmay Ba\u015fkan\u0131 Cemal Tural g\u00f6revinin d\u0131\u015f\u0131na ta\u015fan \u015feyler yap\u0131yordu. \u2018Yapmamas\u0131n\u0131 s\u00f6yledik.\u2019 Dinlemedi, bunun \u00fczerine Cumhurba\u015fkan\u0131\u2019n\u0131n da imzalad\u0131\u011f\u0131 kararnameyle g\u00f6revinden ald\u0131k\u201d diyerek cumhurba\u015fkan\u0131 rol\u00fcn\u00fcn \u00f6nemini vurgulad\u0131. <\/p>\n","protected":false},"author":1,"featured_media":0,"comment_status":"open","ping_status":"closed","sticky":false,"template":"","format":"standard","meta":{"footnotes":""},"categories":[105],"tags":[],"class_list":["post-16416","post","type-post","status-publish","format-standard","hentry","category-gundem","odd"],"_links":{"self":[{"href":"http:\/\/www.korhanyilmaz.com\/index.php?rest_route=\/wp\/v2\/posts\/16416","targetHints":{"allow":["GET"]}}],"collection":[{"href":"http:\/\/www.korhanyilmaz.com\/index.php?rest_route=\/wp\/v2\/posts"}],"about":[{"href":"http:\/\/www.korhanyilmaz.com\/index.php?rest_route=\/wp\/v2\/types\/post"}],"author":[{"embeddable":true,"href":"http:\/\/www.korhanyilmaz.com\/index.php?rest_route=\/wp\/v2\/users\/1"}],"replies":[{"embeddable":true,"href":"http:\/\/www.korhanyilmaz.com\/index.php?rest_route=%2Fwp%2Fv2%2Fcomments&post=16416"}],"version-history":[{"count":0,"href":"http:\/\/www.korhanyilmaz.com\/index.php?rest_route=\/wp\/v2\/posts\/16416\/revisions"}],"wp:attachment":[{"href":"http:\/\/www.korhanyilmaz.com\/index.php?rest_route=%2Fwp%2Fv2%2Fmedia&parent=16416"}],"wp:term":[{"taxonomy":"category","embeddable":true,"href":"http:\/\/www.korhanyilmaz.com\/index.php?rest_route=%2Fwp%2Fv2%2Fcategories&post=16416"},{"taxonomy":"post_tag","embeddable":true,"href":"http:\/\/www.korhanyilmaz.com\/index.php?rest_route=%2Fwp%2Fv2%2Ftags&post=16416"}],"curies":[{"name":"wp","href":"https:\/\/api.w.org\/{rel}","templated":true}]}}