{"id":16412,"date":"2009-11-10T11:28:50","date_gmt":"2009-11-10T09:28:50","guid":{"rendered":"http:\/\/www.korhanyilmaz.com\/?p=16412"},"modified":"2009-11-10T11:28:50","modified_gmt":"2009-11-10T09:28:50","slug":"cumhuriyete-bomba-da-bomba-ifade","status":"publish","type":"post","link":"http:\/\/www.korhanyilmaz.com\/?p=16412","title":{"rendered":"Cumhuriyet&#039;e bomba da &#039;bomba&#039; ifade"},"content":{"rendered":"<p><a href=\"http:\/\/www.korhanyilmaz.com\/wp-content\/uploads\/2009\/11\/ergenekon.jpg\"  class=\"lightview\"><img loading=\"lazy\" decoding=\"async\" class=\"aligncenter size-full wp-image-16413\" src=\"http:\/\/www.korhanyilmaz.com\/wp-content\/uploads\/2009\/11\/ergenekon.jpg\" alt=\"\" width=\"292\" height=\"223\" \/><\/a><\/p>\n<p style=\"text-align: justify;\">Dan\u0131\u015ftay ve Cumhuriyet gazetesine y\u00f6nelik sald\u0131r\u0131lara ili\u015fkin dava ile birle\u015ftirilen birinci &#8220;Ergenekon&#8221; davas\u0131n\u0131n tutuklu san\u0131klar\u0131ndan Osman Y\u0131ld\u0131r\u0131m, &#8220;Cumhuriyet gazetesine yap\u0131lan eylemlerde i\u015fi veren Veli K\u00fc\u00e7\u00fck&#8217;t\u00fcr, bombalar\u0131 veren Muzaffer Tekin&#8217;dir&#8221; dedi.<\/p>\n<p style=\"text-align: justify;\">\u0130stanbul 13. A\u011f\u0131r Ceza Mahkemesi&#8217;nce Silivri Ceza \u0130nfaz Kurumlar\u0131 Yerle\u015fkesi&#8217;ndeki salonda yap\u0131lan yarg\u0131laman\u0131n bug\u00fcnk\u00fc duru\u015fmas\u0131nda, mahkeme heyetine ba\u015fkanl\u0131k yapan \u00fcye hakim Hasan H\u00fcseyin \u00d6zese taraf\u0131ndan Osman Y\u0131ld\u0131r\u0131m&#8217;\u0131n daha \u00f6nce verdi\u011fi ifadelerin okunmas\u0131na devam edildi. <!--more--><\/p>\n<p style=\"text-align: justify;\">Bu ifadelerine ili\u015fkin s\u00f6z verilen Y\u0131ld\u0131r\u0131m, &#8220;\u0130fadelerimdeki do\u011fru olmayan k\u0131s\u0131m, Cumhuriyet gazetesine yapt\u0131rd\u0131\u011f\u0131m eylemleri inkar etmemdir&#8221; dedi.<\/p>\n<p style=\"text-align: justify;\">Y\u0131ld\u0131r\u0131m, &#8220;Alparslan Arslan&#8217;\u0131 kullananlar Veli K\u00fc\u00e7\u00fck&#8217;t\u00fcr, Muzaffer Tekin&#8217;dir. Bunlar\u0131 \u00fcst\u00fc de \u015eener Eruygur, Hur\u015fit Tolon ve Fikri Karada\u011f&#8217;d\u0131r&#8221; \u015feklinde konu\u015ftu.<\/p>\n<p style=\"text-align: justify;\">Hakim \u00d6zese&#8217;nin &#8220;Bunu nereden biliyorsun?&#8221; sorusuna Y\u0131ld\u0131r\u0131m, &#8220;S\u00fcrekli bana gelen adam\u0131 kimin kulland\u0131\u011f\u0131n\u0131 bilmeyecek miyim?&#8221; dedi.<\/p>\n<p style=\"text-align: justify;\">Y\u0131ld\u0131r\u0131m, Cumhuriyet gazetesine yap\u0131lan sald\u0131r\u0131 konusunda da &#8220;Cumhuriyet gazetesine yap\u0131lan eylemlerde i\u015fi veren Veli K\u00fc\u00e7\u00fck&#8217;t\u00fcr. Bombalar\u0131 veren Muzaffer Tekin&#8217;dir&#8221; \u015feklinde iddialarda bulundu.<\/p>\n<p style=\"text-align: justify;\">D\u00fcnk\u00fc ifadesinde &#8220;Cumhuriyet gazetesine el bombas\u0131 at\u0131lmas\u0131 olay\u0131na nas\u0131l ve ni\u00e7in bula\u015ft\u0131\u011f\u0131m\u0131 da bilmiyorum&#8221; diyen Y\u0131ld\u0131r\u0131m, ilk \u00f6nce Cumhuriyet gazetesinin bombalanmas\u0131n\u0131 inkar etti\u011fini, telefon g\u00f6r\u00fc\u015fmelerinin \u00e7\u0131kmas\u0131 \u00fczerine kabul etti\u011fini s\u00f6yledi.<\/p>\n<p style=\"text-align: justify;\"><span style=\"color: #888888;\">CNN T\u00dcRK<\/span><\/p>\n","protected":false},"excerpt":{"rendered":"<\/p>\n<p style=\"text-align: justify;\">Dan\u0131\u015ftay ve Cumhuriyet gazetesine y\u00f6nelik sald\u0131r\u0131lara ili\u015fkin dava ile birle\u015ftirilen birinci &#8220;Ergenekon&#8221; davas\u0131n\u0131n tutuklu san\u0131klar\u0131ndan Osman Y\u0131ld\u0131r\u0131m, &#8220;Cumhuriyet gazetesine yap\u0131lan eylemlerde i\u015fi veren Veli K\u00fc\u00e7\u00fck&#8217;t\u00fcr, bombalar\u0131 veren Muzaffer Tekin&#8217;dir&#8221; dedi.<\/p>\n<p style=\"text-align: justify;\">\u0130stanbul 13. A\u011f\u0131r Ceza Mahkemesi&#8217;nce Silivri Ceza \u0130nfaz Kurumlar\u0131 Yerle\u015fkesi&#8217;ndeki salonda yap\u0131lan yarg\u0131laman\u0131n bug\u00fcnk\u00fc duru\u015fmas\u0131nda, mahkeme heyetine ba\u015fkanl\u0131k yapan \u00fcye <\/p>\n","protected":false},"author":1,"featured_media":0,"comment_status":"open","ping_status":"closed","sticky":false,"template":"","format":"standard","meta":{"footnotes":""},"categories":[105],"tags":[],"class_list":["post-16412","post","type-post","status-publish","format-standard","hentry","category-gundem","odd"],"_links":{"self":[{"href":"http:\/\/www.korhanyilmaz.com\/index.php?rest_route=\/wp\/v2\/posts\/16412","targetHints":{"allow":["GET"]}}],"collection":[{"href":"http:\/\/www.korhanyilmaz.com\/index.php?rest_route=\/wp\/v2\/posts"}],"about":[{"href":"http:\/\/www.korhanyilmaz.com\/index.php?rest_route=\/wp\/v2\/types\/post"}],"author":[{"embeddable":true,"href":"http:\/\/www.korhanyilmaz.com\/index.php?rest_route=\/wp\/v2\/users\/1"}],"replies":[{"embeddable":true,"href":"http:\/\/www.korhanyilmaz.com\/index.php?rest_route=%2Fwp%2Fv2%2Fcomments&post=16412"}],"version-history":[{"count":0,"href":"http:\/\/www.korhanyilmaz.com\/index.php?rest_route=\/wp\/v2\/posts\/16412\/revisions"}],"wp:attachment":[{"href":"http:\/\/www.korhanyilmaz.com\/index.php?rest_route=%2Fwp%2Fv2%2Fmedia&parent=16412"}],"wp:term":[{"taxonomy":"category","embeddable":true,"href":"http:\/\/www.korhanyilmaz.com\/index.php?rest_route=%2Fwp%2Fv2%2Fcategories&post=16412"},{"taxonomy":"post_tag","embeddable":true,"href":"http:\/\/www.korhanyilmaz.com\/index.php?rest_route=%2Fwp%2Fv2%2Ftags&post=16412"}],"curies":[{"name":"wp","href":"https:\/\/api.w.org\/{rel}","templated":true}]}}