{"id":16405,"date":"2009-11-10T11:30:23","date_gmt":"2009-11-10T09:30:23","guid":{"rendered":"http:\/\/www.korhanyilmaz.com\/?p=16405"},"modified":"2009-11-10T11:30:23","modified_gmt":"2009-11-10T09:30:23","slug":"ataturku-saygiyla-aniyoruz","status":"publish","type":"post","link":"http:\/\/www.korhanyilmaz.com\/?p=16405","title":{"rendered":"Ata&#039;y\u0131 sayg\u0131yla ve \u00f6zlemle an\u0131yoruz&#8230;"},"content":{"rendered":"<p style=\"text-align: center;\"><a href=\"http:\/\/www.korhanyilmaz.com\/wp-content\/uploads\/2009\/11\/10kasim.jpg\"  class=\"lightview\"><img loading=\"lazy\" decoding=\"async\" class=\"aligncenter size-full wp-image-16406\" src=\"http:\/\/www.korhanyilmaz.com\/wp-content\/uploads\/2009\/11\/10kasim.jpg\" alt=\"\" width=\"307\" height=\"236\" \/><\/a><\/p>\n<p style=\"text-align: justify;\">T\u00fcrkiye Cumhuriyeti&#8217;nin kurucusu B\u00fcy\u00fck \u00d6nder Mustafa Kemal Atat\u00fcrk&#8217;\u00fc ebediyete intikalinin 71. y\u0131l\u0131nda an\u0131yoruz.<\/p>\n<p style=\"text-align: justify;\">Onbinlerce ki\u015fi B\u00fcy\u00fck Kurtar\u0131c\u0131&#8217;ya ba\u011fl\u0131l\u0131klar\u0131n\u0131 bildirmek i\u00e7in An\u0131tkabir&#8217;e ko\u015ftu.<\/p>\n<p style=\"text-align: justify;\">10 Kas\u0131m dolay\u0131s\u0131yla sabah saatlerinde d\u00fczenlenen devlet t\u00f6reninin ard\u0131ndan An\u0131tkabir, halk\u0131n ziyaretine a\u00e7\u0131ld\u0131. \u00dclkenin d\u00f6rt bir yan\u0131ndan \u00e7ocu\u011fu, ya\u015fl\u0131s\u0131, genci, her ya\u015ftan on binlerce ki\u015fi, yakalar\u0131nda ve ellerinde ta\u015f\u0131d\u0131klar\u0131 Atat\u00fcrk resimleri ve T\u00fcrk bayraklar\u0131yla An\u0131tkabir&#8217;e ak\u0131n etti. <!--more--><\/p>\n<p style=\"text-align: justify;\"><a href=\"http:\/\/www.korhanyilmaz.com\/wp-content\/uploads\/2009\/11\/an\u0131tkabir.jpg\"  class=\"lightview\"><img loading=\"lazy\" decoding=\"async\" class=\"alignleft size-full wp-image-16431\" style=\"margin-left: 10px; margin-right: 10px;\" title=\"an\u0131tkabir\" src=\"http:\/\/www.korhanyilmaz.com\/wp-content\/uploads\/2009\/11\/an\u0131tkabir.jpg\" alt=\"an\u0131tkabir\" width=\"237\" height=\"352\" \/><\/a>Mozoleye k\u0131rm\u0131z\u0131 ve beyaz karanfiller ba\u015fta olmak \u00fczere rengarenk \u00e7i\u00e7ekler ve T\u00fcrk bayraklar\u0131 b\u0131rakan, al\u0131nlar\u0131nda &#8220;Ata&#8217;m \u0130zindeyiz&#8221; yaz\u0131l\u0131 bantlar bulunan ziyaret\u00e7ilerden baz\u0131lar\u0131 g\u00f6z ya\u015flar\u0131n\u0131 tutamazken, baz\u0131lar\u0131 dua etti.<\/p>\n<p style=\"text-align: justify;\">Baz\u0131 gruplar da B\u00fcy\u00fck Kurtar\u0131c\u0131&#8217;ya ba\u011fl\u0131l\u0131klar\u0131n\u0131 An\u0131tkabir&#8217;e dev T\u00fcrk bayraklar\u0131yla gelerek g\u00f6sterdiler. Bir grup \u00f6\u011frenci An\u0131tkabir&#8217;in merdivenlerinde &#8220;Ge\u00e7li\u011fin Atat\u00fcrk&#8217;e Cevab\u0131&#8221;n\u0131 okuyarak en b\u00fcy\u00fck miras\u0131 Cumhuriyet&#8217;i sonsuza dek koruyacaklar\u0131na dair ant i\u00e7tiler.<\/p>\n<p style=\"text-align: justify;\">\u00d6\u011frencilerden bir b\u00f6l\u00fcm\u00fc de \u015fiirler okuyup Atat\u00fcrk&#8217;e ve laik Cumhuriyet&#8217;e ba\u011fl\u0131l\u0131klar\u0131n\u0131 dile getiren sloganlar att\u0131. Ziyaret\u00e7iler aras\u0131nda T\u00fcrk bayra\u011f\u0131n\u0131n yan\u0131 s\u0131ra, KKTC bayra\u011f\u0131 ta\u015f\u0131yan bir ki\u015fi de dikkat \u00e7ekti.<\/p>\n<p style=\"text-align: justify;\">An\u0131tkabir&#8217;deki yo\u011funluk nedeniyle g\u00f6revliler zaman zaman zor anlar ya\u015farken, ziyaret\u00e7iler Ata&#8217;n\u0131n mozolesinin bulundu\u011fu b\u00f6l\u00fcme girmek i\u00e7in uzun s\u00fcre bekledi.<\/p>\n<p style=\"text-align: justify;\"><strong><em>Dolmabah\u00e7e<\/em><\/strong><\/p>\n<p style=\"text-align: justify;\">T\u00fcrkiye Cumhuriyeti&#8217;nin kurucusu B\u00fcy\u00fck \u00d6nder Mustafa Kemal Atat\u00fcrk, 71 y\u0131l \u00f6nce hayata g\u00f6zlerini yumdu\u011fu Dolmabah\u00e7e Saray\u0131&#8217;ndaki odas\u0131nda d\u00fczenlenen t\u00f6renle an\u0131ld\u0131.<\/p>\n<p style=\"text-align: justify;\">Saray\u0131n Harem B\u00f6l\u00fcm\u00fc 71 numaral\u0131 odas\u0131nda d\u00fczenlenen anma t\u00f6reni, TBMM Ba\u015fkanl\u0131\u011f\u0131, \u0130stanbul Valili\u011fi, T\u00fcrk Silahl\u0131 Kuvvetleri, \u0130stanbul B\u00fcy\u00fck\u015fehir Belediye Ba\u015fkanl\u0131\u011f\u0131 ve sivil toplum kurulu\u015flar\u0131n\u0131n \u00e7elenklerini Atat\u00fcrk&#8217;\u00fcn ebediyete intikal etti\u011fi yata\u011f\u0131n \u00fczerine b\u0131rak\u0131lmas\u0131yla ba\u015flad\u0131.<\/p>\n<p style=\"text-align: justify;\">Atat\u00fcrk&#8217;\u00fcn hayata g\u00f6zlerini yumdu\u011fu saat 09.05&#8217;de sirenlerin \u00e7almas\u0131yla birlikte sayg\u0131 duru\u015funda bulunuldu ve ard\u0131ndan \u0130stiklal Mar\u015f\u0131 okundu.<\/p>\n<p style=\"text-align: justify;\">T\u00f6rene, TBMM Ba\u015fkanvekili Nevzat Pakdil, \u0130stanbul Vali Yard\u0131mc\u0131s\u0131 Harun Kaya, Anadolu Ajans\u0131 Y\u00f6netim Kurulu Ba\u015fkan\u0131 ve Genel M\u00fcd\u00fcr\u00fc Hilmi Bengi, B\u00fcy\u00fck\u015fehir Belediyesi Genel Sekreter Yard\u0131mc\u0131s\u0131 H\u00fcseyin Eren, Atat\u00fcrk&#8217;\u00fcn manevi k\u0131z\u0131 \u00dclk\u00fc Adatepe, Piyade Albay Arif O\u011fur ile sivil toplum kurulu\u015flar\u0131n\u0131n temsilcileri ve vatanda\u015flar kat\u0131ld\u0131. Daha sonra Mavi Salon&#8217;a ge\u00e7en Pakdil, Dolmabah\u00e7e Saray\u0131 \u00d6zel Defteri&#8217;ni imzalad\u0131.<\/p>\n<p style=\"text-align: justify;\"><strong><em>&#8220;Atam, sensiz olmuyor&#8221;<\/em><\/strong><\/p>\n<p style=\"text-align: justify;\">Atat\u00fcrk&#8217;\u00fcn 10 Kas\u0131m 1938&#8217;de saat 09.05&#8217;te hayata g\u00f6zlerini yumdu\u011fu odada T\u00fcrk Bayra\u011f\u0131 \u00f6rt\u00fcl\u00fc yata\u011f\u0131n\u0131n iki yan\u0131nda 2 er sayg\u0131 n\u00f6beti tuttu. N\u00f6bet tutan erlerin t\u00f6ren s\u0131ras\u0131nda duyguland\u0131\u011f\u0131 g\u00f6r\u00fcld\u00fc.<\/p>\n<p style=\"text-align: justify;\">T\u00f6ren \u00f6ncesi vatanda\u015flar, Atat\u00fcrk&#8217;\u00fcn hayata g\u00f6zlerini yumdu\u011fu oday\u0131 ziyaret ederek, karanfiller b\u0131rakt\u0131. Baz\u0131 vatanda\u015flar duygular\u0131n\u0131 \u015fiir okuyarak ifade ederken, baz\u0131lar\u0131n\u0131n g\u00f6zya\u015flar\u0131n\u0131 tutamad\u0131\u011f\u0131 g\u00f6r\u00fcld\u00fc.<\/p>\n<p style=\"text-align: center;\"><a href=\"http:\/\/www.korhanyilmaz.com\/wp-content\/uploads\/2009\/11\/asker.jpg\"  class=\"lightview\"><img loading=\"lazy\" decoding=\"async\" class=\"aligncenter size-full wp-image-16430\" src=\"http:\/\/www.korhanyilmaz.com\/wp-content\/uploads\/2009\/11\/asker.jpg\" alt=\"\" width=\"406\" height=\"210\" \/><\/a><\/p>\n<p style=\"text-align: justify;\">Bir kad\u0131n, &#8220;Atam, sensiz olmuyor&#8221; diyerek a\u011flarken, bir ba\u015fka kad\u0131n da Atat\u00fcrk&#8217;\u00fcn yata\u011f\u0131na kapanarak a\u011flad\u0131. \u00c7ocuklar\u0131n ellerinde, &#8220;Sen rahat uyu \u00e7\u00fcnk\u00fc biz yeti\u015fiyoruz&#8221;, &#8220;K\u00fc\u00e7\u00fck y\u00fcre\u011fimde sen vars\u0131n&#8221; yaz\u0131l\u0131 pankartlar ta\u015f\u0131d\u0131klar\u0131 g\u00f6r\u00fcld\u00fc.<\/p>\n<p style=\"text-align: justify;\">Atat\u00fcrk&#8217;\u00fcn odas\u0131nda ger\u00e7ekle\u015ftirilen resmi t\u00f6ren, muayede salonuna konulan ekranlardan da izlendi. Atat\u00fcrk&#8217;\u00fcn hayata g\u00f6zlerini yumdu\u011fu oda, t\u00f6renin ard\u0131ndan tekrar vatanda\u015flar\u0131n ziyaretine a\u00e7\u0131ld\u0131.<\/p>\n<p style=\"text-align: justify;\">Ellerinde T\u00fcrk Bayraklar\u0131 ve Atat\u00fcrk&#8217;\u00fcn gen\u00e7li\u011fe hitabesinin bulundu\u011fu Kore gazileri Malatya&#8217;dan gelen Mehmet Ali Bor\u00e7bitiren (79) ve \u0130zmir&#8217;den gelen \u015eerafettin K\u0131vrak (80) da oday\u0131 ziyaret etti.<\/p>\n<p style=\"text-align: justify;\">Bu arada, Milli Saraylar Daire Ba\u015fkanl\u0131\u011f\u0131 ve Devlet Ar\u015fivleri Genel M\u00fcd\u00fcrl\u00fc\u011f\u00fc taraf\u0131ndan haz\u0131rlanan ve bug\u00fcn a\u00e7\u0131lan &#8220;Belge ve Foto\u011fraflarla Atat\u00fcrk ve Milli Saraylar Sergisi&#8221; de Dolmabah\u00e7e Saray\u0131&#8217;nda 15 Kas\u0131m&#8217;a kadar ziyaret edilebilecek.<\/p>\n<p style=\"text-align: justify;\"><a href=\"http:\/\/www.korhanyilmaz.com\/wp-content\/uploads\/2009\/11\/001.jpg\"  class=\"lightview\"><img loading=\"lazy\" decoding=\"async\" class=\"aligncenter size-full wp-image-16407\" src=\"http:\/\/www.korhanyilmaz.com\/wp-content\/uploads\/2009\/11\/001.jpg\" alt=\"\" width=\"406\" height=\"210\" \/><\/a><strong><em>An\u0131tkabir<\/em><\/strong><\/p>\n<p style=\"text-align: justify;\">Cumhurba\u015fkan\u0131 Abdullah G\u00fcl ba\u015fkanl\u0131\u011f\u0131ndaki devlet erkan\u0131 mozoleye \u00e7elenk koyarak, Atat\u00fcrk&#8217;\u00fcn manevi huzurunda 2 dakika sayg\u0131 duru\u015funda bulundu.<\/p>\n<p style=\"text-align: justify;\">An\u0131tkabir&#8217;deki t\u00f6ren, saat 08.55&#8217;de devlet erkan\u0131n\u0131n Aslanl\u0131 Yol&#8217;da y\u00fcr\u00fcy\u00fc\u015f\u00fc ile ba\u015flad\u0131. Cumhurba\u015fkan\u0131 G\u00fcl ba\u015fkanl\u0131\u011f\u0131ndaki kortejde, TBMM Ba\u015fkan\u0131 Mehmet Ali \u015eahin, Ba\u015fbakan Recep Tayyip Erdo\u011fan, Genelkurmay Ba\u015fkan\u0131 Orgeneral \u0130lker Ba\u015fbu\u011f, CHP Genel Ba\u015fkan\u0131 Deniz Baykal, Anayasa Mahkemesi Ba\u015fkan\u0131 Ha\u015fim K\u0131l\u0131\u00e7, Yarg\u0131tay Ba\u015fkan\u0131 Hasan Ger\u00e7eker, Dan\u0131\u015ftay Ba\u015fkan\u0131 Mustafa Birden, Bakanlar Kurulu \u00fcyeleri, kuvvet komutanlar\u0131, Y\u00d6K Ba\u015fkan\u0131 Yusuf Ziya \u00d6zcan,MHP Genel Ba\u015fkan\u0131 Devlet Bah\u00e7eli, BBP Genel Ba\u015fkan\u0131 Yal\u00e7\u0131n Top\u00e7u, Ankara B\u00fcy\u00fck\u015fehir Belediye Ba\u015fkan\u0131 Melih G\u00f6k\u00e7ek, Ankara Valisi Kemal \u00d6nal, Emniyet Genel M\u00fcd\u00fcr\u00fc O\u011fuz Ka\u011fan K\u00f6ksal, siyasi partilerin temsilcileri, b\u00fcrokratlar ve di\u011fer devlet erkan\u0131 yer ald\u0131.<\/p>\n<p style=\"text-align: justify;\">Abdullah G\u00fcl, \u00fczerinde &#8220;Cumhurba\u015fkan\u0131&#8221; yazan k\u0131rm\u0131z\u0131-beyaz karanfillerden olu\u015fan \u00e7elengi mozoleye koydu.<\/p>\n<p style=\"text-align: justify;\">Atat\u00fcrk&#8217;\u00fcn 71 y\u0131l \u00f6nce ebediyete intikal etti\u011fi saat olan 09.05&#8217;de &#8220;ti&#8221; sesi ve sirenler e\u015fli\u011finde 2 dakikal\u0131k sayg\u0131 duru\u015funda bulunuldu ve \u0130stiklal Mar\u015f\u0131 okundu. Bu s\u0131rada g\u00f6nderdeki T\u00fcrk bayra\u011f\u0131 da yar\u0131ya indirildi. Cumhurba\u015fkan\u0131 G\u00fcl ve protokolde yer alan devlet erkan\u0131 daha sonra Misak-\u0131 Milli Kulesi&#8217;ne ge\u00e7ti.<\/p>\n<p style=\"text-align: justify;\"><strong><em>G\u00fcl, burada An\u0131tkabir \u00d6zel Defterine \u015funlar\u0131 yazd\u0131:<\/em><\/strong><\/p>\n<p style=\"text-align: justify;\"><em>&#8220;B\u00fcy\u00fck Atat\u00fcrk, ebediyete intikalinizin 71. y\u0131ld\u00f6n\u00fcm\u00fcnde sizi sayg\u0131 ve rahmetle an\u0131yoruz. 86. kurulu\u015f y\u0131ld\u00f6n\u00fcm\u00fcn\u00fc co\u015fkuyla kutlad\u0131\u011f\u0131m\u0131z cumhuriyetimiz, geli\u015fmeye a\u00e7\u0131k, dinamik yap\u0131s\u0131yla her zamankinden daha g\u00fc\u00e7l\u00fc bir konuma ula\u015fm\u0131\u015ft\u0131r. Bug\u00fcn uluslararas\u0131 alanda a\u011f\u0131rl\u0131\u011f\u0131 s\u00fcrekli artan, b\u00fct\u00fcn d\u00fcnya taraf\u0131ndan ilgiyle izlenen istikrar ve refah i\u00e7erisinde ilerlemesini s\u00fcrd\u00fcren bir \u00fclke olman\u0131n gururunu hep birlikte ya\u015f\u0131yoruz. Modern, demokratik, m\u00fcreffeh ve h\u00fcr bir \u00fclke olarak gelece\u011fe umutla bakan T\u00fcrkiye, yoluna emin ad\u0131mlarla devam etmektedir. Milletimiz, cumhuriyetimizi nitelikleriyle ilelebet ya\u015fatmak ve muas\u0131r medeniyet seviyesinin \u00fcst\u00fcne ta\u015f\u0131mak konusunda \u00fcst\u00fcn bir gayretin i\u00e7indedir. Millet\u00e7e birlik ve beraberlik i\u00e7ine elde etti\u011fimiz ba\u015far\u0131lar, \u00fclkemizin yolunun a\u00e7\u0131k oldu\u011funun en somut g\u00f6stergesidir. T\u00fcrk milleti olarak size sevgilerimizi ve \u015f\u00fckranlar\u0131m\u0131z\u0131 sunuyoruz. Ruhunuz \u015fad olsun.&#8221;<\/em><\/p>\n<p style=\"text-align: center;\"><a href=\"http:\/\/www.korhanyilmaz.com\/wp-content\/uploads\/2009\/11\/002.jpg\"  class=\"lightview\"><img loading=\"lazy\" decoding=\"async\" class=\"aligncenter size-full wp-image-16408\" src=\"http:\/\/www.korhanyilmaz.com\/wp-content\/uploads\/2009\/11\/002.jpg\" alt=\"\" width=\"406\" height=\"210\" \/><\/a><\/p>\n<p style=\"text-align: justify;\"><strong><em>Bayraklar yar\u0131ya indirildi<\/em><\/strong><\/p>\n<p style=\"text-align: justify;\">Devlet t\u00f6reninin ard\u0131ndan, askeri ve sivil erkan ile \u00f6\u011frenciler Atat\u00fcrk&#8217;\u00fcn mozolesinin \u00f6n\u00fcnden sayg\u0131 ge\u00e7i\u015fi yapt\u0131. Bayraklar, B\u00fcy\u00fck \u00d6nder Atat\u00fcrk&#8217;\u00fcn 71 y\u0131l \u00f6nce ebediyete intikal etti\u011fi saat 09.05&#8217;den itibaren g\u00fcne\u015fin bat\u0131\u015f\u0131na kadar yar\u0131ya indirildi.<\/p>\n<p style=\"text-align: justify;\">Sivil Savunma M\u00fcd\u00fcrl\u00fc\u011f\u00fcne ait sirenler saat 09.05&#8217;de 2 dakika s\u00fcreyle \u00e7ald\u0131. Bu s\u0131rada trafikteki ara\u00e7lar durarak kornalar\u0131n\u0131 \u00e7alarken vatanda\u015flar da sayg\u0131 duru\u015funda bulundu.<\/p>\n<p style=\"text-align: justify;\">T\u00fcm resmi ve \u00f6zel okullarda da anma programlar\u0131 ger\u00e7ekle\u015ftirildi.<\/p>\n<p style=\"text-align: justify;\"><strong><em>An\u0131tkabir \u00e7i\u00e7eklerle s\u00fcslendi<\/em><\/strong><\/p>\n<p style=\"text-align: justify;\">\u0130nter Flora \u00c7i\u00e7ek\u00e7ileri Derne\u011fi ve Ankara \u00c7i\u00e7ek\u00e7iler Odas\u0131 katk\u0131s\u0131yla An\u0131tkabir, T\u00fcrkiye&#8217;nin d\u00f6rt bir yan\u0131ndan getirilen 40 bin dal \u00e7i\u00e7ek, bin 500 bitkiyle donat\u0131ld\u0131.<\/p>\n<p style=\"text-align: justify;\">Ankara&#8217;ya gelen 200 \u00e7i\u00e7ek\u00e7i, An\u0131tkabir merdivenlerine k\u0131rm\u0131z\u0131 ve beyaz karanfillerden olu\u015fan dev bir T\u00fcrk bayra\u011f\u0131 ve Atat\u00fcrk panosu haz\u0131rlad\u0131.<\/p>\n<p style=\"text-align: justify;\">Aslanl\u0131 Yol ve bayrak g\u00f6nderi de s\u00fcslenirken, An\u0131tkabir i\u00e7indeki mozole ve kolonlar da \u00e7i\u00e7ek ve bitkilerle donat\u0131ld\u0131. Anma t\u00f6renine, &#8220;Dersimiz Atat\u00fcrk&#8221; adl\u0131 filmin kadrosu da kat\u0131ld\u0131. Vatanda\u015flar, t\u00f6rene kat\u0131lan askerleri, &#8220;En b\u00fcy\u00fck asker bizim asker&#8221; tezah\u00fcratlar\u0131 ile alk\u0131\u015flad\u0131.<\/p>\n<p style=\"text-align: justify;\"><strong><em>Mesajlar<\/em><\/strong><\/p>\n<p style=\"text-align: justify;\">Cumhurba\u015fkan\u0131 Abdullah G\u00fcl mesaj\u0131nda, Atat\u00fcrk&#8217;\u00fcn modernle\u015fme ve d\u00f6n\u00fc\u015f\u00fcm hamlelerini cesaretle ger\u00e7ekle\u015ftirdi\u011finin alt\u0131n\u0131 \u00e7izdi.<\/p>\n<p style=\"text-align: justify;\">Meclis Ba\u015fkan\u0131 Mehmet Ali \u015eahin, &#8220;Atat\u00fcrk, daima g\u00f6nl\u00fcm\u00fczde ya\u015fayacak. Ona ve ilkelerine olan inan\u00e7, g\u00fcven ve ba\u011fl\u0131l\u0131\u011f\u0131m\u0131z, sars\u0131lmadan sonsuza kadar s\u00fcrecektir&#8221; dedi.<\/p>\n<p style=\"text-align: justify;\">Ba\u015fbakan Recep Tayyip Erdo\u011fan, &#8220;Atat\u00fcrk&#8217;\u00fcn temel felsefesini do\u011fru ve bir b\u00fct\u00fcn olarak yeniden anlamaya \u00e7al\u0131\u015fmal\u0131y\u0131z&#8221; mesaj\u0131n\u0131 verdi.<\/p>\n<p style=\"text-align: justify;\">Genelkurmay Ba\u015fkan\u0131 Orgeneral \u0130lker Ba\u015fbu\u011f, &#8220;B\u00fcy\u00fck \u00f6nderimizi kalplerimizde bir hat\u0131ra gibi de\u011fil, d\u00fc\u015f\u00fcncelerimize y\u00f6n veren canl\u0131 bir ger\u00e7ek olarak ya\u015fat\u0131yoruz&#8221; dedi.<\/p>\n<p style=\"text-align: justify;\">CHP lideri Deniz Baykal, &#8220;Ulusal birli\u011fimize y\u00f6nelik tehdit var&#8221; uyar\u0131s\u0131nda bulundu; toplumun her kesiminin bu tehditi fark\u0131na varmaya ba\u015flad\u0131\u011f\u0131n\u0131 belirtti.<\/p>\n<p style=\"text-align: justify;\">MHP lideri Devlet Bah\u00e7eli, &#8220;Cumhuriyet&#8217;e  y\u00f6nelik organize sald\u0131r\u0131lar\u0131n yo\u011funla\u015ft\u0131\u011f\u0131 \u015fu g\u00fcnlerde, milli de\u011ferlerimize her vatanseverin sahip \u00e7\u0131kmas\u0131 \u00f6ncelikli bir mesele haline gelmi\u015ftir&#8221; dedi.<\/p>\n<p style=\"text-align: justify;\"><span style=\"color: #888888;\">CNN T\u00dcRK<\/span><\/p>\n","protected":false},"excerpt":{"rendered":"<p style=\"text-align: center;\">\n<p style=\"text-align: justify;\">T\u00fcrkiye Cumhuriyeti&#8217;nin kurucusu B\u00fcy\u00fck \u00d6nder Mustafa Kemal Atat\u00fcrk&#8217;\u00fc ebediyete intikalinin 71. y\u0131l\u0131nda an\u0131yoruz.<\/p>\n<p style=\"text-align: justify;\">Onbinlerce ki\u015fi B\u00fcy\u00fck Kurtar\u0131c\u0131&#8217;ya ba\u011fl\u0131l\u0131klar\u0131n\u0131 bildirmek i\u00e7in An\u0131tkabir&#8217;e ko\u015ftu.<\/p>\n<p style=\"text-align: justify;\">10 Kas\u0131m dolay\u0131s\u0131yla sabah saatlerinde d\u00fczenlenen devlet t\u00f6reninin ard\u0131ndan An\u0131tkabir, halk\u0131n ziyaretine a\u00e7\u0131ld\u0131. \u00dclkenin d\u00f6rt bir yan\u0131ndan \u00e7ocu\u011fu, ya\u015fl\u0131s\u0131, genci, her ya\u015ftan on binlerce <\/p>\n","protected":false},"author":1,"featured_media":0,"comment_status":"open","ping_status":"closed","sticky":false,"template":"","format":"standard","meta":{"footnotes":""},"categories":[105],"tags":[],"class_list":["post-16405","post","type-post","status-publish","format-standard","hentry","category-gundem","odd"],"_links":{"self":[{"href":"http:\/\/www.korhanyilmaz.com\/index.php?rest_route=\/wp\/v2\/posts\/16405","targetHints":{"allow":["GET"]}}],"collection":[{"href":"http:\/\/www.korhanyilmaz.com\/index.php?rest_route=\/wp\/v2\/posts"}],"about":[{"href":"http:\/\/www.korhanyilmaz.com\/index.php?rest_route=\/wp\/v2\/types\/post"}],"author":[{"embeddable":true,"href":"http:\/\/www.korhanyilmaz.com\/index.php?rest_route=\/wp\/v2\/users\/1"}],"replies":[{"embeddable":true,"href":"http:\/\/www.korhanyilmaz.com\/index.php?rest_route=%2Fwp%2Fv2%2Fcomments&post=16405"}],"version-history":[{"count":0,"href":"http:\/\/www.korhanyilmaz.com\/index.php?rest_route=\/wp\/v2\/posts\/16405\/revisions"}],"wp:attachment":[{"href":"http:\/\/www.korhanyilmaz.com\/index.php?rest_route=%2Fwp%2Fv2%2Fmedia&parent=16405"}],"wp:term":[{"taxonomy":"category","embeddable":true,"href":"http:\/\/www.korhanyilmaz.com\/index.php?rest_route=%2Fwp%2Fv2%2Fcategories&post=16405"},{"taxonomy":"post_tag","embeddable":true,"href":"http:\/\/www.korhanyilmaz.com\/index.php?rest_route=%2Fwp%2Fv2%2Ftags&post=16405"}],"curies":[{"name":"wp","href":"https:\/\/api.w.org\/{rel}","templated":true}]}}