{"id":16401,"date":"2009-11-08T21:14:18","date_gmt":"2009-11-08T19:14:18","guid":{"rendered":"http:\/\/www.korhanyilmaz.com\/?p=16401"},"modified":"2009-11-08T21:14:18","modified_gmt":"2009-11-08T19:14:18","slug":"ayamamayi-erdogan-imara-acti","status":"publish","type":"post","link":"http:\/\/www.korhanyilmaz.com\/?p=16401","title":{"rendered":"Ayamama&#039;y\u0131 Erdo\u011fan imara a\u00e7t\u0131"},"content":{"rendered":"<p><a href=\"http:\/\/www.korhanyilmaz.com\/wp-content\/uploads\/2009\/11\/gursel.jpg\"  class=\"lightview\"><img loading=\"lazy\" decoding=\"async\" class=\"aligncenter size-full wp-image-16402\" src=\"http:\/\/www.korhanyilmaz.com\/wp-content\/uploads\/2009\/11\/gursel.jpg\" alt=\"\" width=\"382\" height=\"181\" \/><\/a><\/p>\n<p style=\"text-align: justify;\">CHP istanbul \u0130l Ba\u015fkan\u0131 G\u00fcrsel Tekin&#8217;den iddia: Ayamama Deresi&#8217;ni imara a\u00e7an Erdo\u011fand\u0131r&#8230;<\/p>\n<p style=\"text-align: justify;\">CHP \u0130l Kongresi i\u00e7in delege se\u00e7imlerinin start\u0131n\u0131 verdi. CHP Zeytinburnu \u0130l\u00e7esi Merkezefendi \u0130rtibat B\u00fcrosu&#8217;nda, Genel Ba\u015fkan Yard\u0131mc\u0131s\u0131 Bihlun Tamayl\u0131gil, \u0130stanbul Milletvekili Mehmet Sevigen ve \u0130l Ba\u015fkan\u0131 G\u00fcrsel Tekin&#8217;in kat\u0131l\u0131m\u0131yla ba\u015flat\u0131ld\u0131. Burada halka hitaben bir konu\u015fma yapan Tamayl\u0131gil, yerel se\u00e7imlerde CHP&#8217;nin Zeytinburnu&#8217;nda b\u00fcy\u00fck bir ba\u015far\u0131ya imza att\u0131\u011f\u0131n\u0131 ve oy oran\u0131n\u0131 y\u00fczde 180 oran\u0131nda y\u00fckseltti\u011fini ifade etti. <!--more--><\/p>\n<p style=\"text-align: justify;\">Zeytinburnu&#8217;na \u00e7ok yak\u0131n olan Ayamama Deresinde &#8220;kentsel d\u00f6n\u00fc\u015f\u00fcm&#8221; ad\u0131 alt\u0131nda bir \u00e7al\u0131\u015fma ba\u015flat\u0131ld\u0131\u011f\u0131n\u0131 s\u00f6yleyen Tamayl\u0131gil, &#8220;Bu, kentsel d\u00f6n\u00fc\u015f\u00fcm de\u011fil, rantsal d\u00f6n\u00fc\u015f\u00fcmd\u00fcr. Bunu durduracak g\u00fc\u00e7, sizlerde ve bizlerde var. Art\u0131k rant, birilerinin de\u011fil, e\u011fer burada bir geli\u015fen toplum faydas\u0131 varsa bu Zeytinburnu&#8217;lular\u0131n olacak&#8221; diye konu\u015ftu.<\/p>\n<p style=\"text-align: justify;\">CHP \u0130stanbul \u0130l Ba\u015fkan\u0131 G\u00fcrsel Tekin de son g\u00fcnlerde geneti\u011fi de\u011fi\u015ftirilmi\u015f organizmalar\u0131n g\u00fcndemde oldu\u011funu hat\u0131rlatarak, AK Parti&#8217;nin de &#8220;toplumun geneti\u011fini de\u011fi\u015ftirdi\u011fini&#8221; ileri s\u00fcrd\u00fc. T\u00fcrkiye&#8217;nin ciddi s\u0131k\u0131nt\u0131larla kar\u015f\u0131 kar\u015f\u0131ya bulundu\u011funu savunan Tekin, &#8220;Bu s\u0131k\u0131nt\u0131lar\u0131 bir tek CHP&#8217;yle a\u015fmak m\u00fcmk\u00fcn. CHP&#8217;nin birlik, beraberlik, dayan\u0131\u015fma, sevgi ve karde\u015flikle a\u015famayaca\u011f\u0131 hi\u00e7bir iktidar yoktur&#8221; diye konu\u015ftu. \u0130stanbul&#8217;da ya\u015fanan sel felaketinden sonra &#8220;kentsel d\u00f6n\u00fc\u015f\u00fcm&#8221; ad\u0131 alt\u0131nda Ayamama Deresi&#8217;nde y\u0131k\u0131m \u00e7al\u0131\u015fmalar\u0131na ba\u015fland\u0131\u011f\u0131n\u0131 ifade eden Tekin, \u015f\u00f6yle devam etti: &#8220;Ayamama deresinde 40 vatanda\u015f\u0131m\u0131z hayat\u0131n\u0131 kaybetti. Milyar dolarl\u0131k zararlar oldu. Ama AK Parti bununla ilgili o kadar pi\u015fkin bir vaziyette kamuoyunun \u00f6n\u00fcne \u00e7\u0131kt\u0131 ki, sanki bu olup bitenlerin sorumlusu vatanda\u015fm\u0131\u015f, muhalefet partileriymi\u015f gibi&#8230; Ge\u00e7en g\u00fcn ibretle izledim. Say\u0131n Topba\u015f, karar alm\u0131\u015f,&#8217;Ayamama deresinde y\u0131k\u0131mlar oluyor&#8217; diyor. Nereleri y\u0131kt\u0131lar? Sizler gibi garibanlar\u0131n yerlerini y\u0131kt\u0131lar. Yanda\u015flar\u0131n\u0131n yerlerini de\u011fil. Ba\u015fbakan, &#8216;derelerin intikam\u0131 a\u011f\u0131r olur&#8217; dedi. 1996 y\u0131l\u0131nda belediye ba\u015fkan\u0131yken Ayamama deresinin plan\u0131n\u0131 ilk yapan, imara a\u00e7an Say\u0131n Ba\u015fbakan&#8217;d\u0131r.&#8221; Tamayl\u0131gil, Sevigen ve Tekin daha sonra kurulan se\u00e7im sand\u0131\u011f\u0131nda delege se\u00e7imleri i\u00e7in sembolik olarak oy verdi.<\/p>\n<p style=\"text-align: justify;\"><span style=\"color: #888888;\">Milliyet<\/span><\/p>\n","protected":false},"excerpt":{"rendered":"<\/p>\n<p style=\"text-align: justify;\">CHP istanbul \u0130l Ba\u015fkan\u0131 G\u00fcrsel Tekin&#8217;den iddia: Ayamama Deresi&#8217;ni imara a\u00e7an Erdo\u011fand\u0131r&#8230;<\/p>\n<p style=\"text-align: justify;\">CHP \u0130l Kongresi i\u00e7in delege se\u00e7imlerinin start\u0131n\u0131 verdi. CHP Zeytinburnu \u0130l\u00e7esi Merkezefendi \u0130rtibat B\u00fcrosu&#8217;nda, Genel Ba\u015fkan Yard\u0131mc\u0131s\u0131 Bihlun Tamayl\u0131gil, \u0130stanbul Milletvekili Mehmet Sevigen ve \u0130l Ba\u015fkan\u0131 G\u00fcrsel Tekin&#8217;in kat\u0131l\u0131m\u0131yla ba\u015flat\u0131ld\u0131. Burada halka hitaben bir konu\u015fma yapan Tamayl\u0131gil, yerel <\/p>\n","protected":false},"author":1,"featured_media":0,"comment_status":"open","ping_status":"closed","sticky":false,"template":"","format":"standard","meta":{"footnotes":""},"categories":[105],"tags":[],"class_list":["post-16401","post","type-post","status-publish","format-standard","hentry","category-gundem","odd"],"_links":{"self":[{"href":"http:\/\/www.korhanyilmaz.com\/index.php?rest_route=\/wp\/v2\/posts\/16401","targetHints":{"allow":["GET"]}}],"collection":[{"href":"http:\/\/www.korhanyilmaz.com\/index.php?rest_route=\/wp\/v2\/posts"}],"about":[{"href":"http:\/\/www.korhanyilmaz.com\/index.php?rest_route=\/wp\/v2\/types\/post"}],"author":[{"embeddable":true,"href":"http:\/\/www.korhanyilmaz.com\/index.php?rest_route=\/wp\/v2\/users\/1"}],"replies":[{"embeddable":true,"href":"http:\/\/www.korhanyilmaz.com\/index.php?rest_route=%2Fwp%2Fv2%2Fcomments&post=16401"}],"version-history":[{"count":0,"href":"http:\/\/www.korhanyilmaz.com\/index.php?rest_route=\/wp\/v2\/posts\/16401\/revisions"}],"wp:attachment":[{"href":"http:\/\/www.korhanyilmaz.com\/index.php?rest_route=%2Fwp%2Fv2%2Fmedia&parent=16401"}],"wp:term":[{"taxonomy":"category","embeddable":true,"href":"http:\/\/www.korhanyilmaz.com\/index.php?rest_route=%2Fwp%2Fv2%2Fcategories&post=16401"},{"taxonomy":"post_tag","embeddable":true,"href":"http:\/\/www.korhanyilmaz.com\/index.php?rest_route=%2Fwp%2Fv2%2Ftags&post=16401"}],"curies":[{"name":"wp","href":"https:\/\/api.w.org\/{rel}","templated":true}]}}