{"id":16397,"date":"2009-11-07T23:14:34","date_gmt":"2009-11-07T21:14:34","guid":{"rendered":"http:\/\/www.korhanyilmaz.com\/?p=16397"},"modified":"2009-11-07T23:14:34","modified_gmt":"2009-11-07T21:14:34","slug":"iktidarin-acilim-foyasi-ortaya-cikti","status":"publish","type":"post","link":"http:\/\/www.korhanyilmaz.com\/?p=16397","title":{"rendered":"\u0130ktidar\u0131n &#039;a\u00e7\u0131l\u0131m foyas\u0131&#039; ortaya \u00e7\u0131kt\u0131"},"content":{"rendered":"<p style=\"text-align: center;\"><a href=\"http:\/\/www.korhanyilmaz.com\/wp-content\/uploads\/2009\/11\/acilim.jpg\"  class=\"lightview\"><img loading=\"lazy\" decoding=\"async\" class=\"aligncenter size-full wp-image-16398\" src=\"http:\/\/www.korhanyilmaz.com\/wp-content\/uploads\/2009\/11\/acilim.jpg\" alt=\"\" width=\"450\" height=\"225\" \/><\/a><\/p>\n<p style=\"text-align: justify;\">Meclis\u2019e gelmeden \u00f6nce par\u00e7a par\u00e7a bas\u0131na s\u0131zan \u2018a\u00e7\u0131l\u0131m\u2019\u0131n hedefi de g\u00f6r\u00fcnd\u00fc. Bol makyajl\u0131 paketin can al\u0131c\u0131 noktas\u0131, K\u00fcrt\u00e7enin 2. resmi dil yap\u0131lmas\u0131.<\/p>\n<p style=\"text-align: justify;\">AKP, AB\u2019nin bir dayatmas\u0131na daha boyun e\u011fdi ve K\u00fcrt\u00e7e\u2019yi 2. resmi dil yapacak ad\u0131mlar\u0131 \u2018a\u00e7\u0131l\u0131m\u2019\u0131n i\u00e7ine yerle\u015ftirdi. 10 Kas\u0131m\u2019da Meclis\u2019te yap\u0131lacak g\u00f6r\u00fc\u015fme \u00f6ncesi netle\u015fmeye ba\u015flayan ayr\u0131nt\u0131lar\u0131n i\u00e7eri\u011fi sinsi plan\u0131 ele veriyor: <!--more--><\/p>\n<p style=\"text-align: justify;\">S\u0130YAS\u0130 Partiler Kanunu\u2019nun 81. maddesi de\u011fi\u015ftirilerek, K\u00fcrt\u00e7e propagandan\u0131n \u00f6n\u00fc a\u00e7\u0131lacak. Y\u00d6K Kanunu de\u011fi\u015ftirilerek K\u00fcrt\u00e7e Enstit\u00fcleri kurulacak. K\u00fcrt\u00e7e se\u00e7meli \u2018ana dil\u2019 dersi olarak okula girecek. K\u00fcrt\u00e7e resmi dil olacak.<\/p>\n<p style=\"text-align: justify;\"><strong><em>Ba\u015fbu\u011f ve Baykal \u015fiddetle kar\u015f\u0131 \u00e7\u0131kt\u0131<\/em><\/strong><\/p>\n<p style=\"text-align: justify;\">ORG. Ba\u015fbu\u011f, Zafer Haftas\u0131\u2019nda T\u00fcrk\u00e7e vurgusu yapm\u0131\u015f, CHP lideri Baykal ise \u201cAnadilde e\u011fitim K\u00fcrtleri toplum d\u0131\u015f\u0131na  iter\u201d demi\u015fti.<\/p>\n<p style=\"text-align: justify;\"><strong><em>\u0130\u015fin bu noktaya varaca\u011f\u0131n\u0131 5 y\u0131l \u00f6nce duyurmu\u015ftuk!..<\/em><\/strong><\/p>\n<p style=\"text-align: justify;\">K\u00dcRT\u00c7E\u2019nin AB dayatmas\u0131 ve AKP eliyle resmi dil haline getirilece\u011fini bundan tam 5 y\u0131l \u00f6nce, 22 Eyl\u00fcl 2004 tarihli YEN\u0130\u00c7A\u011e\u2019\u0131n man\u015fetinden duyurmu\u015ftuk. Usta gazeteci Hulki Cevizo\u011flu\u2019nun k\u00f6\u015fe yaz\u0131s\u0131n\u0131 \u201cAB\u2019nin 6 Ekim bombas\u0131: K\u00fcrt\u00e7e resmi dil olsun\u201d ba\u015fl\u0131\u011f\u0131yla g\u00fcndeme ta\u015f\u0131m\u0131\u015ft\u0131k.<\/p>\n<p style=\"text-align: justify;\">CEV\u0130ZO\u011eLU, o g\u00fcn \u015f\u00f6yle yazm\u0131\u015ft\u0131: Ba\u015fbakan Tayyip Erdo\u011fan\u2019a \u00e7ok yak\u0131n bir kaynak, \u201cAB, 6 Ekim\u2019de k\u00fclt\u00fcrel haklar konusunu getiriyor. K\u00fcrt\u00e7enin ikinci resmi dil olmas\u0131n\u0131 ve okullardan ba\u015flayarak \u00e7ocuklara K\u00fcrt\u00e7e e\u011fitim verilmesini istiyor!\u201d deyince kulaklar\u0131ma inanamad\u0131m.<\/p>\n<p style=\"text-align: justify;\"><strong><em>K\u00fcrt\u00e7e resmi dil oluyor<\/em><\/strong><\/p>\n<p style=\"text-align: justify;\">K\u00fcrt a\u00e7\u0131l\u0131m\u0131, TBMM\u2019ye gelmeden \u00f6nce bas\u0131na s\u0131zmaya ba\u015flad\u0131. \u0130ktidar\u0131n a\u00e7\u0131l\u0131m ad\u0131na atmay\u0131 planlad\u0131\u011f\u0131 ad\u0131mlar\u0131n can al\u0131c\u0131 noktas\u0131n\u0131 \u2018K\u00fcrt\u00e7e\u2019ye ikinci resmi dil olma yolunu a\u00e7an\u2019 ad\u0131mlar olu\u015fturuyor.<\/p>\n<p style=\"text-align: justify;\">T\u00fcrkiye B\u00fcy\u00fck Millet Meclis\u2019i \u201910 Kas\u0131m\u2019da K\u00fcrt a\u00e7\u0131l\u0131m\u0131n\u0131 g\u00f6r\u00fc\u015fmeye haz\u0131rlan\u0131rken, bu konudaki ayr\u0131nt\u0131lar da netle\u015fmeye ba\u015fl\u0131yor. \u0130ktidar\u0131n \u2019a\u00e7\u0131l\u0131m\u2019diye bas\u0131na s\u0131zd\u0131rd\u0131\u011f\u0131 onlarca maddenin aras\u0131nda  \u2019K\u00fcrt\u00e7e\u2019ye ikinci resmi dil\u2019olma yolunu a\u00e7an ad\u0131mlar dikkat \u00e7ekiyor. NTV\u2019nin haberine g\u00f6re;  K\u00fcrt a\u00e7\u0131l\u0131m\u0131 ile ilgili olarak \u015fu adamlar\u0131n at\u0131lmas\u0131 bekleniyor:<\/p>\n<p style=\"text-align: justify;\"><strong><em>K\u00fcrt\u00e7e propaganda dili<\/em><\/strong><\/p>\n<p style=\"text-align: justify;\">* Siyasi Partiler Kanunu\u2019nun farkl\u0131 dil ve leh\u00e7elerin kullan\u0131m\u0131n\u0131 k\u0131s\u0131tlayan 81\u2019inci maddesi de\u011fi\u015ftirilerek, K\u00fcrt\u00e7e propogandan\u0131n \u00f6n\u00fc a\u00e7\u0131lacak. B\u00f6ylece Meclis\u2019te bekleyen bir\u00e7ok dokunulmazl\u0131k dosyas\u0131 d\u00fc\u015fm\u00fc\u015f olacak.<\/p>\n<p style=\"text-align: justify;\">* Y\u00d6K Kanunu\u2019nda de\u011fi\u015fiklik yap\u0131larak \u00fcniversitelerde K\u00fcrt\u00e7e Ara\u015ft\u0131rma Enstit\u00fcleri kurulacak. Bunlar dil ve leh\u00e7e ara\u015ft\u0131rmas\u0131 yapacak.<\/p>\n<p style=\"text-align: justify;\"><strong><em>Se\u00e7meli \u2018anadil\u2019 dersi<\/em><\/strong><\/p>\n<p style=\"text-align: justify;\">* K\u00fcrt\u00e7e\u2019nin se\u00e7meli ders olarak okutulmas\u0131na y\u00f6nelik \u00e7al\u0131\u015fma yap\u0131lacak. RT\u00dcK y\u00f6netmeli\u011fi de\u011fi\u015ftirilerek, K\u00fcrt\u00e7e\u2019nin \u00f6zel televizyonlarda da kullan\u0131lmas\u0131n\u0131n \u00f6n\u00fc s\u00fcre s\u0131n\u0131rlamas\u0131 olmadan a\u00e7\u0131lacak. Reklamlar da K\u00fcrt\u00e7e yay\u0131nlanabilecek.<\/p>\n<p style=\"text-align: justify;\"><strong><em>K\u00fcrt\u00e7e Kur\u2019an bas\u0131lacak<\/em><\/strong><\/p>\n<p style=\"text-align: justify;\">* Diyanet \u0130\u015fleri Ba\u015fkanl\u0131\u011f\u0131, K\u00fcrtlerin \u00e7o\u011funlu\u011fu \u015fafi oldu\u011fu i\u00e7in \u201c\u015fafi ilmihali K\u00fcrt\u00e7e\u201d bas\u0131lacak.<\/p>\n<p style=\"text-align: justify;\">* K\u00fcrt\u00e7e Kur\u2019an-\u0131 Kerim\u2019in meaili bas\u0131lacak. K\u00f6y isimleri de\u011fi\u015ftirilecek.<\/p>\n<p style=\"text-align: justify;\">* S\u0131n\u0131rlarla ilgili \u00e7al\u0131\u015fma yap\u0131lacak. Habur\u2019daki arama ve kontroller h\u0131zland\u0131r\u0131lacak, y\u0131\u011f\u0131lman\u0131n \u00f6n\u00fcne ge\u00e7ilecek.<\/p>\n<p style=\"text-align: justify;\"><strong><em>Pi\u015fmanl\u0131k ayar\u0131<\/em><\/strong><\/p>\n<p style=\"text-align: justify;\">* Sadece Van ve Hakkari aras\u0131nda 21 ara\u00e7 kontrol noktas\u0131 bulunuyor. Bu bire indirilecek. Bu idari genelgeyle yap\u0131lacak.<\/p>\n<p style=\"text-align: justify;\">* Mahmur\u2019dan gelenler i\u00e7in TOK\u0130 kabul yerleri olu\u015fturacak. Bunlara ikametgah ve n\u00fcfus c\u00fczdanlar\u0131 verilirken rehabilitasyon program\u0131 uygulanacak.<\/p>\n<p style=\"text-align: justify;\">* Geri d\u00f6nenler \u201c\u00d6calan i\u00e7in geldik\u201d derse, etkin pi\u015fmanl\u0131\u011f\u0131 d\u00fczenleyen T\u00fcrk Ceza Kanunu\u2019nun 221\u2019inci maddesinden faydaland\u0131r\u0131lmayacak.<\/p>\n<p style=\"text-align: justify;\">* Koruculuk sadece ter\u00f6r bitti\u011fi anda tasfiye edilecek. Ya\u015f\u0131 gelenler emekli olacak di\u011ferleri de kamu hizmetlerinde \u00e7al\u0131\u015ft\u0131r\u0131lacak.<\/p>\n<p style=\"text-align: justify;\">* Do\u011fu ve G\u00fcneydo\u011fu\u2019da yaylalara \u00e7\u0131k\u0131\u015f serbest b\u0131rak\u0131lacak.<\/p>\n<p style=\"text-align: justify;\"><strong><em>Anayasada yaz\u0131yor devletin dili T\u00fcrk\u00e7edir<\/em><\/strong><\/p>\n<p style=\"text-align: justify;\">Genelkurmay Ba\u015fkan\u0131 Orgeneral \u0130lker Ba\u015fbu\u011f, Zafer haftas\u0131 nedeniyle yay\u0131nlad\u0131\u011f\u0131 bir mesajda T\u00fcrk\u00e7e vurgusu yapm\u0131\u015ft\u0131: \u201cAnayasa\u2019n\u0131n de\u011fi\u015ftirilmesi teklif bile edilemez maddelerinde belirtildi\u011fi gibi devletin Dili T\u00fcrk\u00e7e\u2019dir.<\/p>\n<p style=\"text-align: justify;\"><strong><em>\u0130kinci resmi dil K\u00fcrtleri toplumun d\u0131\u015f\u0131na iter<\/em><\/strong><\/p>\n<p style=\"text-align: justify;\">CHP lideri Deniz Baykal da resmi dil konusundaki hassasiyetlerini dile getirmi\u015fti. K\u00fcrt\u00e7e\u2019nin ikinci resmi dil olmas\u0131na kar\u015f\u0131 \u00e7\u0131kt\u0131klar\u0131n\u0131 ifade eden Baykal \u201c\u0130kinci resmi dil, anadilde e\u011fitim K\u00fcrtleri toplum d\u0131\u015f\u0131na iter\u201d demi\u015fti.<\/p>\n<p style=\"text-align: justify;\"><span style=\"color: #888888;\">Haber Kayna\u011f\u0131 : S\u00fcmeyra YILMAZ &#8211; <a href=\"http:\/\/www.yenicaggazetesi.com.tr\/haberdetay.php?hit=26000\" target=\"_blank\">yenicaggazetesi.com.tr<\/a><\/span><\/p>\n","protected":false},"excerpt":{"rendered":"<p style=\"text-align: center;\">\n<p style=\"text-align: justify;\">Meclis\u2019e gelmeden \u00f6nce par\u00e7a par\u00e7a bas\u0131na s\u0131zan \u2018a\u00e7\u0131l\u0131m\u2019\u0131n hedefi de g\u00f6r\u00fcnd\u00fc. Bol makyajl\u0131 paketin can al\u0131c\u0131 noktas\u0131, K\u00fcrt\u00e7enin 2. resmi dil yap\u0131lmas\u0131.<\/p>\n<p style=\"text-align: justify;\">AKP, AB\u2019nin bir dayatmas\u0131na daha boyun e\u011fdi ve K\u00fcrt\u00e7e\u2019yi 2. resmi dil yapacak ad\u0131mlar\u0131 \u2018a\u00e7\u0131l\u0131m\u2019\u0131n i\u00e7ine yerle\u015ftirdi. 10 Kas\u0131m\u2019da Meclis\u2019te yap\u0131lacak g\u00f6r\u00fc\u015fme \u00f6ncesi netle\u015fmeye ba\u015flayan ayr\u0131nt\u0131lar\u0131n <\/p>\n","protected":false},"author":1,"featured_media":0,"comment_status":"open","ping_status":"closed","sticky":false,"template":"","format":"standard","meta":{"footnotes":""},"categories":[105],"tags":[],"class_list":["post-16397","post","type-post","status-publish","format-standard","hentry","category-gundem","odd"],"_links":{"self":[{"href":"http:\/\/www.korhanyilmaz.com\/index.php?rest_route=\/wp\/v2\/posts\/16397","targetHints":{"allow":["GET"]}}],"collection":[{"href":"http:\/\/www.korhanyilmaz.com\/index.php?rest_route=\/wp\/v2\/posts"}],"about":[{"href":"http:\/\/www.korhanyilmaz.com\/index.php?rest_route=\/wp\/v2\/types\/post"}],"author":[{"embeddable":true,"href":"http:\/\/www.korhanyilmaz.com\/index.php?rest_route=\/wp\/v2\/users\/1"}],"replies":[{"embeddable":true,"href":"http:\/\/www.korhanyilmaz.com\/index.php?rest_route=%2Fwp%2Fv2%2Fcomments&post=16397"}],"version-history":[{"count":0,"href":"http:\/\/www.korhanyilmaz.com\/index.php?rest_route=\/wp\/v2\/posts\/16397\/revisions"}],"wp:attachment":[{"href":"http:\/\/www.korhanyilmaz.com\/index.php?rest_route=%2Fwp%2Fv2%2Fmedia&parent=16397"}],"wp:term":[{"taxonomy":"category","embeddable":true,"href":"http:\/\/www.korhanyilmaz.com\/index.php?rest_route=%2Fwp%2Fv2%2Fcategories&post=16397"},{"taxonomy":"post_tag","embeddable":true,"href":"http:\/\/www.korhanyilmaz.com\/index.php?rest_route=%2Fwp%2Fv2%2Ftags&post=16397"}],"curies":[{"name":"wp","href":"https:\/\/api.w.org\/{rel}","templated":true}]}}