{"id":16393,"date":"2009-11-07T23:17:49","date_gmt":"2009-11-07T21:17:49","guid":{"rendered":"http:\/\/www.korhanyilmaz.com\/?p=16393"},"modified":"2009-11-07T23:17:49","modified_gmt":"2009-11-07T21:17:49","slug":"ocalan-ozali-hatirlatip-basbakani-tehdit-etti","status":"publish","type":"post","link":"http:\/\/www.korhanyilmaz.com\/?p=16393","title":{"rendered":"\u00d6calan \u00d6zal&#039;\u0131 hat\u0131rlat\u0131p Ba\u015fbakan&#039;\u0131 tehdit etti!"},"content":{"rendered":"<p style=\"text-align: center;\"><a href=\"http:\/\/www.korhanyilmaz.com\/wp-content\/uploads\/2009\/11\/tehdit.jpg\"  class=\"lightview\"><img loading=\"lazy\" decoding=\"async\" class=\"aligncenter size-full wp-image-16394\" src=\"http:\/\/www.korhanyilmaz.com\/wp-content\/uploads\/2009\/11\/tehdit.jpg\" alt=\"\" width=\"450\" height=\"225\" \/><\/a><\/p>\n<p style=\"text-align: justify;\">\u0130MRALI canisinin avukatlar\u0131yla yapt\u0131\u011f\u0131 haftal\u0131k g\u00f6r\u00fc\u015fmenin notlar\u0131, \u00f6rg\u00fcte yak\u0131nl\u0131\u011f\u0131yla bilinen F\u0131rat Haber Ajans\u0131\u2019nda yay\u0131mland\u0131. \u00d6calan \u201cErdo\u011fan\u2019a sesleniyorum; e\u011fer sorunu \u00e7\u00f6zmezsen, durumun \u00d6zal\u2019\u0131n \u00f6l\u00fcm\u00fcnden 48 saat \u00f6ncesi gibi olur\u201d dedi.<\/p>\n<p style=\"text-align: justify;\">ERDO\u011eAN\u2019a cesur olmas\u0131n\u0131 \u00f6neren \u00d6calan, \u015f\u00f6yle devam etti: \u00d6zal, K\u00fcrt sorununun \u00e7\u00f6z\u00fcm\u00fcnde ABD\u2019nin verdi\u011fi rol\u00fc yerine getiremeyince tasfiye edildi. AKP\u2019nin durumu da buna benziyor. Bu k\u0131\u015f s\u00fcrecinde bar\u0131\u015f geli\u015fmezse baharda \u00e7at\u0131\u015fmalar artar! <!--more--><\/p>\n<p style=\"text-align: justify;\"><strong><em>Anayasa\u2019y\u0131 hedef ald\u0131 Erdo\u011fan\u2019\u0131 tehdit etti<\/em><\/strong><\/p>\n<p style=\"text-align: justify;\">Ter\u00f6ristba\u015f\u0131 Abdullah \u00d6calan\u2019\u0131n avukatlar\u0131yla yapt\u0131\u011f\u0131 haftal\u0131k g\u00f6r\u00fc\u015fmenin notlar\u0131, \u00f6rg\u00fcte yak\u0131nl\u0131\u011f\u0131yla bilinen F\u0131rat Haber Ajans\u0131\u2019nda yay\u0131mland\u0131. \u00d6calan \u201cSay\u0131n Erdo\u011fan\u2019a sesleniyorum; e\u011fer bu sorunu \u00e7\u00f6zmezsen, b\u00f6yle sa\u011fa sola savurursan, yedi y\u0131ld\u0131r yapt\u0131\u011f\u0131n gibi demagoji yaparsan, ciddiyetsiz davran\u0131rsan, durumun \u00d6zal\u2019\u0131n \u00f6l\u00fcm\u00fcnden k\u0131rk sekiz saat \u00f6ncesi gibi olur. \u00d6zal\u2019\u0131n son k\u0131rk sekiz saat i\u00e7inde ba\u015f\u0131na ne getirildiyse sizin de ba\u015f\u0131n\u0131za getirebilirler. Cesaretli olmal\u0131s\u0131n\u0131z\u201d dedi.<\/p>\n<p style=\"text-align: justify;\"><strong><em>Tasfiye edildi<\/em><\/strong><\/p>\n<p style=\"text-align: justify;\">\u00d6zal\u2019\u0131n K\u00fcrt sorununun \u00e7\u00f6z\u00fcm\u00fcnde Amerika\u2019n\u0131n verdi\u011fi rol\u00fc yerine getiremeyince tasfiye edildi\u011fini ileri s\u00fcren \u00d6calan, \u201cAKP\u2019nin durumu da buna benziyor. AKP\u2019nin alternatifini de haz\u0131rl\u0131yorlar\u201d iddias\u0131nda bulundu. \u00c7at\u0131\u015fmalar\u0131n yeniden ba\u015flayabilece\u011fini ifade eden \u00d6calan, \u201cBu k\u0131\u015f s\u00fcrecinde bar\u0131\u015f geli\u015fmezse baharla birlikte \u00e7ok daha g\u00fc\u00e7l\u00fc bir \u00e7at\u0131\u015fma ya\u015fanabilir\u201d dedi.<\/p>\n<p style=\"text-align: justify;\"><strong><em>Onun an\u0131s\u0131na bu i\u015fi bitirin<\/em><\/strong><\/p>\n<p style=\"text-align: justify;\">Ba\u015fbakan Erdo\u011fan ve Cumhurba\u015fkan\u0131 Abdullah G\u00fcl\u2019e de seslenen \u00d6calan \u015f\u00f6yle devam etti:  \u201cBen buradan Cumhurba\u015fkan\u0131\u2019na, Ba\u015fbakan\u2019a tekrar sesleniyorum: Cesur olmak zorundas\u0131n\u0131z. 9,10,11 Kas\u0131m olur, farketmez ancak bu sorun parlamento g\u00fcndemine getirilip \u00e7\u00f6z\u00fclmelidir. Parlamento bar\u0131\u015f\u0131n karar\u0131n\u0131 vermelidir, bar\u0131\u015f\u0131n \u00f6n\u00fcn\u00fc a\u00e7mal\u0131d\u0131r. Demokratik siyasi \u00e7\u00f6z\u00fcm\u00fcn karar\u0131n\u0131 vermelidir. Yeni kay\u0131plar\u0131n, yeni ac\u0131lar\u0131n \u00f6n\u00fcne ge\u00e7mek istiyoruz. On alt\u0131 y\u0131ld\u0131r ben bu karar\u0131 vermi\u015fim, bunun i\u00e7in \u00e7abal\u0131yorum. Biz bar\u0131\u015f olabilir diyoruz. Cengiz \u00c7andar daha \u00f6nce yazm\u0131\u015ft\u0131, okudum; \u00d6zal \u00c7andar\u2019a; \u201d bu sorunu \u00e7\u00f6zmek benim boynumun borcudur, bu halka kar\u015f\u0131 borcumdur \u201c demi\u015f. Biraz da \u00d6zal\u2019\u0131n an\u0131s\u0131na sayg\u0131 gere\u011fi bu sorun \u00e7\u00f6z\u00fclmelidir, diyorum.\u201d G\u00f6r\u00fc\u015fmede Anayasa\u2019n\u0131n de\u011fi\u015fmesi gerekti\u011fini de \u00f6ne s\u00fcren Bebek katili, \u015f\u00f6yle devam etti:<\/p>\n<p style=\"text-align: justify;\"><strong><em>Benden bir \u015fey beklemeyin<\/em><\/strong><\/p>\n<p style=\"text-align: justify;\">\u201cMeclis, demokratik anayasa, demokratik \u00e7\u00f6z\u00fcm ve bar\u0131\u015f karar\u0131n\u0131 almal\u0131d\u0131r. \u0130\u015fte 10 Kas\u0131m deniliyor. Farketmez, parlamentoda bar\u0131\u015f\u0131n, demokratik \u00e7\u00f6z\u00fcm\u00fcn karar\u0131 al\u0131nmal\u0131d\u0131r. Halk bunun i\u00e7in, demokratik \u00e7\u00f6z\u00fcm i\u00e7in demokratik eylemselliklerini y\u00fckseltebilmelidir, devam ettirmelidir. E\u011fer Meclis bu karar\u0131 almazsa PKK ve K\u00fcrtler kendi kararlar\u0131n\u0131 al\u0131rlar, ben de buna kar\u0131\u015fmam. Ancak bir \u00e7\u00f6z\u00fcm iradesi olu\u015fursa ben o zaman \u00fczerime d\u00fc\u015feni yapar\u0131m. Devlet bundan sonra benden bir \u015fey beklemesin, ben \u00fczerime d\u00fc\u015feni yapt\u0131m.\u201d Bebek katili \u00d6calan g\u00f6r\u00fc\u015fmesinde \u0130ran ve Suriye\u2019deki b\u00f6l\u00fcc\u00fclere de \u00f6rg\u00fctlenin \u00e7a\u011fr\u0131s\u0131nda bulundu.<\/p>\n<p style=\"text-align: justify;\"><span style=\"color: #888888;\">Haber Kayna\u011f\u0131 : <a href=\"http:\/\/www.yenicaggazetesi.com.tr\/haberdetay.php?hit=26002\" target=\"_blank\">yenicaggazetesi.com.tr<\/a><\/span><\/p>\n","protected":false},"excerpt":{"rendered":"<p style=\"text-align: center;\">\n<p style=\"text-align: justify;\">\u0130MRALI canisinin avukatlar\u0131yla yapt\u0131\u011f\u0131 haftal\u0131k g\u00f6r\u00fc\u015fmenin notlar\u0131, \u00f6rg\u00fcte yak\u0131nl\u0131\u011f\u0131yla bilinen F\u0131rat Haber Ajans\u0131\u2019nda yay\u0131mland\u0131. \u00d6calan \u201cErdo\u011fan\u2019a sesleniyorum; e\u011fer sorunu \u00e7\u00f6zmezsen, durumun \u00d6zal\u2019\u0131n \u00f6l\u00fcm\u00fcnden 48 saat \u00f6ncesi gibi olur\u201d dedi.<\/p>\n<p style=\"text-align: justify;\">ERDO\u011eAN\u2019a cesur olmas\u0131n\u0131 \u00f6neren \u00d6calan, \u015f\u00f6yle devam etti: \u00d6zal, K\u00fcrt sorununun \u00e7\u00f6z\u00fcm\u00fcnde ABD\u2019nin verdi\u011fi rol\u00fc yerine getiremeyince tasfiye edildi. <\/p>\n","protected":false},"author":1,"featured_media":0,"comment_status":"open","ping_status":"closed","sticky":false,"template":"","format":"standard","meta":{"footnotes":""},"categories":[105],"tags":[],"class_list":["post-16393","post","type-post","status-publish","format-standard","hentry","category-gundem","odd"],"_links":{"self":[{"href":"http:\/\/www.korhanyilmaz.com\/index.php?rest_route=\/wp\/v2\/posts\/16393","targetHints":{"allow":["GET"]}}],"collection":[{"href":"http:\/\/www.korhanyilmaz.com\/index.php?rest_route=\/wp\/v2\/posts"}],"about":[{"href":"http:\/\/www.korhanyilmaz.com\/index.php?rest_route=\/wp\/v2\/types\/post"}],"author":[{"embeddable":true,"href":"http:\/\/www.korhanyilmaz.com\/index.php?rest_route=\/wp\/v2\/users\/1"}],"replies":[{"embeddable":true,"href":"http:\/\/www.korhanyilmaz.com\/index.php?rest_route=%2Fwp%2Fv2%2Fcomments&post=16393"}],"version-history":[{"count":0,"href":"http:\/\/www.korhanyilmaz.com\/index.php?rest_route=\/wp\/v2\/posts\/16393\/revisions"}],"wp:attachment":[{"href":"http:\/\/www.korhanyilmaz.com\/index.php?rest_route=%2Fwp%2Fv2%2Fmedia&parent=16393"}],"wp:term":[{"taxonomy":"category","embeddable":true,"href":"http:\/\/www.korhanyilmaz.com\/index.php?rest_route=%2Fwp%2Fv2%2Fcategories&post=16393"},{"taxonomy":"post_tag","embeddable":true,"href":"http:\/\/www.korhanyilmaz.com\/index.php?rest_route=%2Fwp%2Fv2%2Ftags&post=16393"}],"curies":[{"name":"wp","href":"https:\/\/api.w.org\/{rel}","templated":true}]}}