{"id":16390,"date":"2009-11-07T10:40:00","date_gmt":"2009-11-07T08:40:00","guid":{"rendered":"http:\/\/www.korhanyilmaz.com\/?p=16390"},"modified":"2009-11-07T10:40:00","modified_gmt":"2009-11-07T08:40:00","slug":"yarsav-yargitay-da-dinleniyor","status":"publish","type":"post","link":"http:\/\/www.korhanyilmaz.com\/?p=16390","title":{"rendered":"YARSAV: Yarg\u0131tay da dinleniyor"},"content":{"rendered":"<p style=\"text-align: center;\"><a href=\"http:\/\/www.korhanyilmaz.com\/wp-content\/uploads\/2009\/11\/EM\u0130NAGAOGLU.jpg\"  class=\"lightview\"><img loading=\"lazy\" decoding=\"async\" class=\"aligncenter size-full wp-image-16391\" src=\"http:\/\/www.korhanyilmaz.com\/wp-content\/uploads\/2009\/11\/EM\u0130NAGAOGLU.jpg\" alt=\"\" width=\"450\" height=\"225\" \/><\/a><\/p>\n<p style=\"text-align: justify;\">Emina\u011fao\u011flu: Yarg\u0131tay\u2019da bile telefonlar dinleniyor!<\/p>\n<p style=\"text-align: justify;\">YARSAV Ba\u015fkan\u0131 \u00d6mer Faruk Emina\u011fao\u011flu, Yarg\u0131tay\u2019\u0131n da telekulaktan kurtulamad\u0131\u011f\u0131n\u0131 iddia etti. Emina\u011fao\u011flu, \u201cYarg\u0131 hi\u00e7bir d\u00f6nemde bu denli bask\u0131 alt\u0131nda kalmad\u0131. Hukuka ayk\u0131r\u0131 izleme ve dinleme kararlar\u0131 al\u0131nd\u0131. Buna Yarg\u0131tay telefonlar\u0131n\u0131n da dahil oldu\u011fu ortaya \u00e7\u0131kacak\u201d dedi. <!--more--><\/p>\n<p style=\"text-align: justify;\"><strong><em>YARSAV: Yarg\u0131tay da dinleniyor<\/em><\/strong><\/p>\n<p style=\"text-align: justify;\">Yarg\u0131\u00e7lar ve Savc\u0131lar Birli\u011fi Vakf\u0131 (YARSAV) Ba\u015fkan\u0131 \u00d6mer Faruk Emina\u011fao\u011flu, Yarg\u0131tay\u2019\u0131n bile dinlendi\u011fini iddia etti. Emina\u011fao\u011flu yapt\u0131\u011f\u0131 yaz\u0131l\u0131 a\u00e7\u0131klamada, ileti\u015fimle ilgili t\u00fcm dinleme ve izleme i\u015flemlerinin y\u00fcr\u00fct\u00fcld\u00fc\u011f\u00fc resmi birim olan Telekom\u00fcnikasyon \u0130leti\u015fim Ba\u015fkanl\u0131\u011f\u0131\u2019nda (T\u0130B) mahkeme karar\u0131yla ger\u00e7ekle\u015ftirilen tespit i\u015fleminin hukuksuz olarak nitelenmesi ve itirazla kar\u015f\u0131la\u015fmas\u0131n\u0131n kabul edilemeyece\u011fini bildirdi. \u201cT\u00fcrkiye\u2019de yetkili mahkemelerin bile giremeyece\u011fi kurumlar varsa hukuk devletinin son derece tart\u0131\u015fmal\u0131 noktada demektir\u201d diyen Emina\u011fao\u011flu, Adalet Bakanl\u0131\u011f\u0131n\u0131n elinde dinleme ve izlemeyi gerekli k\u0131lan soru\u015fturma bile olmadan, yarg\u0131\u00e7 ve savc\u0131lar\u0131 dinledi\u011fi ve izledi\u011finin Bakanl\u0131k i\u015flemleri ile sabit hale geldi\u011fini kaydetti. \u00d6mer Faruk Emina\u011fao\u011flu, \u201cYarg\u0131 hi\u00e7 bir d\u00f6nemde bu denli bask\u0131 alt\u0131nda kalmam\u0131\u015ft\u0131r. \u00d6nceki Adalet Bakan\u0131, vermi\u015f oldu\u011fu isimsiz inceleme ve soru\u015fturma emri ile t\u00fcm yarg\u0131\u00e7 ve cumhuriyet savc\u0131lar\u0131n\u0131 ter\u00f6r inceleme ve soru\u015fturmas\u0131 kapsam\u0131na sokmu\u015f, hukuka ayk\u0131r\u0131 bi\u00e7imde dinleme ve izleme kararlar\u0131 alm\u0131\u015f ve T\u0130B\u2019e g\u00f6ndererek infaz\u0131n\u0131 sa\u011flam\u0131\u015ft\u0131r. Buna Yarg\u0131tay telefonlar\u0131n\u0131n da dahil oldu\u011fu ortaya \u00e7\u0131kacakt\u0131r\u201d g\u00f6r\u00fc\u015f\u00fcn\u00fc savundu.<\/p>\n<p style=\"text-align: justify;\"><strong><em>Yarg\u0131 yarg\u0131ya b\u0131rak\u0131lmal\u0131<\/em><\/strong><\/p>\n<p style=\"text-align: justify;\">Emina\u011fao\u011flu, \u201cAncak T\u00fcrkiye\u2019de her t\u00fcrl\u00fc bask\u0131 ile kar\u015f\u0131 kar\u015f\u0131ya b\u0131rak\u0131lmaktad\u0131r. Her i\u015flem hukuk \u00e7er\u00e7evesinde y\u00fcr\u00fct\u00fclmelidir. Art\u0131k soru\u015fturmalar da sadece ve sadece yarg\u0131ya b\u0131rak\u0131lmal\u0131d\u0131r. Yarg\u0131 yarg\u0131ya b\u0131rak\u0131lmal\u0131d\u0131r. Yarg\u0131 \u00fczerindeki ku\u015fatmalar sona erdirilmelidir\u201d dedi.<\/p>\n<p style=\"text-align: justify;\"><strong><em>\u0130ncelemeyi Ertosun kendisi istemi\u015f<\/em><\/strong><\/p>\n<p style=\"text-align: justify;\">Hakimler ve Savc\u0131lar Y\u00fcksek Kurulu (HSYK) \u00dcyesi Ali Suat Ertosun, Yarg\u0131tay Birinci Ba\u015fkanl\u0131k Kurulunca hakk\u0131nda y\u00fcr\u00fct\u00fclen incelemenin, kendi iste\u011fiyle ba\u015flat\u0131ld\u0131\u011f\u0131n\u0131 bildirdi. Ertosun, yapt\u0131\u011f\u0131 yaz\u0131l\u0131 a\u00e7\u0131klamada, baz\u0131 bas\u0131n yay\u0131n organlar\u0131nda hakk\u0131nda inceleme ba\u015flat\u0131ld\u0131\u011f\u0131na ili\u015fkin haberlerin yer ald\u0131\u011f\u0131n\u0131 an\u0131msatarak, \u015funlar\u0131 kaydetti: \u201cYaz\u0131l\u0131, g\u00f6rsel ve i\u015fitsel yay\u0131n organlar\u0131nda \u015fahs\u0131ma y\u00f6nelik, \u2018tarafs\u0131zl\u0131\u011f\u0131m\u0131 kaybetti\u011fime ve yarg\u0131lanmam gerekti\u011fine\u2019ili\u015fkin ithamlarda bulunulmas\u0131 nedeniyle 7 A\u011fustos 2009 tarihinde Yarg\u0131tay Birinci Ba\u015fkanl\u0131\u011f\u0131na verdi\u011fim dilek\u00e7eyle hakk\u0131mda inceleme ve gerekirse soru\u015fturma yap\u0131lmas\u0131n\u0131 istemi\u015ftim. \u0130nceleme sonunda gereken a\u00e7\u0131klama yap\u0131lacakt\u0131r.\u201d<\/p>\n<p style=\"text-align: justify;\"><span style=\"color: #888888;\">Haber Kayna\u011f\u0131 : <a href=\"http:\/\/www.yenicaggazetesi.com.tr\/haberdetay.php?hit=25973\" target=\"_blank\">yenicaggazetesi.com.tr<\/a><\/span><\/p>\n","protected":false},"excerpt":{"rendered":"<p style=\"text-align: center;\">\n<p style=\"text-align: justify;\">Emina\u011fao\u011flu: Yarg\u0131tay\u2019da bile telefonlar dinleniyor!<\/p>\n<p style=\"text-align: justify;\">YARSAV Ba\u015fkan\u0131 \u00d6mer Faruk Emina\u011fao\u011flu, Yarg\u0131tay\u2019\u0131n da telekulaktan kurtulamad\u0131\u011f\u0131n\u0131 iddia etti. Emina\u011fao\u011flu, \u201cYarg\u0131 hi\u00e7bir d\u00f6nemde bu denli bask\u0131 alt\u0131nda kalmad\u0131. Hukuka ayk\u0131r\u0131 izleme ve dinleme kararlar\u0131 al\u0131nd\u0131. Buna Yarg\u0131tay telefonlar\u0131n\u0131n da dahil oldu\u011fu ortaya \u00e7\u0131kacak\u201d dedi. <\/p>\n","protected":false},"author":1,"featured_media":0,"comment_status":"open","ping_status":"closed","sticky":false,"template":"","format":"standard","meta":{"footnotes":""},"categories":[105],"tags":[],"class_list":["post-16390","post","type-post","status-publish","format-standard","hentry","category-gundem","odd"],"_links":{"self":[{"href":"http:\/\/www.korhanyilmaz.com\/index.php?rest_route=\/wp\/v2\/posts\/16390","targetHints":{"allow":["GET"]}}],"collection":[{"href":"http:\/\/www.korhanyilmaz.com\/index.php?rest_route=\/wp\/v2\/posts"}],"about":[{"href":"http:\/\/www.korhanyilmaz.com\/index.php?rest_route=\/wp\/v2\/types\/post"}],"author":[{"embeddable":true,"href":"http:\/\/www.korhanyilmaz.com\/index.php?rest_route=\/wp\/v2\/users\/1"}],"replies":[{"embeddable":true,"href":"http:\/\/www.korhanyilmaz.com\/index.php?rest_route=%2Fwp%2Fv2%2Fcomments&post=16390"}],"version-history":[{"count":0,"href":"http:\/\/www.korhanyilmaz.com\/index.php?rest_route=\/wp\/v2\/posts\/16390\/revisions"}],"wp:attachment":[{"href":"http:\/\/www.korhanyilmaz.com\/index.php?rest_route=%2Fwp%2Fv2%2Fmedia&parent=16390"}],"wp:term":[{"taxonomy":"category","embeddable":true,"href":"http:\/\/www.korhanyilmaz.com\/index.php?rest_route=%2Fwp%2Fv2%2Fcategories&post=16390"},{"taxonomy":"post_tag","embeddable":true,"href":"http:\/\/www.korhanyilmaz.com\/index.php?rest_route=%2Fwp%2Fv2%2Ftags&post=16390"}],"curies":[{"name":"wp","href":"https:\/\/api.w.org\/{rel}","templated":true}]}}