{"id":16386,"date":"2009-11-08T18:39:13","date_gmt":"2009-11-08T16:39:13","guid":{"rendered":"http:\/\/www.korhanyilmaz.com\/?p=16386"},"modified":"2009-11-08T18:39:13","modified_gmt":"2009-11-08T16:39:13","slug":"el-besir-turkiyeye-gelmiyor","status":"publish","type":"post","link":"http:\/\/www.korhanyilmaz.com\/?p=16386","title":{"rendered":"El Be\u015fir T\u00fcrkiye&#8217;ye gelmiyor"},"content":{"rendered":"<p style=\"text-align: center;\"><a href=\"http:\/\/www.korhanyilmaz.com\/wp-content\/uploads\/2009\/11\/BES\u0130R1.jpg\"  class=\"lightview\"><img loading=\"lazy\" decoding=\"async\" class=\"aligncenter size-full wp-image-16387\" src=\"http:\/\/www.korhanyilmaz.com\/wp-content\/uploads\/2009\/11\/BES\u0130R1.jpg\" alt=\"\" width=\"307\" height=\"236\" \/><\/a><\/p>\n<p style=\"text-align: justify;\">Uluslararas\u0131 Ceza Mahkemesi&#8217;nin hakk\u0131nda tutuklama emri \u00e7\u0131kartt\u0131\u011f\u0131 Sudan lideri \u00d6mer El Be\u015fir, T\u00fcrkiye&#8217;deki \u0130SEDAK toplant\u0131s\u0131na kat\u0131lmayacak. El Be\u015fir&#8217;in T\u00fcrkiye ziyaretiyle ilgili olarak AB, rahats\u0131zl\u0131\u011f\u0131n\u0131 Ankara&#8217;ya iletmi\u015fti.<\/p>\n<p style=\"text-align: justify;\">Sudan Devlet Ba\u015fkan\u0131 \u00d6mer El Be\u015fir&#8217;in, \u0130slam Konferans\u0131 Te\u015fkilat\u0131 (\u0130KT) 25. Ekonomik ve Ticari \u0130\u015fbirli\u011fi Daimi Komitesi (\u0130SEDAK) toplant\u0131s\u0131 i\u00e7in T\u00fcrkiye&#8217;ye gelmeyece\u011fi \u00f6\u011frenildi. <!--more--><\/p>\n<p style=\"text-align: justify;\">Be\u015fir&#8217;in, \u0130SEDAK toplant\u0131s\u0131na kat\u0131lmayaca\u011f\u0131 bilgisi Ankara&#8217;ya ula\u015ft\u0131.<\/p>\n<p style=\"text-align: justify;\">Be\u015fir&#8217;in kat\u0131lmama nedeninin Sudan taraf\u0131nca a\u00e7\u0131klanabilece\u011fi belirtiliyor.<\/p>\n<p style=\"text-align: justify;\">\u0130SEDAK toplant\u0131s\u0131na kat\u0131lmak \u00fczere bu ak\u015fam saat 18.30&#8217;da gelmesi beklenen El Be\u015fir&#8217;in u\u00e7a\u011f\u0131n\u0131n iptal edildi\u011fi bilgisini ald\u0131klar\u0131n\u0131 belirten Atat\u00fcrk Havaliman\u0131 Protokol M\u00fcd\u00fcrl\u00fc\u011f\u00fc yetkilileri, &#8220;Daha sonra gelen bilgiler \u00fczerine de bu ak\u015fam gelmeyece\u011fini \u00f6\u011frendik&#8221; dedi.<\/p>\n<p style=\"text-align: justify;\"><strong><em>D\u0131\u015fi\u015fleri: &#8220;Nota yok&#8221; <\/em><\/strong><\/p>\n<p style=\"text-align: justify;\">El Be\u015fir&#8217;in T\u00fcrkiye ziyareti AB ile gerginlik yaratm\u0131\u015ft\u0131. AB&#8217;nin T\u00fcrkiye&#8217;ye nota verdi\u011fi y\u00f6n\u00fcndeki haberler \u00fczerine bir a\u00e7\u0131klama yapan D\u0131\u015fi\u015fleri Bakanl\u0131\u011f\u0131, AB taraf\u0131ndan nota verilmesinin s\u00f6z konusu olmad\u0131\u011f\u0131n\u0131 belirtmi\u015fti.<\/p>\n<p style=\"text-align: justify;\">D\u0131\u015fi\u015fleri Bakanl\u0131\u011f\u0131 a\u00e7\u0131klamas\u0131nda, Avrupa Birli\u011fi (AB) D\u00f6nem Ba\u015fkanl\u0131\u011f\u0131&#8217;n\u0131n konuyla ilgili g\u00f6r\u00fc\u015flerini T\u00fcrk D\u0131\u015fi\u015fleri Bakanl\u0131\u011f\u0131&#8217;n\u0131n dikkatine getirdi\u011fi ve bu vesileyle T\u00fcrk taraf\u0131n\u0131n yakla\u015f\u0131m\u0131 ile bu toplant\u0131n\u0131n \u0130K\u00d6 taraf\u0131ndan d\u00fczenlenen bir ISEDAK Toplant\u0131s\u0131 oldu\u011funun AB&#8217;ye izah edildi\u011fi kaydedilerek, dolay\u0131s\u0131yla AB D\u00f6nem Ba\u015fkanl\u0131\u011f\u0131 taraf\u0131ndan nota verilmesinin s\u00f6z konusu olmad\u0131\u011f\u0131 belirtildi.<\/p>\n<p style=\"text-align: justify;\">Cumhurba\u015fkan\u0131 Abdullah G\u00fcl de, Sudan Devlet Ba\u015fkan\u0131 \u00d6mer El Be\u015fir&#8217;in \u0130SEDAK toplant\u0131s\u0131 i\u00e7in \u0130stanbul&#8217;a gelecek olmas\u0131 dolay\u0131s\u0131yla verdi\u011fi notayla ilgili sorusuna, g\u00fclerek &#8220;Onlar ne kar\u0131\u015f\u0131rm\u0131\u015f ki. Kim kime nota veriyormu\u015f&#8221; kar\u015f\u0131l\u0131\u011f\u0131n\u0131 vermi\u015fti.<\/p>\n<p style=\"text-align: justify;\">Cumhurba\u015fkan\u0131 G\u00fcl, El Be\u015fir&#8217;in kat\u0131laca\u011f\u0131 \u0130SEDAK toplant\u0131s\u0131n\u0131n b\u00f6lgesel bir toplant\u0131 oldu\u011funu belirterek, &#8220;\u0130slam Konferans\u0131 Te\u015fkilat\u0131 \u00e7er\u00e7evesi i\u00e7erisinde yap\u0131lan bir toplant\u0131 bu. \u0130kili bir ziyaret de\u011fil. Bunlar \u00e7ok tarafl\u0131 ziyaretler, milletleraras\u0131 bir \u00f6rg\u00fct\u00fcn \u00fcyeleri olarak herkes ziyaret ediyor. Dolay\u0131s\u0131yla da herkesin b\u00f6yle g\u00f6rmesi, b\u00f6yle anlay\u0131\u015fla davranmas\u0131 gerekir &#8221; dedi.<\/p>\n<p style=\"text-align: justify;\"><strong><em>\u0130\u015fte hakk\u0131ndaki su\u00e7lamalar <\/em><\/strong><\/p>\n<p style=\"text-align: justify;\">Uluslararas\u0131 Ceza Mahkemesi (UCM), 4 Mart 2009&#8217;da, Sudan Devlet Ba\u015fkan\u0131 \u00d6mer El Be\u015fir hakk\u0131nda tutuklama emri \u00e7\u0131kartm\u0131\u015ft\u0131. El Be\u015fir, Darfur&#8217;da insanl\u0131k ve sava\u015f su\u00e7u i\u015flemekle itham ediliyor.<\/p>\n<p style=\"text-align: justify;\">\u0130nsanl\u0131k su\u00e7lar\u0131 ba\u015fl\u0131\u011f\u0131 alt\u0131nda; cinayet, toplu infaz, i\u015fkence, tecav\u00fcz ve zorla uzakla\u015ft\u0131rma yer al\u0131rken, sava\u015f su\u00e7lar\u0131 ba\u015fl\u0131\u011f\u0131 alt\u0131nda ise; kasten masum sivillere y\u00f6nelik sald\u0131r\u0131 emri vermek ve ya\u011fma yapmak bulunuyor.<\/p>\n<p style=\"text-align: justify;\">Karara g\u00f6re, bu su\u00e7lar, Darfur&#8217;daki sivillere kar\u015f\u0131 i\u015flendi. Sivillerin b\u00fcy\u00fck b\u00f6l\u00fcm\u00fcn\u00fcn, h\u00fck\u00fcmet taraf\u0131ndan isyanc\u0131 gruplar\u0131 destekledi\u011fi d\u00fc\u015f\u00fcn\u00fclen Fur, Masalit ve Zaghava gruplar\u0131na mensup oldu\u011fu belirtilmi\u015fti.<\/p>\n<p style=\"text-align: justify;\"><strong><em>200 bin \u00f6l\u00fc <\/em><\/strong><\/p>\n<p style=\"text-align: justify;\">BM verilerine g\u00f6re, Darfur&#8217;da 4 y\u0131ld\u0131r s\u00fcren i\u00e7 sava\u015fta en az 200 bin ki\u015fi \u00f6ld\u00fc, 4 milyon ki\u015fi insani yard\u0131m olmaks\u0131z\u0131n ya\u015fayamayacak durumda. 2.5 milyon insan ise yerlerinden oldu.<\/p>\n<p style=\"text-align: justify;\">Bug\u00fcn Sudan h\u00fck\u00fcmetinin izniyle Afrika Birli\u011fi Bar\u0131\u015f G\u00fcc\u00fc Darfur&#8217;da asker bulunduruyor. \u015eiddet ise eskisi gibi olmasa da hala s\u00fcr\u00fcyor.<\/p>\n<p style=\"text-align: justify;\"><span style=\"color: #888888;\">CNN T\u00dcRK<\/span><\/p>\n","protected":false},"excerpt":{"rendered":"<p style=\"text-align: center;\">\n<p style=\"text-align: justify;\">Uluslararas\u0131 Ceza Mahkemesi&#8217;nin hakk\u0131nda tutuklama emri \u00e7\u0131kartt\u0131\u011f\u0131 Sudan lideri \u00d6mer El Be\u015fir, T\u00fcrkiye&#8217;deki \u0130SEDAK toplant\u0131s\u0131na kat\u0131lmayacak. El Be\u015fir&#8217;in T\u00fcrkiye ziyaretiyle ilgili olarak AB, rahats\u0131zl\u0131\u011f\u0131n\u0131 Ankara&#8217;ya iletmi\u015fti.<\/p>\n<p style=\"text-align: justify;\">Sudan Devlet Ba\u015fkan\u0131 \u00d6mer El Be\u015fir&#8217;in, \u0130slam Konferans\u0131 Te\u015fkilat\u0131 (\u0130KT) 25. Ekonomik ve Ticari \u0130\u015fbirli\u011fi Daimi Komitesi (\u0130SEDAK) toplant\u0131s\u0131 i\u00e7in T\u00fcrkiye&#8217;ye gelmeyece\u011fi <\/p>\n","protected":false},"author":1,"featured_media":0,"comment_status":"open","ping_status":"closed","sticky":false,"template":"","format":"standard","meta":{"footnotes":""},"categories":[3],"tags":[],"class_list":["post-16386","post","type-post","status-publish","format-standard","hentry","category-dunya","odd"],"_links":{"self":[{"href":"http:\/\/www.korhanyilmaz.com\/index.php?rest_route=\/wp\/v2\/posts\/16386","targetHints":{"allow":["GET"]}}],"collection":[{"href":"http:\/\/www.korhanyilmaz.com\/index.php?rest_route=\/wp\/v2\/posts"}],"about":[{"href":"http:\/\/www.korhanyilmaz.com\/index.php?rest_route=\/wp\/v2\/types\/post"}],"author":[{"embeddable":true,"href":"http:\/\/www.korhanyilmaz.com\/index.php?rest_route=\/wp\/v2\/users\/1"}],"replies":[{"embeddable":true,"href":"http:\/\/www.korhanyilmaz.com\/index.php?rest_route=%2Fwp%2Fv2%2Fcomments&post=16386"}],"version-history":[{"count":0,"href":"http:\/\/www.korhanyilmaz.com\/index.php?rest_route=\/wp\/v2\/posts\/16386\/revisions"}],"wp:attachment":[{"href":"http:\/\/www.korhanyilmaz.com\/index.php?rest_route=%2Fwp%2Fv2%2Fmedia&parent=16386"}],"wp:term":[{"taxonomy":"category","embeddable":true,"href":"http:\/\/www.korhanyilmaz.com\/index.php?rest_route=%2Fwp%2Fv2%2Fcategories&post=16386"},{"taxonomy":"post_tag","embeddable":true,"href":"http:\/\/www.korhanyilmaz.com\/index.php?rest_route=%2Fwp%2Fv2%2Ftags&post=16386"}],"curies":[{"name":"wp","href":"https:\/\/api.w.org\/{rel}","templated":true}]}}