{"id":16378,"date":"2009-11-08T16:15:03","date_gmt":"2009-11-08T14:15:03","guid":{"rendered":"http:\/\/www.korhanyilmaz.com\/?p=16378"},"modified":"2009-11-08T16:15:03","modified_gmt":"2009-11-08T14:15:03","slug":"erdogandan-genelkurmaya-islak-imza-gondermesi","status":"publish","type":"post","link":"http:\/\/www.korhanyilmaz.com\/?p=16378","title":{"rendered":"Erdo\u011fan&#039;dan Genelkurmay&#039;a \u0131slak imza g\u00f6ndermesi"},"content":{"rendered":"<p><a href=\"http:\/\/www.korhanyilmaz.com\/wp-content\/uploads\/2009\/11\/erdogan2.jpg\"  class=\"lightview\"><img loading=\"lazy\" decoding=\"async\" class=\"aligncenter size-full wp-image-16379\" src=\"http:\/\/www.korhanyilmaz.com\/wp-content\/uploads\/2009\/11\/erdogan2.jpg\" alt=\"\" width=\"292\" height=\"224\" \/><\/a><\/p>\n<p style=\"text-align: justify;\">&#8220;Askeri savc\u0131l\u0131k Adli T\u0131p raporunu esas almal\u0131&#8230;&#8221; Bu s\u00f6zler Ba\u015fbakan Recep Tayyip Erdo\u011fan&#8217;a ait&#8230; Genelkurmay Askeri Savc\u0131l\u0131\u011f\u0131n\u0131n &#8220;\u0130rticayla m\u00fccadele eylem plan\u0131n\u0131 \u00fc\u00e7 kez istedik sivil savc\u0131l\u0131k g\u00f6ndermedi&#8221; ele\u015ftirilerine bu yan\u0131t\u0131 veren Erdo\u011fan, &#8220;Islak imzal\u0131 belge \u00f6nemli&#8230; Bu s\u00fcre\u00e7te kilidi a\u00e7acak&#8221; dedi. TRT&#8217;ye konu\u015fan Erdo\u011fan, Genelkurmay Ba\u015fkan\u0131 Orgeneral \u0130lker Ba\u015fbu\u011f&#8217;la aralar\u0131nda bir g\u00fcven sorunu olmad\u0131\u011f\u0131n\u0131 da s\u00f6yledi.<!--more--><\/p>\n<p style=\"text-align: justify;\">TRT&#8217;de yay\u0131mlanan bir programa kat\u0131lan ve sorular\u0131 yan\u0131tlayan Ba\u015fbakan Recep Tayyip Erdo\u011fan, Genelkurmay Ba\u015fkan\u0131&#8217;n\u0131n, &#8220;niye istifas\u0131n\u0131 istemiyorsunuz, gere\u011fini yapm\u0131yorsunuz gibi g\u00f6r\u00fc\u015flerin&#8221; hat\u0131rlat\u0131lmas\u0131 \u00fczerine, &#8220;Bu t\u00fcr \u015feyler kar\u015f\u0131s\u0131nda biz de darda, zorda kal\u0131yoruz&#8221; dedi.<\/p>\n<p style=\"text-align: justify;\">&#8220;Asker-sivil ili\u015fkileri konusunda T\u00fcrkiye&#8217;nin bir t\u00fcrl\u00fc demokratik rahatlamaya eri\u015femedi\u011fi, m\u00fcdahaleci, vesayet\u00e7i anlay\u0131\u015ftan \u00e7\u0131kamad\u0131\u011f\u0131, sorunun ne oldu\u011fu ve bunu nas\u0131l a\u015fmay\u0131 d\u00fc\u015f\u00fcnd\u00fc\u011f\u00fc&#8221; y\u00f6n\u00fcndeki bir soru \u00fczerine Erdo\u011fan, T\u00fcrkiye&#8217;nin 1923&#8217;ten bu yana bir de\u011ferlendirmesini yapmaya kalkt\u0131klar\u0131nda, gerek tek partili, gerekse \u00e7ok partili d\u00f6nemde en \u00f6nemli s\u0131k\u0131nt\u0131s\u0131n\u0131n &#8220;demokrasiyi hazmedememek veya demokrasinin i\u00e7ini tam manas\u0131yla inanarak doldurmamak&#8221; oldu\u011fu y\u00f6n\u00fcnde bir tespitin oldu\u011funu s\u00f6yledi.<\/p>\n<p style=\"text-align: justify;\">Ba\u015fbakan Erdo\u011fan, demokrasinin iktidar ve muhalefet olmak \u00fczere iki \u00f6nemli ucu bulundu\u011funu, T\u00fcrkiye&#8217;de bug\u00fcne kadar muhalefeti yapanlarla g\u00f6r\u00fc\u015ft\u00fcklerinde &#8220;hakl\u0131s\u0131n\u0131z, ama biz burada b\u00f6yle s\u00f6ylemek zorunday\u0131z. \u00c7\u00fcnk\u00fc biz muhalifiz&#8221; dediklerini dile getirerek, s\u00f6zlerine \u015f\u00f6yle devam etti:<\/p>\n<p style=\"text-align: justify;\">&#8220;Ger\u00e7ekten bu beyazsa beyaza siyah demek, siyahsa siyaha beyaz demek. Muhalefet hep b\u00f6yle tan\u0131mlanm\u0131\u015f. Halbuki demokrasiyi al\u0131p bir ara\u015ft\u0131rd\u0131\u011f\u0131m\u0131z zaman, ger\u00e7ekten bu alanda b\u00fct\u00fcn bilim adamlar\u0131n\u0131n ortak tespiti \u015fudur. Muhalefet asl\u0131nda iktidar\u0131n bir m\u00fctemmim c\u00fcz\u00fcd\u00fcr. Yanl\u0131\u015flar\u0131 tabii ki s\u00f6yleyecek. Ele\u015ftirel yakla\u015f\u0131mlar\u0131 tabii ki yapacak. Ama katk\u0131 vermesi gereken yerde de katk\u0131 verecek ki, o \u00fclke hem demokrasisi ile g\u00fc\u00e7lensin, hem de o \u00fclke g\u00fc\u00e7lensin. S\u00fcrekli olarak ayk\u0131r\u0131, &#8216;siyaha beyaz, beyaza siyah demek suretiyle halk muhalefetin yan\u0131nda yer al\u0131r&#8217; diye bir \u015fey yok. Ama bizde bu b\u00f6yle anla\u015f\u0131lm\u0131\u015f. Bug\u00fcne kadar b\u00f6yle gelmi\u015f, \u015fu anda da hala b\u00f6yle gidiyor.&#8221;<\/p>\n<p style=\"text-align: justify;\"><strong><em>Asker-sivil ili\u015fkisi <\/em><\/strong><\/p>\n<p style=\"text-align: justify;\">Ba\u015fbakan Erdo\u011fan, asker sivil ili\u015fkisi konusunda da \u015funlar\u0131 kaydetti:<\/p>\n<p style=\"text-align: justify;\">&#8220;Asker sivil ili\u015fkilerine bakt\u0131\u011f\u0131m\u0131z zaman, orada da beklenen, arzu edilen ordunun konumu netle\u015ftirilmemi\u015f. Bug\u00fcne kadar Anayasal bir kurum olarak o da yerine d\u00f6rt d\u00f6rtl\u00fck oturtabilmi\u015f de\u011fil. Ama son d\u00f6nemlerde bu konuda bana g\u00f6re olumlu geli\u015fmelerin oldu\u011funu da s\u00f6ylemeden ge\u00e7emeyiz. Bizim bu 7 y\u0131ll\u0131k s\u00fcre\u00e7 i\u00e7inde bir\u00e7ok kurumsal de\u011fi\u015fikliklerin yap\u0131lmas\u0131 ve at\u0131lan ad\u0131mlar noktas\u0131nda, bir defa iktidar-ordu ili\u015fkilerinde \u00e7ok daha olumlu bir s\u00fcrecin i\u00e7ine girdik. En az\u0131ndan sorgulama kar\u015f\u0131s\u0131nda ordunun \u00e7ok daha olumlu bir yakla\u015f\u0131m i\u00e7inde oldu\u011funu, bu sorgulanmalarda gerekli cevab\u0131 kamuoyuna da, bize de verdi\u011fini g\u00f6r\u00fcyorum. Bunu da \u00e7ok a\u00e7\u0131k ve net s\u00f6ylemem gerekir. \u015eu son geli\u015fmelerde ben Genelkurmay Ba\u015fkan\u0131m\u0131zla g\u00f6r\u00fc\u015fmelerimde, Genelkurmay Ba\u015fkan\u0131m\u0131z\u0131n bu konudaki hassasiyeti \u00e7ok a\u00e7\u0131k ve nettir. &#8216;Ben hukuka ters bir yap\u0131y\u0131, hukuka ters davranan, ger\u00e7ekten orduma ve \u00fclkeme zarar verecek bir subay\u0131 ordumun i\u00e7inde ya\u015fatamam&#8217;, bunun bana kendisi s\u00f6ylemi\u015ftir. Yeter ki bunu yarg\u0131 i\u00e7inde s\u00fcratlendirelim ve orada netice alal\u0131m. Burada biz y\u00fcr\u00fctme olarak \u00fczerimize ne d\u00fc\u015ferse yapmak durumunday\u0131z ve \u015fu ana kadar bunu yapt\u0131k. A\u00e7\u0131k s\u00f6yl\u00fcyorum. Bundan sonra da yapar\u0131z. Bunu b\u0131rakamay\u0131z.&#8221;<\/p>\n<p style=\"text-align: justify;\">Erdo\u011fan, Meclis&#8217;teki grup toplant\u0131s\u0131nda yapt\u0131\u011f\u0131 konu\u015fmada, &#8220;Devletin t\u00fcm kurumlar\u0131 i\u00e7indeki en \u00fcst b\u00fcrokrat\u0131na var\u0131ncaya kadar bu t\u00fcr \u015feylere kar\u0131\u015fanlar varsa, bunlar\u0131 yarg\u0131ya teslim etmekte hi\u00e7 teredd\u00fct g\u00f6stermemeliyiz&#8221; dedi\u011fini ve g\u00f6reve ilk ba\u015flad\u0131klar\u0131 y\u0131llarda da Enerji ve Tabii Kaynaklar Bakanl\u0131\u011f\u0131nda \u00fcst d\u00fczeyde operasyonlar yapt\u0131rd\u0131klar\u0131n\u0131 ve ard\u0131ndan emniyette \u00fcst d\u00fczeyde operasyonlar oldu\u011funu hat\u0131rlatt\u0131.<\/p>\n<p style=\"text-align: justify;\">\u015eu anda Emniyet Genel M\u00fcd\u00fcr Muavini ile Sakarya \u0130l Emniyet M\u00fcd\u00fcr\u00fcn\u00fcn cezaevinde oldu\u011funu, 69 polis ve m\u00fcd\u00fcr\u00fc kapsayan \u00e7ok ciddi r\u00fc\u015fvet operasyonlar\u0131 yap\u0131ld\u0131\u011f\u0131n\u0131 vurgulayan Ba\u015fbakan Erdo\u011fan, &#8220;Bunlar temizleme harekat\u0131. E\u011fer biz bu temizleme harekat\u0131n\u0131 ger\u00e7ekle\u015ftiremezsek, halk\u0131n devletine olan g\u00fcveni azalacakt\u0131r. Halk\u0131n devletine olan g\u00fcvenini tesis etmemiz laz\u0131m. Benim vatanda\u015f\u0131m devletin dairesine gitti\u011fi zaman orada &#8216;hakl\u0131ysam i\u015fim halledilir, \u00e7\u00f6z\u00fcl\u00fcr problemim&#8217; diyemiyorsa, buna g\u00fcvenemiyorsa, burada s\u0131k\u0131nt\u0131 var demektir. Bizim de bunu a\u015fmam\u0131z laz\u0131m. Bu konuda \u00e7\u00f6z\u00fcm noktas\u0131na gelindi mi? Daha ataca\u011f\u0131m\u0131z \u00e7ok ad\u0131m var. Almam\u0131z gereken \u00e7ok mesafe var&#8221; dedi.<\/p>\n<p style=\"text-align: justify;\"><strong><em>&#8220;Rutin toplant\u0131lar\u0131 biz ba\u015flatt\u0131k&#8221; <\/em><\/strong><\/p>\n<p style=\"text-align: justify;\">Ba\u015fbakan Recep Tayyip Erdo\u011fan, &#8220;Genelkurmay Ba\u015fkan\u0131 ile ar\u0131n\u0131zda bir g\u00fcven sorunu olmad\u0131\u011f\u0131n\u0131 sizin bu s\u00f6zlerinizden \u00e7\u0131karabilir miyiz?&#8221; sorusu \u00fczerine, &#8220;Hay\u0131r. Burada aram\u0131zda b\u00f6yle bir sorun s\u00f6z konusu de\u011fil. Eskiden Ba\u015fbakan Genelkurmay Ba\u015fkan\u0131 aras\u0131nda haftal\u0131k rutin toplant\u0131lar yoktu. Biz bu s\u00fcreci de ba\u015flatt\u0131k&#8221; diye konu\u015ftu.<\/p>\n<p style=\"text-align: justify;\">&#8220;Size g\u00f6re Genelkurmay karargah\u0131nda albay d\u00fczeyinde de olsa bir \u00e7al\u0131\u015fma, cuntala\u015fma e\u011filimi normal mi? Say\u0131n Ba\u015fbu\u011f, belge \u00e7\u0131kt\u0131\u011f\u0131nda &#8216;bu haliyle ka\u011f\u0131t par\u00e7as\u0131&#8217; demi\u015fti. &#8216;Ama art\u0131k darbeleri de bu devirde savunamay\u0131z bar\u0131nd\u0131rmay\u0131z&#8217; diye kendi ifadeleri olmu\u015ftu&#8221; \u015feklindeki hat\u0131rlatma \u00fczerine Ba\u015fbakan Erdo\u011fan, &#8220;O t\u00fcr ifadeleri bana da ifade etmi\u015ftir. &#8216;Hi\u00e7bir zaman bunun taraf\u0131 olmam.&#8217; Bu s\u00fcreci, bizim de \u00e7al\u0131\u015fma ve gayretlerimizle yarg\u0131ya sevk etmi\u015f olmak, art\u0131k s\u00fcrecin yarg\u0131da devam\u0131 anlam\u0131ndad\u0131r ki, yarg\u0131da olan bir s\u00fcre\u00e7te siyasiler i\u00e7in konu\u015fmak daha zor. Medya i\u00e7in daha rahat&#8221; dedi.<\/p>\n<p style=\"text-align: justify;\">Erdo\u011fan, &#8220;Niye istifas\u0131n\u0131 istemiyorsunuz, gere\u011fini yapm\u0131yorsunuz gibi g\u00f6r\u00fc\u015fler bulundu\u011funun&#8221; an\u0131msat\u0131lmas\u0131na kar\u015f\u0131l\u0131k, &#8220;S\u00f6yleniyor. D\u00fcn de bir akademisyen bir toplant\u0131da b\u00f6yle bir \u015fey kulland\u0131. Biz de bu t\u00fcr \u015feyler kar\u015f\u0131s\u0131nda darda ve zorda kal\u0131yoruz&#8221; diye konu\u015ftu.<\/p>\n<p style=\"text-align: justify;\">Konu\u015fmas\u0131nda ABD ziyaretine de\u011finen Erdo\u011fan, &#8220;7 Aral\u0131k ziyaretini \u00f6nemsiyorum. Bu ziyarette \u00e7ok daha farkl\u0131 bir \u015fekilde konular\u0131 masaya yat\u0131raca\u011f\u0131z. Orada kendileriyle bunlar\u0131 g\u00f6r\u00fc\u015fece\u011fiz. M\u00fc\u015fterek yapmam\u0131z gereken \u00e7al\u0131\u015fmalar var. \u015eu anda her ne kadar 2011 \u00e7ekilme (Irak&#8217;tan) diye ifade ediliyorsa da bu ne denli do\u011frudur. \u015eu anda s\u00f6ylemek \u00e7ok pe\u015fin bir karar olur ki yanl\u0131\u015ft\u0131r diye d\u00fc\u015f\u00fcn\u00fcyorum&#8221; dedi.<\/p>\n<p style=\"text-align: justify;\">Erdo\u011fan, Ba\u015fbakan olarak iki kez Irak&#8217;a gitti\u011fini, b\u00fct\u00fcn bu \u00e7al\u0131\u015fmalarda ter\u00f6r \u00f6rg\u00fct\u00fcn\u00fcn oradaki konu\u015flanmas\u0131n\u0131 ortadan tamam\u0131yla kald\u0131rarak onlar\u0131 iyice yaln\u0131zl\u0131\u011fa itmeyi ve Kuzey Irak ile merkezi y\u00f6netimin kayna\u015fmas\u0131yla birlikte Irak&#8217;\u0131n art\u0131k bir sorun \u00fclkesi olmaktan \u00e7\u0131k\u0131p, kendi i\u00e7 bar\u0131\u015f\u0131n\u0131 sa\u011flam\u0131\u015f ve kalk\u0131nm\u0131\u015f bir Irak olmas\u0131n\u0131 istediklerini s\u00f6yledi.<\/p>\n<p style=\"text-align: justify;\">Erdo\u011fan, Irak ne kadar kalk\u0131nm\u0131\u015f olursa, T\u00fcrkiye i\u00e7in de o kadar rahat olaca\u011f\u0131n\u0131 ifade etti.<\/p>\n<p style=\"text-align: justify;\"><strong><em>DTP&#8217;nin rol\u00fc <\/em><\/strong><\/p>\n<p style=\"text-align: justify;\">Kuzey Irak y\u00f6netiminin ter\u00f6r \u00f6rg\u00fct\u00fc PKK&#8217;ye silah b\u0131rakmas\u0131 y\u00f6n\u00fcnde \u00e7a\u011fr\u0131s\u0131 hat\u0131rlat\u0131larak, &#8220;DTP burada PKK&#8217;ya silah b\u0131rakt\u0131rma konusunda daha aktif siyasi bir rol oynayamaz m\u0131?&#8221; y\u00f6n\u00fcndeki bir soruya Erdo\u011fan, \u015fu kar\u015f\u0131l\u0131\u011f\u0131 verdi:<\/p>\n<p style=\"text-align: justify;\">&#8220;DTP&#8217;nin b\u00f6l\u00fcc\u00fc ter\u00f6r \u00fczerindeki etkinli\u011fini var m\u0131, yok mu? Onu d\u00fc\u015f\u00fcnd\u00fc\u011f\u00fcm\u00fcz zaman ben bir etkinli\u011finin oldu\u011funu g\u00f6rm\u00fcyorum. B\u00f6yle bir etkinlik olmu\u015f olsa, zaten parlamento \u00e7at\u0131s\u0131 alt\u0131nda siz bir legal \u00f6rg\u00fct (parti) oldu\u011funuzu bilmelisiniz. Biz hi\u00e7bir zaman illegal bir \u00f6rg\u00fctle oturup konu\u015fmay\u0131z. \u0130llegal bir \u015fahs\u0131 da hi\u00e7bir zaman muhatap almay\u0131z. DTP bir defa T\u00fcrkiye partisi olmal\u0131d\u0131r. Belli dillerin veya belli b\u00f6lgenin partisi olmaktan \u00e7\u0131kmal\u0131d\u0131r. Ayn\u0131 \u015fekilde di\u011ferleri i\u00e7in de bu ge\u00e7erli. T\u00fcrkiye&#8217;de 80 vilayette milletvekili \u00e7\u0131karm\u0131\u015f bir parti, AK Parti. Sadece Tunceli&#8217;de milletvekilimiz yok. Ama Tunceli&#8217;de de belediyelerimiz var. Bununla biz bir \u015feyi ortaya koyuyoruz. AK Parti, T\u00fcrkiye partisidir.<\/p>\n<p style=\"text-align: justify;\">Fakat DTP \u015fu anda PKK ile bu ileti\u015fimi sadece g\u00f6r\u00fc\u015fmeler vas\u0131tas\u0131yla s\u00fcrd\u00fcr\u00fcyor. Onlara bir demokratikle\u015fme s\u00fcrecine katk\u0131 sa\u011flamak, silah\u0131 b\u0131rakmak, b\u00f6yle bir \u015fey yok. Tam aksine ne diyor; &#8216;\u0130mral\u0131&#8217;y\u0131 muhatap als\u0131nlar&#8217;. B\u00f6yle bir \u015fey olur mu ya. Bu nas\u0131l konu\u015fulur. A\u011f\u0131rla\u015ft\u0131r\u0131lm\u0131\u015f m\u00fcebbet hapse mahkum olmu\u015f birisiyle siyasi irade muhatap olacak. \u00d6yle sa\u00e7mal\u0131k olur mu? Bunu s\u00f6ylemek onlar\u0131n nerede oldu\u011funu g\u00f6steriyor. Biz ter\u00f6rle m\u00fccadeleden asla taviz veremeyiz. Ter\u00f6rle m\u00fccadeleyi kararl\u0131l\u0131kla s\u00fcrd\u00fcrme durumumuz var. Ama bu i\u015fin sadece g\u00fcvenlik boyutu yok. Bunun psikolojik, sosyolojik, diplomatik, ekonomik boyutu var. B\u00fct\u00fcn bu alanlar\u0131 devreye sokmak suretiyle bu \u00e7al\u0131\u015fmay\u0131 s\u00fcrd\u00fcrmemiz laz\u0131m.&#8221;<\/p>\n<p style=\"text-align: justify;\"><strong><em>Ana muhalefet <\/em><\/strong><\/p>\n<p style=\"text-align: justify;\">Ba\u015fbakan Erdo\u011fan, &#8220;muhalefet ile iktidar\u0131n bu konuda tam anla\u015famad\u0131\u011f\u0131, konu\u015famad\u0131\u011f\u0131 bir durumda, iktidar\u0131n halka bunu net anlatmas\u0131 ve toplumun g\u00fcven duymas\u0131 konusunda neler yap\u0131laca\u011f\u0131 y\u00f6n\u00fcndeki&#8221; bir soru \u00fczerine, Koordinat\u00f6r bakanl\u0131\u011f\u0131n bu konudaki \u00e7al\u0131\u015fmalar\u0131 tamamlad\u0131\u011f\u0131n\u0131, sal\u0131 ve per\u015fembe g\u00fcn\u00fc TBMM&#8217;de muhalefetin neler s\u00f6yleyece\u011fi g\u00f6receklerini s\u00f6yledi. Ana muhalefet partisinin g\u00f6nderdi\u011fi cevabi mektuba ek baz\u0131 belgeler, dok\u00fcmanlar ve daha \u00f6nce yay\u0131nlad\u0131klar\u0131 kitap\u00e7\u0131lar\u0131 da ilave olarak koyduklar\u0131n\u0131 da dile getiren Erdo\u011fan, \u015funlar\u0131 s\u00f6yledi:<\/p>\n<p style=\"text-align: justify;\">&#8220;Ama koydu\u011fu sadece K\u00fcrt sorunuyla ilgili kitap\u00e7\u0131klar. Demek ki hi\u00e7 anlayamam\u0131\u015f bu i\u015fi. Bizim demokratik a\u00e7\u0131l\u0131m s\u00fcrecini sadece K\u00fcrt sorunu olarak g\u00f6r\u00fcyor. Orada \u00f6yle \u015feyler s\u00f6yl\u00fcyor ki, baz\u0131lar\u0131n\u0131 bizim kabullenemeyece\u011fimiz \u015feyler. \u00c7ok daha ileri \u015feyler s\u00f6yl\u00fcyor. Tabii biz sal\u0131 ve per\u015fembe g\u00fcn\u00fc neler s\u00f6ylediklerini g\u00f6rece\u011fiz. Biz onlar\u0131 da alaca\u011f\u0131z. Ald\u0131ktan sonra bir defa partimizin s\u00f6ylem birli\u011fini bu parlamento m\u00fczakerelerinden sonra kitap\u00e7\u0131k haline getirece\u011fiz. Ayr\u0131ca h\u00fck\u00fcmet olarak ne gibi ad\u0131mlar ataca\u011f\u0131z, onu da konu\u015faca\u011f\u0131z.&#8221;<\/p>\n<p style=\"text-align: justify;\">Erdo\u011fan, bunlar\u0131n yan\u0131nda bir\u00e7ok CD ile T\u00fcrkiye genelinde b\u00fct\u00fcn parti \u00f6rg\u00fctlerini araziye s\u00fcreceklerini, \u00fclke genelinde konferanslar, sempozyumlar, paneller d\u00fczenleyerek halk\u0131n bilgilenmesine y\u00f6nelik \u00e7al\u0131\u015fma yapacaklar\u0131n\u0131, bunu da bahara kadar devam ettirmeyi hedeflediklerini s\u00f6yledi.<\/p>\n<p style=\"text-align: justify;\"><strong><em>Gazze-Darfur <\/em><\/strong><\/p>\n<p style=\"text-align: justify;\">&#8220;T\u00fcrkiye&#8217;nin \u0130srail&#8217;in insanl\u0131k su\u00e7u, sava\u015f su\u00e7u i\u015flemesi konusunda takip\u00e7i oldu\u011fu, benzer isnatlarla kar\u015f\u0131 kar\u015f\u0131ya olan Sudan Devlet Ba\u015fkan\u0131 \u00d6mer El Be\u015fir ile ilgili AB ve d\u00fcnya kamuoyunun T\u00fcrkiye&#8217;nin tutumundan rahats\u0131z oldu\u011fu&#8221; y\u00f6n\u00fcnde yap\u0131lan hat\u0131rlatma ve ard\u0131ndan &#8220;\u0130kisi aras\u0131nda bir \u00e7eli\u015fki var m\u0131? Nas\u0131l bak\u0131yorsunuz bu konuya?&#8221; \u015feklindeki bir soru \u00fczerine Ba\u015fbakan Erdo\u011fan, burada davet sahibinin T\u00fcrkiye de\u011fil, \u0130K\u00d6 oldu\u011funu s\u00f6yledi.<\/p>\n<p style=\"text-align: justify;\">Erdo\u011fan, Gazze olay\u0131 ile Darfur&#8217;u birbirine kar\u0131\u015ft\u0131rmamak gerekti\u011fini, kendisinin Ba\u015fbakan olarak Darfur&#8217;a gitti\u011fini,orada ifade edildi\u011fi gibi soyk\u0131r\u0131m tespitini kendilerinin yapamad\u0131klar\u0131n\u0131 s\u00f6yledi. Afrika \u00fclkelerinin de b\u00f6yle bir g\u00f6r\u00fc\u015fe kat\u0131lmad\u0131klar\u0131n\u0131 ifade eden Erdo\u011fan, &#8220;\u015eu anda BM&#8217;nin de T\u00fcrkiye&#8217;ye y\u00f6nelik bir yaz\u0131s\u0131, tavr\u0131 da olmu\u015f de\u011fil. Bunlar medyada \u00e7ok farkl\u0131 \u015fekilde yer al\u0131yor. Ama \u0130srail olay\u0131na gelince Gazze&#8217;nin durumu \u00e7ok farkl\u0131&#8221; dedi.<\/p>\n<p style=\"text-align: justify;\">Erdo\u011fan, d\u00fcnyan\u0131n de\u011fi\u015fik b\u00f6lgelerinde bu t\u00fcr s\u0131k\u0131nt\u0131lar oldu\u011funda ayn\u0131 hassasiyetle yakla\u015ft\u0131klar\u0131n\u0131 ve buradaki yakla\u015f\u0131mlar\u0131n\u0131n sebebinin insani oldu\u011funu s\u00f6yledi.<\/p>\n<p style=\"text-align: justify;\">Erdo\u011fan, &#8220;Yani M\u00fcsl\u00fcman olup olmamas\u0131 meselesi de\u011fil. Sharm-el \u015eeyh&#8217;te yap\u0131lan toplant\u0131dan bu yana 9 ay ge\u00e7ti. Hala Gazze&#8217;ye yard\u0131m yap\u0131lmamaktad\u0131r. \u0130n\u015faatlar, okullar, hastaneler, ye alt\u0131 yer \u00fcst\u00fc b\u00fct\u00fcn oradaki y\u0131k\u0131mlar hala ayn\u0131 \u015fekilde durmakta. Ve vatanda\u015f orada \u00e7ad\u0131rdad\u0131r. Hala g\u0131da ve ila\u00e7 noktas\u0131nda i\u00e7eriye \u00e7ok zor yard\u0131mlar girebilmekte. Maalesef durum i\u00e7ler ac\u0131s\u0131 olarak devam ediyor. Bir iyile\u015fme emaresi yok&#8221; diye konu\u015ftu.<\/p>\n<p style=\"text-align: justify;\">\u00d6mer El Be\u015fir ile kendisinin \u00e7ok rahat konu\u015ftu\u011funu dile getiren Erdo\u011fan, &#8220;Ben Netanyahu ile o kadar rahat konu\u015famam ama Be\u015fir ile rahatl\u0131kla konu\u015furum. Rahatl\u0131kla &#8216;bu yapt\u0131\u011f\u0131n\u0131z yanl\u0131\u015ft\u0131r&#8217; derim. Ve y\u00fcz\u00fcne derim. Niye? Bir M\u00fcsl\u00fcman b\u00f6yle bir \u015fey yapamaz ki. Bir M\u00fcsl\u00fcman soyk\u0131r\u0131m yapamaz. Varsa b\u00f6yle bir \u015fey bunu rahat s\u00f6yleriz. T\u00fcrkiye&#8217;nin b\u00f6yle bir rahatl\u0131\u011f\u0131 var. \u00d6z g\u00fcveni var en az\u0131ndan. Bu konudaki rahatl\u0131\u011f\u0131m\u0131z\u0131 ben Ban Ki-mun&#8217;a da a\u00e7\u0131klad\u0131m&#8221; dedi.<\/p>\n<p style=\"text-align: justify;\"><span style=\"color: #888888;\">CNN T\u00dcRK<\/span><\/p>\n","protected":false},"excerpt":{"rendered":"<\/p>\n<p style=\"text-align: justify;\">&#8220;Askeri savc\u0131l\u0131k Adli T\u0131p raporunu esas almal\u0131&#8230;&#8221; Bu s\u00f6zler Ba\u015fbakan Recep Tayyip Erdo\u011fan&#8217;a ait&#8230; Genelkurmay Askeri Savc\u0131l\u0131\u011f\u0131n\u0131n &#8220;\u0130rticayla m\u00fccadele eylem plan\u0131n\u0131 \u00fc\u00e7 kez istedik sivil savc\u0131l\u0131k g\u00f6ndermedi&#8221; ele\u015ftirilerine bu yan\u0131t\u0131 veren Erdo\u011fan, &#8220;Islak imzal\u0131 belge \u00f6nemli&#8230; Bu s\u00fcre\u00e7te kilidi a\u00e7acak&#8221; dedi. TRT&#8217;ye konu\u015fan Erdo\u011fan, Genelkurmay Ba\u015fkan\u0131 Orgeneral \u0130lker Ba\u015fbu\u011f&#8217;la aralar\u0131nda bir g\u00fcven <\/p>\n","protected":false},"author":1,"featured_media":0,"comment_status":"open","ping_status":"closed","sticky":false,"template":"","format":"standard","meta":{"footnotes":""},"categories":[105],"tags":[],"class_list":["post-16378","post","type-post","status-publish","format-standard","hentry","category-gundem","odd"],"_links":{"self":[{"href":"http:\/\/www.korhanyilmaz.com\/index.php?rest_route=\/wp\/v2\/posts\/16378","targetHints":{"allow":["GET"]}}],"collection":[{"href":"http:\/\/www.korhanyilmaz.com\/index.php?rest_route=\/wp\/v2\/posts"}],"about":[{"href":"http:\/\/www.korhanyilmaz.com\/index.php?rest_route=\/wp\/v2\/types\/post"}],"author":[{"embeddable":true,"href":"http:\/\/www.korhanyilmaz.com\/index.php?rest_route=\/wp\/v2\/users\/1"}],"replies":[{"embeddable":true,"href":"http:\/\/www.korhanyilmaz.com\/index.php?rest_route=%2Fwp%2Fv2%2Fcomments&post=16378"}],"version-history":[{"count":0,"href":"http:\/\/www.korhanyilmaz.com\/index.php?rest_route=\/wp\/v2\/posts\/16378\/revisions"}],"wp:attachment":[{"href":"http:\/\/www.korhanyilmaz.com\/index.php?rest_route=%2Fwp%2Fv2%2Fmedia&parent=16378"}],"wp:term":[{"taxonomy":"category","embeddable":true,"href":"http:\/\/www.korhanyilmaz.com\/index.php?rest_route=%2Fwp%2Fv2%2Fcategories&post=16378"},{"taxonomy":"post_tag","embeddable":true,"href":"http:\/\/www.korhanyilmaz.com\/index.php?rest_route=%2Fwp%2Fv2%2Ftags&post=16378"}],"curies":[{"name":"wp","href":"https:\/\/api.w.org\/{rel}","templated":true}]}}