{"id":16375,"date":"2009-11-08T18:42:43","date_gmt":"2009-11-08T16:42:43","guid":{"rendered":"http:\/\/www.korhanyilmaz.com\/?p=16375"},"modified":"2009-11-08T18:42:43","modified_gmt":"2009-11-08T16:42:43","slug":"kilicdaroglu-sert-konustu-ortulu-fasizm","status":"publish","type":"post","link":"http:\/\/www.korhanyilmaz.com\/?p=16375","title":{"rendered":"K\u0131l\u0131\u00e7daro\u011flu sert konu\u015ftu: &#039;\u00d6rt\u00fcl\u00fc fa\u015fizm&#039;"},"content":{"rendered":"<p><a href=\"http:\/\/www.korhanyilmaz.com\/wp-content\/uploads\/2009\/11\/k\u0131l\u0131cdaroglu.jpg\"  class=\"lightview\"><img loading=\"lazy\" decoding=\"async\" class=\"aligncenter size-full wp-image-16376\" src=\"http:\/\/www.korhanyilmaz.com\/wp-content\/uploads\/2009\/11\/k\u0131l\u0131cdaroglu.jpg\" alt=\"\" width=\"292\" height=\"186\" \/><\/a><\/p>\n<p style=\"text-align: justify;\">CHP Grup Ba\u015fkanvekili Kemal K\u0131l\u0131\u00e7daro\u011flu, yarg\u0131 ba\u011f\u0131ms\u0131zl\u0131\u011f\u0131n\u0131n olmad\u0131\u011f\u0131 bir yerde demokrasinin olmayaca\u011f\u0131n\u0131 belirterek, &#8220;T\u00fcrkiye&#8217;de \u015fu anda \u00f6rt\u00fcl\u00fc bir fa\u015fizm var&#8221; dedi.<\/p>\n<p style=\"text-align: justify;\">K\u0131l\u0131\u00e7daro\u011flu, CHP Denizli il \u00f6rg\u00fct\u00fcn\u00fcn davetlisi olarak geldi\u011fi Denizli&#8217;de, EGS Kongre ve K\u00fclt\u00fcr Merkezi&#8217;nde &#8220;Yolsuzluk ve Yoksulluk K\u0131skac\u0131nda T\u00fcrkiye&#8221; konulu konferans verdi. <!--more--><\/p>\n<p style=\"text-align: justify;\">T\u00fcrkiye&#8217;de yarg\u0131 ba\u011f\u0131ms\u0131zl\u0131\u011f\u0131n\u0131n mutlaka sa\u011flanmas\u0131 gerekti\u011fini ifade eden K\u0131l\u0131\u00e7daro\u011flu, yarg\u0131n\u0131n ba\u011f\u0131ms\u0131z olmad\u0131\u011f\u0131 bir durumda, savc\u0131lar\u0131n harekete ge\u00e7emedi\u011fini, hakimlerin karar veremedi\u011fini bildirdi.<\/p>\n<p style=\"text-align: justify;\">Son d\u00f6nemde ya\u015fanan olaylarla bunun g\u00f6r\u00fcld\u00fc\u011f\u00fcn\u00fc savunan K\u0131l\u0131\u00e7daro\u011flu, &#8220;Deniz Feneri&#8217;ni biliyorsunuz. Bekliyoruz sonu\u00e7lanacak diye, neredeyse davetiye ile aramaya gidiliyor. Bu anlay\u0131\u015f demokrasilerde olmaz. Biz g\u00f6reve geldi\u011fimizde, yarg\u0131 ba\u011f\u0131ms\u0131zl\u0131\u011f\u0131n\u0131 \u00fc\u00e7 temel eksende sa\u011flayaca\u011f\u0131z. Hakimler Savc\u0131lar Y\u00fcksek Kurulu&#8217;nda Adalet Bakan\u0131 ve m\u00fcste\u015far olmayacak. Yetmez, kurulun ayr\u0131 b\u00fct\u00e7esi olacak. Para i\u00e7in Adalet Bakan\u0131na dilenmeyecek. Yetmez, Adalet Bakan\u0131n\u0131n Tefti\u015f Kurulu, Hakimler Savc\u0131lar Y\u00fcksek Kurulu&#8217;na ba\u011flanacak. O zaman T\u00fcrkiye&#8217;de yarg\u0131 ba\u011f\u0131ms\u0131zl\u0131\u011f\u0131 olur. Yarg\u0131 ba\u011f\u0131ms\u0131zl\u0131\u011f\u0131n\u0131n olmad\u0131\u011f\u0131 bir yerde demokrasi tatildedir, demokrasi yoktur. Biz san\u0131yoruz ki T\u00fcrkiye&#8217;de demokrasi var, oy kullan\u0131yoruz. Oysa T\u00fcrkiye&#8217;de \u015fu anda \u00f6rt\u00fcl\u00fc fa\u015fizm var&#8221; dedi.<\/p>\n<p style=\"text-align: justify;\">T\u00fcrkiye&#8217;de kimsenin h\u00fck\u00fcmeti ele\u015ftiremedi\u011fini ileri s\u00fcren K\u0131l\u0131\u00e7daro\u011flu, &#8220;Televizyon patronuysan\u0131z Ergenekon&#8217;dan i\u00e7eri. Gazete sahibiyseniz, d\u00fcnyan\u0131n en a\u011f\u0131r cezas\u0131. Hadi buyur yaz bakim diyor, hani bu \u00fclkede demokrasi vard\u0131? D\u00fc\u015f\u00fcn\u00fcn \u015fimdi, gazeteciler bir haber alm\u0131\u015flar yazm\u0131\u015flar, Ba\u015fbakan&#8217;\u0131n tepkisi; &#8216;O 6 bakan\u0131 kap\u0131n\u0131n \u00f6n\u00fcne koyar\u0131m&#8217;. Hani demokrasi vard\u0131. 6 bakan\u0131 kap\u0131n\u0131n \u00f6n\u00fcne koyacak bir demokrasi anlay\u0131\u015f\u0131 var. B\u00f6yle bir demokrasi anlay\u0131\u015f\u0131 olabilir mi? Say\u0131n Ba\u015fbakan bir ara \u015fehitlere &#8216;kelle&#8217; dedi\u011fi i\u00e7in bir \u015fehit ailesi tazminat davas\u0131 a\u00e7t\u0131, sembolik bir dava. Kartal Adliyesi&#8217;nde dava g\u00f6r\u00fc\u015f\u00fcld\u00fc, hakim, Ba\u015fbakan\u0131 tazminata mahkum etti. Vay, sen misin Ba\u015fbakan\u0131 tazminata mahkum eden. Oraya bir m\u00fcfetti\u015f ordusu. Hakim nefes alamayacak&#8221; diye konu\u015ftu.<\/p>\n<p style=\"text-align: justify;\">K\u0131l\u0131\u00e7daro\u011flu, CHP iktidara geldi\u011finde, parti program\u0131na koydu\u011fu madde gere\u011fince, &#8220;Bizi AB&#8217;ye tam \u00fcye olarak al\u0131yor musun? Tarih veriyor musun? Vermezsen kusura bakma, ben de G\u00fcmr\u00fck Birli\u011fi anla\u015fmas\u0131n\u0131 ask\u0131ya al\u0131yorum. T\u00fcrkiye kimsenin s\u00f6m\u00fcrgesi olamaz&#8221; diyeceklerini dile getirdi.<\/p>\n<p style=\"text-align: justify;\"><span style=\"color: #888888;\">CNN T\u00dcRK<\/span><\/p>\n","protected":false},"excerpt":{"rendered":"<\/p>\n<p style=\"text-align: justify;\">CHP Grup Ba\u015fkanvekili Kemal K\u0131l\u0131\u00e7daro\u011flu, yarg\u0131 ba\u011f\u0131ms\u0131zl\u0131\u011f\u0131n\u0131n olmad\u0131\u011f\u0131 bir yerde demokrasinin olmayaca\u011f\u0131n\u0131 belirterek, &#8220;T\u00fcrkiye&#8217;de \u015fu anda \u00f6rt\u00fcl\u00fc bir fa\u015fizm var&#8221; dedi.<\/p>\n<p style=\"text-align: justify;\">K\u0131l\u0131\u00e7daro\u011flu, CHP Denizli il \u00f6rg\u00fct\u00fcn\u00fcn davetlisi olarak geldi\u011fi Denizli&#8217;de, EGS Kongre ve K\u00fclt\u00fcr Merkezi&#8217;nde &#8220;Yolsuzluk ve Yoksulluk K\u0131skac\u0131nda T\u00fcrkiye&#8221; konulu konferans verdi. <\/p>\n","protected":false},"author":1,"featured_media":0,"comment_status":"open","ping_status":"closed","sticky":false,"template":"","format":"standard","meta":{"footnotes":""},"categories":[105],"tags":[],"class_list":["post-16375","post","type-post","status-publish","format-standard","hentry","category-gundem","odd"],"_links":{"self":[{"href":"http:\/\/www.korhanyilmaz.com\/index.php?rest_route=\/wp\/v2\/posts\/16375","targetHints":{"allow":["GET"]}}],"collection":[{"href":"http:\/\/www.korhanyilmaz.com\/index.php?rest_route=\/wp\/v2\/posts"}],"about":[{"href":"http:\/\/www.korhanyilmaz.com\/index.php?rest_route=\/wp\/v2\/types\/post"}],"author":[{"embeddable":true,"href":"http:\/\/www.korhanyilmaz.com\/index.php?rest_route=\/wp\/v2\/users\/1"}],"replies":[{"embeddable":true,"href":"http:\/\/www.korhanyilmaz.com\/index.php?rest_route=%2Fwp%2Fv2%2Fcomments&post=16375"}],"version-history":[{"count":0,"href":"http:\/\/www.korhanyilmaz.com\/index.php?rest_route=\/wp\/v2\/posts\/16375\/revisions"}],"wp:attachment":[{"href":"http:\/\/www.korhanyilmaz.com\/index.php?rest_route=%2Fwp%2Fv2%2Fmedia&parent=16375"}],"wp:term":[{"taxonomy":"category","embeddable":true,"href":"http:\/\/www.korhanyilmaz.com\/index.php?rest_route=%2Fwp%2Fv2%2Fcategories&post=16375"},{"taxonomy":"post_tag","embeddable":true,"href":"http:\/\/www.korhanyilmaz.com\/index.php?rest_route=%2Fwp%2Fv2%2Ftags&post=16375"}],"curies":[{"name":"wp","href":"https:\/\/api.w.org\/{rel}","templated":true}]}}