{"id":16371,"date":"2009-11-08T20:19:25","date_gmt":"2009-11-08T18:19:25","guid":{"rendered":"http:\/\/www.korhanyilmaz.com\/?p=16371"},"modified":"2009-11-08T20:19:25","modified_gmt":"2009-11-08T18:19:25","slug":"erdogandan-muhalefete-salvolar","status":"publish","type":"post","link":"http:\/\/www.korhanyilmaz.com\/?p=16371","title":{"rendered":"Erdo\u011fan&#039;dan muhalefete salvolar"},"content":{"rendered":"<p><a href=\"http:\/\/www.korhanyilmaz.com\/wp-content\/uploads\/2009\/11\/erdogan1.jpg\"  class=\"lightview\"><img loading=\"lazy\" decoding=\"async\" class=\"aligncenter size-full wp-image-16372\" src=\"http:\/\/www.korhanyilmaz.com\/wp-content\/uploads\/2009\/11\/erdogan1.jpg\" alt=\"\" width=\"292\" height=\"163\" \/><\/a><\/p>\n<p style=\"text-align: justify;\">Ba\u015fbakan Recep Tayyip Erdo\u011fan&#8217;\u0131n hedefinde muhalefet vard\u0131. G\u00fcndeminde hem a\u00e7\u0131l\u0131m s\u00fcreci, hem Devlet Bah\u00e7eli&#8217;nin kurultay \u00f6ncesi a\u00e7\u0131klamalar\u0131 hem de Deniz Baykal&#8217;\u0131n Erdo\u011fan&#8217;a y\u00f6nelik s\u00f6zleri vard\u0131.<\/p>\n<p style=\"text-align: justify;\">Erdo\u011fan, partisinin S\u00fctl\u00fcce Kongre ve K\u00fclt\u00fcr Merkezi&#8217;nde ger\u00e7ekle\u015fen \u0130stanbul \u0130l Dan\u0131\u015fma Meclisi&#8217;nde yapt\u0131\u011f\u0131 konu\u015fmada, AK Parti&#8217;nin 7 y\u0131l gibi k\u0131sa bir s\u00fcrede T\u00fcrkiye&#8217;yi h\u0131zla geli\u015fen d\u00fcnya devleti haline getirdi\u011fini s\u00f6yledi. <!--more--><\/p>\n<p style=\"text-align: justify;\">T\u00fcrkiye&#8217;nin her meselesine ne\u015fter vurup, her yaray\u0131 tedavi etmek hedefiyle partilerini kurduklar\u0131n\u0131 anlatan Ba\u015fbakan Erdo\u011fan, millete, \u00fclkeye, vatana ve bayra\u011fa duyduklar\u0131 a\u015fkla yola \u00e7\u0131kt\u0131klar\u0131n\u0131, cesaretle kararl\u0131l\u0131kla T\u00fcrkiye&#8217;yi y\u00fccelttiklerini ifade etti.<\/p>\n<p style=\"text-align: justify;\">Ba\u015fbakan Erdo\u011fan, &#8220;Kara siyasete&#8221;, pop\u00fclizme prim vermeden, yalan\u0131, ayak oyunlar\u0131n\u0131, karalamay\u0131, hileyi, partinin yan\u0131na, y\u00f6resine koymadan \u00e7al\u0131\u015ft\u0131klar\u0131n\u0131 belirterek, ba\u015far\u0131lar\u0131n\u0131, milletle kurduklar\u0131 g\u00f6n\u00fcl k\u00f6pr\u00fcs\u00fc, dil birli\u011fi ve samimi konu\u015fmaya bor\u00e7lu olduklar\u0131n\u0131 vurgulad\u0131.<\/p>\n<p style=\"text-align: justify;\">Milletin arzu ve taleplerinden kopuk siyaset anlay\u0131\u015f\u0131na alternatif olarak geldiklerini de kaydeden Erdo\u011fan, elitist, se\u00e7kinci, pop\u00fclist siyaset anlay\u0131\u015f\u0131na kar\u015f\u0131 halk\u0131n ve mazlumun yan\u0131nda yer ald\u0131klar\u0131n\u0131 s\u00f6yledi.<\/p>\n<p style=\"text-align: justify;\">Erdo\u011fan, ge\u00e7mi\u015f siyaset anlay\u0131\u015f\u0131n\u0131n aksine hamaset de\u011fil vizyonla konu\u015ftuklar\u0131n\u0131, tahakk\u00fcm eden de\u011fil hizmet eden olduklar\u0131n\u0131 ifade ederek, g\u00fc\u00e7l\u00fcn\u00fcn de\u011fil hakl\u0131n\u0131n, ezenin de\u011fil ezilenin, zalimin de\u011fil mazlumun yan\u0131nda yer ald\u0131klar\u0131n\u0131 bildirdi.<\/p>\n<p style=\"text-align: justify;\">Hak ve \u00f6zg\u00fcrl\u00fcklerin kimsenin kimseye verece\u011fi l\u00fctuf olmad\u0131\u011f\u0131n\u0131, devlete d\u00fc\u015fenin bu haklar\u0131 koruma alt\u0131na almak oldu\u011funu anlatan Ba\u015fbakan Erdo\u011fan, temel hak ve \u00f6zg\u00fcrl\u00fcklerin referanduma g\u00f6t\u00fcr\u00fclemeyece\u011fini, bunlar\u0131n do\u011fu\u015ftan elde edilen haklar oldu\u011funu an\u0131msatt\u0131.<\/p>\n<p style=\"text-align: justify;\">Erdo\u011fan, hayali senaryolarla \u00fclkeyi demokrasiden mahrum b\u0131rakanlar\u0131n \u00fclkeye iyilik yapmad\u0131klar\u0131n\u0131, demokrasinin ve haklar\u0131n \u00f6n\u00fcndeki engelleri kald\u0131racaklar\u0131n\u0131 dile getirerek, baz\u0131lar\u0131n\u0131n muhalefet edelim derken &#8220;ne duruyorsun \u015funu da yap, bunu da yap&#8221; dedi\u011fini, kutlu bir do\u011fumun ise 9 ay 10 g\u00fcnde ger\u00e7ekle\u015fece\u011fini vurgulad\u0131.<\/p>\n<p style=\"text-align: justify;\"><strong><em>&#8220;\u015eapkalar\u0131n\u0131 al\u0131p ka\u00e7anlar&#8221; <\/em><\/strong><\/p>\n<p style=\"text-align: justify;\">Ba\u015fbakan Erdo\u011fan, bu \u00fclkenin demokrasiye y\u00f6nelik m\u00fcdahale ve tehditlerle kar\u015f\u0131 kar\u015f\u0131ya kald\u0131\u011f\u0131n\u0131 ve baz\u0131lar\u0131n\u0131n vicdan\u0131 hi\u00e7 s\u0131zlamadan bu \u00fclkeyi bunlara teslim ettiklerini kaydederek, &#8220;F\u00f6tr \u015fapkalar\u0131n\u0131 al\u0131p ka\u00e7anlar\u0131 bu \u00fclkede \u00e7ok g\u00f6rd\u00fck&#8221; diye konu\u015ftu.<\/p>\n<p style=\"text-align: justify;\">Milletin emanetini kutsal bilerek kirli senaryolar\u0131 ellerinin tersiyle ittiklerini, kirli i\u015flere, \u00e7etelere, cuntalara, faili me\u00e7hullere g\u00f6z yummad\u0131klar\u0131n\u0131 belirten Ba\u015fbakan Erdo\u011fan, ge\u00e7mi\u015fte bir avu\u00e7 mafya mensubunun bu \u00fclkenin kaderiyle oynamas\u0131na &#8220;Eyvallah&#8221;, &#8220;Gemisini y\u00fcr\u00fcten kaptan&#8221;, &#8220;Bana dokunmayan y\u0131lan bin ya\u015fas\u0131n&#8221;, &#8220;Her koyun kendi baca\u011f\u0131ndan as\u0131l\u0131r&#8221; diyenlerin bulundu\u011funu, kendilerinin ise ellerini ta\u015f\u0131n alt\u0131na koyup risk ald\u0131klar\u0131n\u0131, tehditlere boyun e\u011fmediklerini, her t\u00fcrl\u00fc \u00e7ete, mafya ve kirli \u00f6rg\u00fctlenmenin \u00fczerine gittiklerini s\u00f6yledi.<\/p>\n<p style=\"text-align: justify;\">Ba\u015fbakan Erdo\u011fan, &#8220;Bu can bu tende oldu\u011fu m\u00fcddet\u00e7e, bu te\u015fkilat dimdik ayakta durdu\u011fu m\u00fcddet\u00e7e, benim sevgili milletim arkam\u0131zda oldu\u011fu m\u00fcddet\u00e7e, millete bedel \u00f6detenlere biz de bedel \u00f6detece\u011fiz, milletin huzurunu ka\u00e7\u0131ranlar\u0131 hukuka teslim etmekten ka\u00e7\u0131nmayaca\u011f\u0131z&#8221; dedi.<\/p>\n<p style=\"text-align: justify;\">T\u00fcrkiye i\u00e7inde mazlumun hak ve hukukunu savunduk\u00e7a rahats\u0131z olanlar\u0131n bulundu\u011funu, d\u0131\u015far\u0131da ise Gazze&#8217;de \u00f6lenleri, G\u00fcrcistan&#8217;da hayat\u0131n\u0131 kaybedenleri, Darfur&#8217;da, L\u00fcbnan&#8217;da ya\u015fananlar\u0131 g\u00f6rd\u00fcklerini, \u00e7\u00fcnk\u00fc T\u00fcrkiye&#8217;nin s\u0131radan bir \u00fclke olmad\u0131\u011f\u0131n\u0131 vurgulad\u0131.<\/p>\n<p style=\"text-align: justify;\"><strong><em>Eksen tart\u0131\u015fmas\u0131 <\/em><\/strong><\/p>\n<p style=\"text-align: justify;\">Ba\u015fbakan Recep Tayyip Erdo\u011fan, &#8220;T\u00fcrkiye eksen de\u011fi\u015ftiriyor, y\u00f6n de\u011fi\u015ftiriyor&#8221; diye propaganda yapanlar\u0131n bulundu\u011funa i\u015faret ederek, &#8220;&#8216;T\u00fcrkiye eksen de\u011fi\u015ftirmedi, de\u011fi\u015ftirmiyor. Sadece hakk\u0131 s\u00f6yl\u00fcyor, normalle\u015fiyor&#8221; diye konu\u015ftu.<\/p>\n<p style=\"text-align: justify;\">Erdo\u011fan, T\u00fcrkiye&#8217;nin \u0130ran ile ticaretinin, Suriye ile i\u015f birli\u011finin, Irak&#8217;la ili\u015fkilerinin, Yunanistan ile isti\u015farelerinin, AB ile de m\u00fczakerelerinin sorguland\u0131\u011f\u0131na dikkati \u00e7ekerek, &#8220;T\u00fcrkiye Bat\u0131&#8217;ya y\u00f6neldi\u011fi i\u00e7in Do\u011fu&#8217;ya s\u0131rt\u0131n\u0131 d\u00f6nemez, Kuzey ile i\u015fbirli\u011fi yapt\u0131\u011f\u0131 i\u00e7in G\u00fcney&#8217;e bigane kalamaz&#8221; dedi. Herkesi kucaklayan bir d\u0131\u015f politika anlay\u0131\u015f\u0131 i\u00e7inde olduklar\u0131n\u0131 dile getiren Erdo\u011fan, &#8220;d\u00fc\u015fman \u00fcretmeye de\u011fil dost kazanmaya geldiklerini&#8221; bildirdi.<\/p>\n<p style=\"text-align: justify;\"><strong><em>El Be\u015fir&#8217;in ziyareti <\/em><\/strong><\/p>\n<p style=\"text-align: justify;\">Ba\u015fbakan Recep Tayyip Erdo\u011fan, Sudan Devlet Ba\u015fkan\u0131 \u00d6mer El Be\u015fir&#8217;in \u0130SEDAK Toplant\u0131s\u0131&#8217;na kat\u0131lmak i\u00e7in T\u00fcrkiye&#8217;ye gelme durumuyla ilgili yorum yapanlar\u0131n ve bu durumu T\u00fcrkiye aleyhine kullanmak, kara siyaset yapmak isteyenlerin bulundu\u011funu dile getirerek, insan haklar\u0131 ihlalleri konusunda hassas olduklar\u0131n an\u0131msatt\u0131.<\/p>\n<p style=\"text-align: justify;\">Kendisinin Darfur&#8217;a gitmi\u015f ve s\u0131k\u0131nt\u0131lar\u0131 i\u00e7inde hissetmi\u015f bir ba\u015fbakan oldu\u011funu belirten Erdo\u011fan, ka\u00e7 devlet ba\u015fkan\u0131 ya da ba\u015fbakan\u0131n Darfur&#8217;a gidip orada ya\u015fananlar\u0131 g\u00f6rd\u00fc\u011f\u00fcn\u00fc sordu.<\/p>\n<p style=\"text-align: justify;\">Ba\u015fbakan Erdo\u011fan, sadece Darfur&#8217;a gitmekle kalmad\u0131klar\u0131n\u0131, o b\u00f6lgeye hizmet de g\u00f6t\u00fcrd\u00fcklerini belirterek, El Be\u015fir&#8217;e s\u00f6ylenmesi gerekenleri kendilerinin s\u00f6yleyebilece\u011fini kaydetti.<\/p>\n<p style=\"text-align: justify;\">Erdo\u011fan, &#8220;Bizim mensubu oldu\u011fumuz \u0130slam dinine mensup birinin soyk\u0131r\u0131m yapmas\u0131 asla m\u00fcmk\u00fcn de\u011fildir&#8221; diye  konu\u015ftu.<\/p>\n<p style=\"text-align: justify;\">Y\u0131llard\u0131r t\u00fcm uyar\u0131 ve bask\u0131lara ra\u011fmen ter\u00f6r \u00f6rg\u00fctlerine kaynak yaratanlar\u0131n \u015fimdi T\u00fcrkiye&#8217;ye su\u00e7lamada bulunmalar\u0131n\u0131n hakkaniyete s\u0131\u011fmad\u0131\u011f\u0131na da vurgu yapan Ba\u015fbakan Erdo\u011fan, bu konuda hukukun d\u0131\u015f\u0131na asla \u00e7\u0131kmayacaklar\u0131n\u0131 bildirdi.<\/p>\n<p style=\"text-align: justify;\"><strong><em>Muhalefete y\u00fcklendi <\/em><\/strong><\/p>\n<p style=\"text-align: justify;\">Ba\u015fbakan Erdo\u011fan, konu\u015fmas\u0131nda \u00fclke i\u00e7in b\u00fcy\u00fck hedefler belirlediklerini ve k\u00fc\u00e7\u00fck meselelerin \u00fclkenin aya\u011f\u0131na pranga olmas\u0131n\u0131 istemediklerini vurgulayarak, bir \u00fclkede vatanda\u015flar, sivil toplum kurulu\u015flar\u0131, iktidar kadar muhalefetin de b\u00fcy\u00fck d\u00fc\u015f\u00fcnmesi gerekti\u011fini ifade etti.<\/p>\n<p style=\"text-align: justify;\">Demokrasinin muhalefetle tam oldu\u011funu dile getiren Erdo\u011fan, &#8220;Demokrasi muhalefetiyle tamd\u0131r, iktidar varsa muhalefet yoksa, bu demokrasi eksiktir. \u015eu anda biz eksik demokrasi ya\u015f\u0131yoruz \u00fclkemizde&#8221; dedi.<\/p>\n<p style=\"text-align: justify;\">Ba\u015fbakan Erdo\u011fan, demokrasinin bu alanda eksikli\u011finin \u00e7ok partili d\u00f6nemde ya\u015fand\u0131\u011f\u0131na dikkati \u00e7ekerek, muhalefetin, &#8220;beyaza siyah siyaha beyaz deme sanat\u0131 olmad\u0131\u011f\u0131n\u0131&#8221; kaydetti.<\/p>\n<p style=\"text-align: justify;\">&#8220;Muhalefet, iktidar\u0131n yanl\u0131\u015flar\u0131n\u0131, do\u011frular\u0131n\u0131 s\u00f6ylemek suretiyle yard\u0131mc\u0131 olma sanat\u0131d\u0131r&#8221; diyen Erdo\u011fan, \u015fu anda iktidar partisi liderinden bilgilenmekten ka\u00e7an bir muhalefet liderinin var oldu\u011funu ve &#8220;G\u00f6r\u00fc\u015felim, ama bunu kameralar \u00f6n\u00fcnde yapal\u0131m&#8221; dedi\u011fini an\u0131msatt\u0131.<\/p>\n<p style=\"text-align: justify;\">Ba\u015fbakan Erdo\u011fan, S\u00fctl\u00fcce Kongre ve K\u00fclt\u00fcr Merkezi&#8217;nde d\u00fczenlenen partisinin \u0130l Dan\u0131\u015fma Meclisi&#8217;nde yapt\u0131\u011f\u0131 konu\u015fmada, 3 Kas\u0131m ve ard\u0131ndan ya\u015fanan se\u00e7imlerde partisinin \u00fclkenin tamam\u0131ndan oy ald\u0131\u011f\u0131n\u0131 an\u0131msatarak, baz\u0131 partilerin ise belli illere ve b\u00f6lgelere s\u0131k\u0131\u015f\u0131p kald\u0131klar\u0131n\u0131 s\u00f6yledi.<\/p>\n<p style=\"text-align: justify;\">Kendilerinin b\u00fcy\u00fck, di\u011fer partilerin ise k\u00fc\u00e7\u00fck d\u00fc\u015f\u00fcnd\u00fc\u011f\u00fcn\u00fc dile getiren Erdo\u011fan, kendilerinin t\u00fcm T\u00fcrkiye&#8217;yi kucaklarken, onlar\u0131n Ankara&#8217;n\u0131n bat\u0131s\u0131yla yetinmeyi tercih ettiklerini ifade etti.<\/p>\n<p style=\"text-align: justify;\">&#8220;Bizi b\u00f6l\u00fcc\u00fcl\u00fckle su\u00e7layanlar, bu \u00fclkeyi, b\u00f6lgeleri ve illeri zaten zihinlerinde b\u00f6lm\u00fc\u015f durumdalar&#8221; diyen Ba\u015fbakan Erdo\u011fan, CHP Genel Ba\u015fkan\u0131 Baykal&#8217;\u0131n bir televizyon program\u0131nda, &#8220;Ni\u00e7in G\u00fcneydo\u011fu&#8217;da varl\u0131k g\u00f6steremedikleri&#8221; sorusuna, &#8220;Biz, ulusal b\u00fct\u00fcnl\u00fck siyaseti yap\u0131yoruz&#8221; \u015feklinde manidar bir cevap verdi\u011fini kaydetti.<\/p>\n<p style=\"text-align: justify;\">Ba\u015fbakan Erdo\u011fan, bu ifadenin orada oy kullananlar\u0131n &#8220;ulusal b\u00fct\u00fcnl\u00fc\u011fe itibar etmedi\u011fi&#8221; y\u00f6n\u00fcnde bir itham, hakaret, su\u00e7lama ve iftiray\u0131 i\u00e7erdi\u011fini belirterek, &#8220;Say\u0131n Baykal, sizin bu illerden oy alamaman\u0131z\u0131n sebebi, onlar\u0131n sizin ayr\u0131l\u0131k\u00e7\u0131, stat\u00fckocu, inkarc\u0131 zihniyetinize kar\u015f\u0131 olmalar\u0131d\u0131r&#8221; diye konu\u015ftu.<\/p>\n<p style=\"text-align: justify;\">Erdo\u011fan, iki muhalefet partisinin de bir araya gelip, &#8220;Nas\u0131l engelleriz?&#8221; diye \u00e7al\u0131\u015ft\u0131klar\u0131n\u0131 s\u00f6yledi.<\/p>\n<p style=\"text-align: justify;\"><strong><em>Demokratik a\u00e7\u0131l\u0131m <\/em><\/strong><\/p>\n<p style=\"text-align: justify;\">Yakla\u015f\u0131k 3 ayd\u0131r s\u00fcren &#8220;Milli birlik ve karde\u015flik s\u00fcrecine&#8221; i\u015faret eden Ba\u015fbakan Erdo\u011fan, \u00fclkenin demokratik a\u00e7\u0131l\u0131mlarla her zaman kazand\u0131\u011f\u0131n\u0131, bug\u00fcn d\u00fcnyan\u0131n 17. b\u00fcy\u00fck ekonomisi olan T\u00fcrkiye&#8217;nin buna ula\u015fmas\u0131nda, siyasetteki d\u00f6n\u00fc\u015f\u00fcm ve demokratikle\u015fmenin rol\u00fc oldu\u011funu vurgulad\u0131.<\/p>\n<p style=\"text-align: justify;\">Ba\u015fbakan Erdo\u011fan, son 7 y\u0131ld\u0131r hangi sorunu \u00e7\u00f6zmek i\u00e7in el atsalar birilerinin buna engel \u00e7\u0131karma gayreti i\u00e7inde oldu\u011funu dile getirerek, \u00fclkenin demokrasi ve insan haklar\u0131yla ilgili her konusunu modern standartlara getirme gayreti i\u00e7inde olduklar\u0131n\u0131 bildirdi.<\/p>\n<p style=\"text-align: justify;\">&#8220;Milli birlik ve karde\u015flik s\u00fcrecinin&#8221;, T\u00fcrkiye&#8217;nin b\u00fcy\u00fck bir devlet, g\u00fc\u00e7l\u00fc bir ekonomi ve g\u00fc\u00e7l\u00fc bir \u00fclke olmas\u0131n\u0131n \u00f6n\u00fcndeki engelleri kald\u0131rmaktan ba\u015fka ama\u00e7 ta\u015f\u0131mad\u0131\u011f\u0131n\u0131 vurgulayan Ba\u015fbakan Erdo\u011fan, T\u00fcrkiye&#8217;nin ter\u00f6r diye bir meselesinin var oldu\u011funu, bunu \u00e7\u00f6zmenin \u00fclkenin yarar\u0131na ve kendi g\u00f6revleri oldu\u011funu kaydetti.<\/p>\n<p style=\"text-align: justify;\">Ayr\u0131ca az\u0131nl\u0131klar\u0131n sorunlar\u0131n\u0131, Alevi vatanda\u015flar\u0131n ve di\u011fer vatanda\u015flar\u0131n sorunlar\u0131n\u0131 \u00e7\u00f6zmenin de boyunlar\u0131n\u0131n borcu oldu\u011funu belirten Erdo\u011fan, ekonomik sorunlar\u0131 ve i\u015fsizli\u011fi minimize etmenin de g\u00f6revleri aras\u0131nda bulundu\u011funu s\u00f6yledi.<\/p>\n<p style=\"text-align: justify;\">Ba\u015fbakan Erdo\u011fan, baz\u0131lar\u0131n\u0131n, &#8220;milli birlik ve karde\u015flik s\u00fcrecini&#8221; sadece K\u00fcrt k\u00f6kenli vatanda\u015flar\u0131n sorunu olarak anlatt\u0131\u011f\u0131na i\u015faret ederek, bu i\u015fin bu kadar k\u00fc\u00e7\u00fck olmad\u0131\u011f\u0131n\u0131, K\u00fcrt k\u00f6kenlilerin sorunlar\u0131n\u0131n etnik k\u00f6kenlilerin sorunlar\u0131ndan bir tanesi oldu\u011funu belirtti.<\/p>\n<p style=\"text-align: justify;\">&#8220;\u00d6ncelikli sorunumuz ter\u00f6r sorunudur&#8221; diyen Erdo\u011fan, bunun alt\u0131nda etnik unsurlar, farkl\u0131 inan\u00e7 kesimleri ve ekonomik sorunlar bulundu\u011funu bildirdi.<\/p>\n<p style=\"text-align: justify;\">Ba\u015fbakan Erdo\u011fan, T\u00fcrkiye&#8217;de ya\u015fayan 70 bini T\u00fcrk vatanda\u015f\u0131, 170 bin Ermeni bulundu\u011funu da dile getirerek, Ermenistan&#8217;la ili\u015fkilerin alt\u0131nda yatan ger\u00e7eklerin bunlar oldu\u011funu, sorunun Azerbaycan ile Ermenistan ili\u015fkileri \u00e7\u00f6z\u00fcme kavu\u015funca \u00e7\u00f6z\u00fclece\u011fini vurgulad\u0131.<\/p>\n<p style=\"text-align: justify;\">Ba\u015fbakan Recep Tayyip Erdo\u011fan, &#8220;devletin varl\u0131k nedeninin vatanda\u015f\u0131n sorunlar\u0131n\u0131 en aza indirmek oldu\u011funa&#8221; vurgu yaparak, geri d\u00f6n\u00fc\u015flerin devam edip etmeyece\u011finin soruldu\u011funu an\u0131msatt\u0131.<\/p>\n<p style=\"text-align: justify;\">Erdo\u011fan, &#8220;Biz, s\u00fcreci bitirmedik. Zaten geri d\u00f6n\u00fc\u015f s\u00fcrecin bir par\u00e7as\u0131. \u0130lk geri d\u00f6n\u00fc\u015fteki tabloyu biz ya\u015famak istemiyoruz. Bu konuda DTP&#8217;nin T\u00fcrkiye&#8217;nin bir partisi oldu\u011funu, 72 milyonun partisi oldu\u011funu unutmamas\u0131 gerekir&#8221; dedi.<\/p>\n<p style=\"text-align: justify;\">DTP&#8217;nin K\u00fcrtler&#8217;in partisi olmad\u0131\u011f\u0131n\u0131, K\u00fcrt k\u00f6kenli vatanda\u015flar\u0131n bir numaral\u0131 partisinin AK Parti oldu\u011funu ifade eden Ba\u015fbakan Erdo\u011fan, kendilerinin bu millete hizmetkar olmaya geldiklerini s\u00f6yledi.<\/p>\n<p style=\"text-align: justify;\">Erdo\u011fan, partiyi kurarken etnik, b\u00f6lgesel ve dinsel milliyet\u00e7ilik yapmayacaklar\u0131n\u0131 s\u00f6ylediklerini hat\u0131rlatarak, AK Parti&#8217;nin T\u00fcrkiye Cumhuriyeti vatanda\u015f\u0131 olan 72 milyonun partisi oldu\u011funu bildirdi.<\/p>\n<p style=\"text-align: justify;\">Vatan topraklar\u0131n\u0131 abat etmek i\u00e7in \u00e7al\u0131\u015ft\u0131klar\u0131n\u0131, GAP gibi projelerle Do\u011fu ve G\u00fcneydo\u011fu&#8217;yu aya\u011fa kald\u0131rd\u0131klar\u0131n\u0131 dile getiren Ba\u015fbakan Erdo\u011fan, &#8220;Rahats\u0131zl\u0131k buradan geliyor. Buralar aya\u011fa kalkt\u0131\u011f\u0131 zaman ellerindeki oyuncak gidiyor. S\u0131k\u0131nt\u0131 bu&#8230; Bu sorun alanlar\u0131 \u00e7\u00f6z\u00fcl\u00fcrse, o zaman MHP, DTP, CHP ne konu\u015facak? S\u0131k\u0131nt\u0131 buradan geliyor&#8221; diye konu\u015ftu.<\/p>\n<p style=\"text-align: justify;\">Ba\u015fbakan Erdo\u011fan, \u00fczerlerindeki y\u00fck\u00fcn a\u011f\u0131r oldu\u011funa i\u015faret ederek, &#8220;Biz bayra\u011fa sar\u0131l\u0131 tabutlar gelmesini istemiyoruz. (Gelsin, G\u00f6nderin) diyenler var. B\u00f6yle vicdans\u0131zlar var&#8221; dedi.<\/p>\n<p style=\"text-align: justify;\"><strong><em>Devlet Bah\u00e7eli&#8217;ye&#8230; <\/em><\/strong><\/p>\n<p style=\"text-align: justify;\">Ba\u015fbakan Recep Tayyip Erdo\u011fan, MHP Genel Ba\u015fkan\u0131 Devlet Bah\u00e7eli&#8217;nin partisinin kongresiyle ilgili yapt\u0131\u011f\u0131 a\u00e7\u0131klamay\u0131 an\u0131msatarak, Bah\u00e7eli&#8217;nin &#8220;demokrasiye y\u00f6nelik korkusu ve parti i\u00e7i muhalefete d\u00f6n\u00fck tedirginli\u011fini, h\u00fck\u00fcmet ve emniyet g\u00fc\u00e7leri \u00fczerinden bertaraf etmek gibi bir kurnazl\u0131k i\u00e7inde&#8221; oldu\u011funu kaydetti.<\/p>\n<p style=\"text-align: justify;\">Devlet Bah\u00e7eli&#8217;nin h\u00fck\u00fcmet \u00fczerinden muhaliflerini ekarte etmeye \u00e7al\u0131\u015ft\u0131\u011f\u0131n\u0131 ve kongresinde olaylar olursa bunun m\u00fcsebbibinin h\u00fck\u00fcmet ve emniyet g\u00fc\u00e7leri olaca\u011f\u0131n\u0131 s\u00f6yledi\u011fini ifade eden Ba\u015fbakan Erdo\u011fan, ayr\u0131ca Bah\u00e7eli&#8217;nin sokak a\u011fz\u0131yla ve \u00e7ok farkl\u0131 bir tav\u0131rla Ak Parti&#8217;nin yurt \u00e7ap\u0131ndaki toplant\u0131lar\u0131n\u0131n huzur ve g\u00fcven i\u00e7inde olmayaca\u011f\u0131 tehdidini savurdu\u011funu s\u00f6yledi.<\/p>\n<p style=\"text-align: justify;\">Ba\u015fbakan Erdo\u011fan, Bah\u00e7eli&#8217;yi art\u0131k ciddiye almad\u0131klar\u0131n\u0131 dile getirerek, &#8220;Bah\u00e7eli&#8217;nin bu tav\u0131rlar\u0131n\u0131 sinir bozuklu\u011fu ve haleti ruhiyesinin bozuklu\u011funa verdi\u011fini&#8221; bildirdi.<\/p>\n<p style=\"text-align: justify;\">Erdo\u011fan, &#8220;Ama bu \u00fclkenin \u015ferefli emniyet te\u015fkilat\u0131ndan ne istiyorsun? Bu \u00fclkenin polisine, jandarmas\u0131na, emniyet g\u00fc\u00e7lerine kar\u015f\u0131 b\u00f6yle bir ifadeyi nas\u0131l kullan\u0131yorsun? Bu \u00fclkenin emniyet g\u00fc\u00e7lerini b\u00f6yle bir karalamaya, iftiraya ve t\u00f6hmete ne hakla maruz b\u0131rak\u0131rs\u0131n? Bu tav\u0131r, yalanc\u0131n\u0131n mumunun yats\u0131ya varmadan s\u00f6nmesidir. Bu tav\u0131r, \u015fecaat arz ederken sirkati beyan etmektir&#8221; dedi.<\/p>\n<p style=\"text-align: justify;\">Ba\u015fbakan Erdo\u011fan, Bah\u00e7eli&#8217;nin ge\u00e7en hafta grup toplant\u0131s\u0131nda \u015fehit ve gazileri istismar etti\u011fine dikkati \u00e7ekerek, &#8220;Bug\u00fcn ne oldu da emniyet te\u015fkilat\u0131n\u0131n o \u015ferefli mensuplar\u0131 ter\u00f6re kar\u015f\u0131 can\u0131n\u0131 ortaya koydu\u011fu kadar, senin kongrenin emniyeti i\u00e7in de cefakarca g\u00f6rev yap\u0131yor. Sen ne hakla emniyet mensuplar\u0131n\u0131, partinin i\u00e7 meselelerine malzeme yapma c\u00fcretini g\u00f6sterebiliyorsun? Bunlar\u0131n milli birlik ve karde\u015flik s\u00fcrecine bak\u0131\u015f\u0131 da budur. Biz, \u015fehit cenazeleri gelmesin diye \u00e7\u0131rp\u0131n\u0131rken, onlar panik halinde. Onlar, &#8216;gelsin de, i\u015faretlerimizle g\u00f6steri yapal\u0131m&#8217; diyor. \u015eehitleri istismar edemeyecekler&#8221; diye konu\u015ftu.<\/p>\n<p style=\"text-align: justify;\">Bah\u00e7eli&#8217;nin bir s\u00fcre \u00f6nce de AK Parti i\u00e7indeki Do\u011fu ve G\u00fcneydo\u011fulu milletvekillerine b\u00f6l\u00fcc\u00fc, \u0131rk\u00e7\u0131 ve fa\u015fizan bir \u00fcslupla, &#8220;onlar\u0131 kendinden sanma&#8221; diye dil uzatt\u0131\u011f\u0131n\u0131 kaydeden Erdo\u011fan, \u015fimdi de kendi partisinin mensuplar\u0131na, &#8216;AK Parti&#8217;nin ve emniyet g\u00fc\u00e7lerinin ajan\u0131&#8217; diye hakaret etti\u011fini kaydetti.<\/p>\n<p style=\"text-align: justify;\">Ba\u015fbakan Erdo\u011fan, t\u00fcm bunlar\u0131n, Bah\u00e7eli&#8217;nin bilin\u00e7alt\u0131 tortular\u0131n\u0131n a\u00e7\u0131\u011fa \u00e7\u0131kmas\u0131 oldu\u011funu ifade ederek, T\u00fcrkiye&#8217;nin bir hukuk devleti oldu\u011funu, yasa d\u0131\u015f\u0131, illegal ve mafyatik davran\u0131\u015flara kar\u015f\u0131 meyil edenlere kar\u015f\u0131 hukuku esas ald\u0131\u011f\u0131n\u0131 bildirdi.<\/p>\n<p style=\"text-align: justify;\">Devlet Bah\u00e7eli&#8217;nin tehditlerine ne kendisinin, ne te\u015fkilat\u0131n\u0131n boyun e\u011fmeyece\u011fini belirten Erdo\u011fan, gerek partisinin, gerekse T\u00fcrkiye&#8217;nin bin y\u0131ll\u0131k karde\u015fli\u011fini kimsenin bozamayaca\u011f\u0131n\u0131 vurgulad\u0131.<\/p>\n<p style=\"text-align: justify;\">Ba\u015fbakan Erdo\u011fan, Bah\u00e7eli&#8217;nin tehdit ve ithamlar\u0131n\u0131n hesab\u0131n\u0131 hukuk \u00f6n\u00fcnde verece\u011fini de ifade ederek, &#8220;Ben, say\u0131n Bah\u00e7eli&#8217;nin genel ba\u015fkanl\u0131\u011f\u0131ndan \u00e7ok memnunum. Eksik olmayas\u0131n. Eksik olmaya&#8230; Sen o \u00fcslupla, o seviyeyle, o siyaset tarz\u0131yla orada oldu\u011fun s\u00fcrece bundan memnun oluruz. 3 ayd\u0131r milli birlik ve karde\u015flik s\u00fcreci hakk\u0131nda han\u00e7eresinden konu\u015fuyor. Ba\u011f\u0131r\u0131yor, \u00e7a\u011f\u0131r\u0131yor. O de\u011fil, \u00e7ocuklar dahi korkuyor&#8221; dedi.<\/p>\n<p style=\"text-align: justify;\"><strong><em>10 Kas\u0131m tart\u0131\u015fmas\u0131 <\/em><\/strong><\/p>\n<p style=\"text-align: justify;\">Erdo\u011fan, 10 Kas\u0131m&#8217;\u0131n tatil ya da bir yas g\u00fcn\u00fc olmad\u0131\u011f\u0131n\u0131, Meclis&#8217;in o g\u00fcn de \u00e7al\u0131\u015ft\u0131\u011f\u0131na dikkati \u00e7ekerek, &#8220;10 Kas\u0131m&#8217;\u0131 bunun i\u00e7in \u00f6zellikle se\u00e7tik. &#8216;Yurtta sulh cihanda sulh&#8217; anlay\u0131\u015f\u0131 \u00fczerinde bu projeyi bina etmek i\u00e7in&#8221; dedi.<\/p>\n<p style=\"text-align: justify;\">Ba\u015fbakan Recep Tayyip Erdo\u011fan, s\u00f6zlerine \u015f\u00f6yle \u015f\u00f6yle devam etti: &#8220;Yar\u0131n, Berlin Duvar\u0131&#8217;n\u0131n y\u0131k\u0131l\u0131\u015f\u0131n\u0131n 20. y\u0131l d\u00f6n\u00fcm\u00fc kutlanacak. Dar\u0131s\u0131 bizim siyaset\u00e7ilerimizin ba\u015f\u0131na. \u0130n\u015fallah bir g\u00fcn onlar da duvarlar\u0131n\u0131 y\u0131k\u0131p, farkl\u0131 bir T\u00fcrkiye&#8217;yi, b\u00fcy\u00fck T\u00fcrkiye&#8217;yi g\u00f6r\u00fcrler. &#8216;AK Parti kendi derin devletini kurmak \u00e7abas\u0131 i\u00e7indedir&#8217; diyor Say\u0131n Baykal, hayrola, sizin kendi derin devletiniz mi var? Siz kendi iktidar\u0131n\u0131z d\u00f6neminde kendi derin devletinizi mi kurmu\u015ftunuz acaba.<\/p>\n<p style=\"text-align: justify;\">Meseleniz, T\u00fcrkiye&#8217;nin safralar\u0131ndan kurtulmas\u0131, temiz \u00e7\u0131kmas\u0131 de\u011fil de, sizin derin devletinize dokunulmas\u0131 m\u0131? Bu mu sizi rahats\u0131z ediyor? Bunu mu demek istiyorsunuz? Bizim devlet anlay\u0131\u015f\u0131m\u0131z tektir. Biz derin, s\u0131\u011f devlet kabul etmiyoruz, tan\u0131m\u0131yoruz, tek bir devlet var. Milletiyle, vatan\u0131yla kucakla\u015fm\u0131\u015f insan \u00f6ncelikli bir devlet, onun d\u0131\u015f\u0131nda da yap\u0131lanmaya \u00f6rg\u00fctlenmeye izin vermedik. Bundan sonra da vermeyece\u011fiz. \u0130stismarda vard\u0131klar\u0131 son nokta &#8217;10 Kas\u0131m da Atat\u00fcrk&#8217;\u00fcn \u00f6l\u00fcm d\u00f6n\u00fcm\u00fcnde bu meseleyi niye Meclis&#8217;e ta\u015f\u0131yorsunuz?&#8217; diyorlar. Bizim tarihle ilgili asla kast\u0131m\u0131z olamaz. 10 Kas\u0131m T\u00fcrkiye&#8217;de tatil de\u011fil, o g\u00fcn Meclis \u00e7al\u0131\u015f\u0131yor ve o g\u00fcn bir yas g\u00fcn\u00fc de de\u011fil.&#8221;<\/p>\n<p style=\"text-align: justify;\">Konu\u015fmas\u0131nda Atat\u00fcrk&#8217;\u00fcn &#8220;Benim na\u00e7iz v\u00fccudum nas\u0131l olsa bir g\u00fcn toprak olacakt\u0131r. Fakat T\u00fcrkiye Cumhuriyeti ebediyen ya\u015fayacakt\u0131r&#8221; dedi\u011fini de an\u0131msatan Ba\u015fbakan Erdo\u011fan, &#8220;Bu milletin de\u011ferlerinde \u00f6lenle \u00f6lmek yok. Tam aksine eserlerini ya\u015fatmak var. Ne diyor Atat\u00fcrk, &#8216;Yurtta Sulh Cihanda Sulh.&#8217; Bizim projemiz neyi ama\u00e7l\u0131yor? Yurtta sulhu ama\u00e7l\u0131yor. D\u00fcnya bar\u0131\u015f\u0131 i\u00e7in \u00e7\u0131k\u0131\u015f yap\u0131yorsunuz. Siz kendi yurdunuzda bar\u0131\u015f\u0131 temin edemedikten sonra, d\u00fcnya bar\u0131\u015f\u0131na katk\u0131n\u0131z olabilir mi? 10 Kas\u0131m&#8217;\u0131 \u00f6zellikle se\u00e7tik. &#8216;Yurtta Sulh Cihanda Sulh&#8217; anlay\u0131\u015f\u0131 ile bu projeyi bina etmek i\u00e7in&#8221; diye konu\u015ftu.<\/p>\n<p style=\"text-align: justify;\">Ba\u015fbakan Recep Tayyip Erdo\u011fan, her iki muhalefet liderinin de bu s\u00fcre\u00e7te ayn\u0131 \u015feyleri konu\u015ftu\u011funa i\u015faret ederek, &#8220;Hatta daha da ileri gitti, da\u011fdan da birisi bakt\u0131m bug\u00fcn onlara kat\u0131lm\u0131\u015f ayn\u0131s\u0131n\u0131 s\u00f6yl\u00fcyor. Demek ki, ba\u011flant\u0131lar \u00e7ok derin, bunu da g\u00f6rd\u00fck&#8221; dedi.<\/p>\n<p style=\"text-align: justify;\">10 Kas\u0131m g\u00fcn\u00fcn\u00fc \u00f6zellikle se\u00e7tiklerini yineleyen Ba\u015fbakan Erdo\u011fan, &#8220;Karde\u015fli\u011fimizin geli\u015fmesini arzulad\u0131\u011f\u0131m\u0131z i\u00e7in, biz o g\u00fcn\u00fc se\u00e7tik. Milli beraberlik i\u00e7in anlaml\u0131 oldu\u011fu i\u00e7in o g\u00fcn\u00fc se\u00e7tik. Akan kan dursun, g\u00f6zya\u015f\u0131 dinsin, ocaklara ate\u015f d\u00fc\u015fmesin diye, \u00fclke kayna\u015fs\u0131n diye o g\u00fcn\u00fc se\u00e7tik. \u00c7ok da iyi yapt\u0131k. Gayet g\u00fczel bir ba\u015flang\u0131\u00e7 olacak. Ve in\u015fallah bunu hep beraber g\u00f6rece\u011fiz&#8221; dedi.<\/p>\n<p style=\"text-align: justify;\">Erdo\u011fan, bu s\u00fcre\u00e7te \u00e7elik gibi sinirlere sahip olarak, sab\u0131rl\u0131, sa\u011fduyulu ve so\u011fuk kanl\u0131 davranacaklar\u0131n\u0131, hakaretlere ald\u0131rmayacaklar\u0131n\u0131 ve bu yoldan d\u00f6nmeyeceklerini belirterek, hedeflerinin bu s\u00fcreci tamamlamak oldu\u011funu s\u00f6yledi. Toplant\u0131ya Devlet Bakan\u0131 Hayati Yaz\u0131c\u0131, Devlet Bakan\u0131 ve Ba\u015fm\u00fczakereci Egemen Ba\u011f\u0131\u015f, K\u00fclt\u00fcr ve Turizm Bakan\u0131 Ertu\u011frul G\u00fcnay, AK Parti Genel Ba\u015fkan Yard\u0131mc\u0131s\u0131 Abd\u00fclkadir Aksu ve \u00e7ok say\u0131da partili kat\u0131ld\u0131.<\/p>\n<p style=\"text-align: justify;\"><span style=\"color: #888888;\">CNN T\u00dcRK<\/span><\/p>\n","protected":false},"excerpt":{"rendered":"<\/p>\n<p style=\"text-align: justify;\">Ba\u015fbakan Recep Tayyip Erdo\u011fan&#8217;\u0131n hedefinde muhalefet vard\u0131. G\u00fcndeminde hem a\u00e7\u0131l\u0131m s\u00fcreci, hem Devlet Bah\u00e7eli&#8217;nin kurultay \u00f6ncesi a\u00e7\u0131klamalar\u0131 hem de Deniz Baykal&#8217;\u0131n Erdo\u011fan&#8217;a y\u00f6nelik s\u00f6zleri vard\u0131.<\/p>\n<p style=\"text-align: justify;\">Erdo\u011fan, partisinin S\u00fctl\u00fcce Kongre ve K\u00fclt\u00fcr Merkezi&#8217;nde ger\u00e7ekle\u015fen \u0130stanbul \u0130l Dan\u0131\u015fma Meclisi&#8217;nde yapt\u0131\u011f\u0131 konu\u015fmada, AK Parti&#8217;nin 7 y\u0131l gibi k\u0131sa bir s\u00fcrede T\u00fcrkiye&#8217;yi h\u0131zla geli\u015fen <\/p>\n","protected":false},"author":1,"featured_media":0,"comment_status":"open","ping_status":"closed","sticky":false,"template":"","format":"standard","meta":{"footnotes":""},"categories":[105],"tags":[],"class_list":["post-16371","post","type-post","status-publish","format-standard","hentry","category-gundem","odd"],"_links":{"self":[{"href":"http:\/\/www.korhanyilmaz.com\/index.php?rest_route=\/wp\/v2\/posts\/16371","targetHints":{"allow":["GET"]}}],"collection":[{"href":"http:\/\/www.korhanyilmaz.com\/index.php?rest_route=\/wp\/v2\/posts"}],"about":[{"href":"http:\/\/www.korhanyilmaz.com\/index.php?rest_route=\/wp\/v2\/types\/post"}],"author":[{"embeddable":true,"href":"http:\/\/www.korhanyilmaz.com\/index.php?rest_route=\/wp\/v2\/users\/1"}],"replies":[{"embeddable":true,"href":"http:\/\/www.korhanyilmaz.com\/index.php?rest_route=%2Fwp%2Fv2%2Fcomments&post=16371"}],"version-history":[{"count":0,"href":"http:\/\/www.korhanyilmaz.com\/index.php?rest_route=\/wp\/v2\/posts\/16371\/revisions"}],"wp:attachment":[{"href":"http:\/\/www.korhanyilmaz.com\/index.php?rest_route=%2Fwp%2Fv2%2Fmedia&parent=16371"}],"wp:term":[{"taxonomy":"category","embeddable":true,"href":"http:\/\/www.korhanyilmaz.com\/index.php?rest_route=%2Fwp%2Fv2%2Fcategories&post=16371"},{"taxonomy":"post_tag","embeddable":true,"href":"http:\/\/www.korhanyilmaz.com\/index.php?rest_route=%2Fwp%2Fv2%2Ftags&post=16371"}],"curies":[{"name":"wp","href":"https:\/\/api.w.org\/{rel}","templated":true}]}}