{"id":16359,"date":"2009-11-06T20:40:05","date_gmt":"2009-11-06T18:40:05","guid":{"rendered":"http:\/\/www.korhanyilmaz.com\/?p=16359"},"modified":"2009-11-06T20:40:05","modified_gmt":"2009-11-06T18:40:05","slug":"eve-donus-mahmur-kampi-ile-surecek","status":"publish","type":"post","link":"http:\/\/www.korhanyilmaz.com\/?p=16359","title":{"rendered":"Eve d\u00f6n\u00fc\u015f Mahmur Kamp\u0131 ile s\u00fcrecek"},"content":{"rendered":"<p style=\"text-align: center;\"><a href=\"http:\/\/www.korhanyilmaz.com\/wp-content\/uploads\/2009\/11\/evedonus.jpg\"  class=\"lightview\"><img loading=\"lazy\" decoding=\"async\" class=\"aligncenter size-full wp-image-16360\" src=\"http:\/\/www.korhanyilmaz.com\/wp-content\/uploads\/2009\/11\/evedonus.jpg\" alt=\"\" width=\"307\" height=\"236\" \/><\/a><\/p>\n<p style=\"text-align: justify;\">Eve d\u00f6n\u00fc\u015fler yeniden ba\u015fl\u0131yor. Mahmur Kamp\u0131&#8217;ndan bir grubun k\u0131sa bir s\u00fcre i\u00e7inde T\u00fcrkiye&#8217;ye gelmesi bekleniyor. H\u00fck\u00fcmet \u00e7evrelerine g\u00f6re bu kez Habur&#8217;dakine benzer g\u00f6r\u00fcnt\u00fcler ya\u015fanmayacak.<\/p>\n<p style=\"text-align: justify;\">CNN T\u00dcRK muhabiri Melek Erhan&#8217;\u0131n haberine g\u00f6re verilen ara bitiyor.<\/p>\n<p style=\"text-align: justify;\">Mahmur&#8217;dan gelmesi beklenen grupta su\u00e7a kar\u0131\u015fmam\u0131\u015f olanlar yer alacak. Bu grubun i\u00e7inde Kandil&#8217;den de isimler olabilece\u011fi belirtiliyor. <!--more--><\/p>\n<p style=\"text-align: justify;\">H\u00fck\u00fcmet \u00e7evreleri &#8220;Habur&#8217;daki g\u00f6r\u00fcnt\u00fclere izin verilmeyecek. Bunun i\u00e7in her t\u00fcrl\u00fc \u00f6nlem al\u0131n\u0131yor&#8221; ifadelerini kullan\u0131yor.<\/p>\n<p style=\"text-align: justify;\">Eve d\u00f6n\u00fc\u015flerle  amac\u0131n Mahmur Kamp\u0131&#8217;n\u0131n tamamen bo\u015falt\u0131lmas\u0131 oldu\u011fu anlat\u0131l\u0131yor. 12 bin ki\u015fiye g\u00f6re haz\u0131rl\u0131k yap\u0131ld\u0131\u011f\u0131 da ifade ediliyor.<\/p>\n<p style=\"text-align: justify;\">\u00d6te yandan a\u00e7\u0131l\u0131m \u00e7al\u0131\u015fmalar\u0131 10 Kas\u0131m Sal\u0131 g\u00fcn\u00fc Meclis&#8217;te ele al\u0131nacak. \u00d6n g\u00f6r\u00fc\u015fmede \u0130\u00e7i\u015fleri Bakan\u0131 Be\u015fir Atalay konu\u015facak.<\/p>\n<p style=\"text-align: justify;\">AK Parti \u00f6n g\u00f6r\u00fc\u015fmenin uzun s\u00fcrebilece\u011finden hareketle, genel g\u00f6r\u00fc\u015fmenin cumaya da kalabilece\u011fini hesapl\u0131yor.<\/p>\n<p style=\"text-align: justify;\">Genel g\u00f6r\u00fc\u015fmede ise Ba\u015fbakan Erdo\u011fan konu\u015facak. Erdo\u011fan&#8217;\u0131n da eve d\u00f6n\u00fc\u015flere vurgu yapmas\u0131 ve \u00e7a\u011fr\u0131da bulunmas\u0131 bekleniyor.<\/p>\n<p style=\"text-align: justify;\"><span style=\"color: #888888;\">Melek Erhan &#8211; CNN T\u00dcRK<\/span><\/p>\n","protected":false},"excerpt":{"rendered":"<p style=\"text-align: center;\">\n<p style=\"text-align: justify;\">Eve d\u00f6n\u00fc\u015fler yeniden ba\u015fl\u0131yor. Mahmur Kamp\u0131&#8217;ndan bir grubun k\u0131sa bir s\u00fcre i\u00e7inde T\u00fcrkiye&#8217;ye gelmesi bekleniyor. H\u00fck\u00fcmet \u00e7evrelerine g\u00f6re bu kez Habur&#8217;dakine benzer g\u00f6r\u00fcnt\u00fcler ya\u015fanmayacak.<\/p>\n<p style=\"text-align: justify;\">CNN T\u00dcRK muhabiri Melek Erhan&#8217;\u0131n haberine g\u00f6re verilen ara bitiyor.<\/p>\n<p style=\"text-align: justify;\">Mahmur&#8217;dan gelmesi beklenen grupta su\u00e7a kar\u0131\u015fmam\u0131\u015f olanlar yer alacak. Bu grubun i\u00e7inde <\/p>\n","protected":false},"author":1,"featured_media":0,"comment_status":"open","ping_status":"closed","sticky":false,"template":"","format":"standard","meta":{"footnotes":""},"categories":[105],"tags":[],"class_list":["post-16359","post","type-post","status-publish","format-standard","hentry","category-gundem","odd"],"_links":{"self":[{"href":"http:\/\/www.korhanyilmaz.com\/index.php?rest_route=\/wp\/v2\/posts\/16359","targetHints":{"allow":["GET"]}}],"collection":[{"href":"http:\/\/www.korhanyilmaz.com\/index.php?rest_route=\/wp\/v2\/posts"}],"about":[{"href":"http:\/\/www.korhanyilmaz.com\/index.php?rest_route=\/wp\/v2\/types\/post"}],"author":[{"embeddable":true,"href":"http:\/\/www.korhanyilmaz.com\/index.php?rest_route=\/wp\/v2\/users\/1"}],"replies":[{"embeddable":true,"href":"http:\/\/www.korhanyilmaz.com\/index.php?rest_route=%2Fwp%2Fv2%2Fcomments&post=16359"}],"version-history":[{"count":0,"href":"http:\/\/www.korhanyilmaz.com\/index.php?rest_route=\/wp\/v2\/posts\/16359\/revisions"}],"wp:attachment":[{"href":"http:\/\/www.korhanyilmaz.com\/index.php?rest_route=%2Fwp%2Fv2%2Fmedia&parent=16359"}],"wp:term":[{"taxonomy":"category","embeddable":true,"href":"http:\/\/www.korhanyilmaz.com\/index.php?rest_route=%2Fwp%2Fv2%2Fcategories&post=16359"},{"taxonomy":"post_tag","embeddable":true,"href":"http:\/\/www.korhanyilmaz.com\/index.php?rest_route=%2Fwp%2Fv2%2Ftags&post=16359"}],"curies":[{"name":"wp","href":"https:\/\/api.w.org\/{rel}","templated":true}]}}