{"id":16356,"date":"2009-11-07T00:01:10","date_gmt":"2009-11-06T22:01:10","guid":{"rendered":"http:\/\/www.korhanyilmaz.com\/?p=16356"},"modified":"2009-11-07T00:01:10","modified_gmt":"2009-11-06T22:01:10","slug":"erdogan-tukurdugumu-yalamam","status":"publish","type":"post","link":"http:\/\/www.korhanyilmaz.com\/?p=16356","title":{"rendered":"Erdo\u011fan: &#039;T\u00fck\u00fcrd\u00fc\u011f\u00fcm\u00fc yalamam&#039;"},"content":{"rendered":"<p style=\"text-align: center;\"><a href=\"http:\/\/www.korhanyilmaz.com\/wp-content\/uploads\/2009\/11\/ERDOGAN.jpg\"  class=\"lightview\"><img loading=\"lazy\" decoding=\"async\" class=\"aligncenter size-full wp-image-16357\" src=\"http:\/\/www.korhanyilmaz.com\/wp-content\/uploads\/2009\/11\/ERDOGAN.jpg\" alt=\"\" width=\"307\" height=\"236\" \/><\/a><\/p>\n<p style=\"text-align: justify;\">Ba\u015fbakan Recep Tayyip Erdo\u011fan, 2011 y\u0131l\u0131nda son kez milletvekilli\u011fine aday olaca\u011f\u0131n\u0131 belirterek, &#8220;Ben t\u00fck\u00fcrd\u00fc\u011f\u00fcm\u00fc yalamam. 2011&#8217;de Allah \u00f6m\u00fcr verirse benim son milletvekilli\u011fi adayl\u0131\u011f\u0131m olacak. Birileri gibi orada da \u00e7ak\u0131l\u0131p kalmam&#8221; dedi.<\/p>\n<p style=\"text-align: justify;\">Gelecek projeleriyle ilgili de ipu\u00e7lar\u0131 veren Erdo\u011fan &#8220;Ama\u00e7 millete hizmet etmekse vakf\u0131n ba\u015f\u0131na ge\u00e7ersiniz. Oradan da hizmet edersiniz&#8221; dedi. <!--more--><\/p>\n<p style=\"text-align: justify;\">Erdo\u011fan, AKM binas\u0131nda restorasyon veya g\u00fc\u00e7lendirme yap\u0131lmayaca\u011f\u0131n\u0131, kendisinin o binan\u0131n y\u0131k\u0131l\u0131p, yeniden in\u015fa edilmesini istedi\u011fini dile getirdi.<\/p>\n<p style=\"text-align: justify;\">Ba\u015fbakan Recep Tayyip Erdo\u011fan, \u0130stanbul Kongre Merkezi Harbiye Salonu&#8217;nda  bu y\u0131l ikincisi d\u00fczenlenen \u0130stanbul Turizm \u00d6d\u00fclleri t\u00f6renine e\u015fi Emine Erdo\u011fan&#8217;la kat\u0131ld\u0131.<\/p>\n<p style=\"text-align: justify;\">T\u00f6rende Erdo\u011fan&#8217;a turizme yapt\u0131\u011f\u0131 katk\u0131lardan dolay\u0131 \u015f\u00fckran plaketi verildi. Konu\u015fmas\u0131nda  siyasi ya\u015fam\u0131 ile ilgili ilgin\u00e7 a\u00e7\u0131klamalarda bulunan Erdo\u011fan, &#8220;Marifet iltifata tabidir. \u0130ltifats\u0131z marifet zayidir. Gelin beraber yapal\u0131m. K\u0131skan\u00e7 olman\u0131n manas\u0131 yok&#8221; dedi.<\/p>\n<p style=\"text-align: justify;\">&#8220;Biz bu g\u00fcn var\u0131z yar\u0131n yokuz&#8221; diyen Erdo\u011fan, &#8220;Kimler geldi kimler ge\u00e7ti. 2011&#8217;de Allah \u00f6m\u00fcr verirse benim son milletvekilli\u011fi adayl\u0131\u011f\u0131m olacak. Ben t\u00fck\u00fcrd\u00fc\u011f\u00fcm\u00fc yalamam onu da s\u00f6yleyeyim. Ve partimin t\u00fcz\u00fc\u011f\u00fcnde de bu b\u00f6yledir. Gere\u011fini yapar\u0131m ve birileri gibi orada da \u00e7ak\u0131l\u0131p kalmam. Millete hizmet etmekse sadece politikada olmuyor. Vakf\u0131n ba\u015f\u0131na ge\u00e7ersiniz oradan da hizmet edersiniz&#8221; dedi.<\/p>\n<p style=\"text-align: justify;\">D\u00fcnyada bunun \u00e7e\u015fitli \u00f6rneklerinin bulundu\u011funu da belirten Erdo\u011fan &#8220;Ne yaz\u0131k ki bizde yok. Bak\u0131yorsunuz k\u0131y\u0131da k\u00f6\u015fede rahat durmuyorlar&#8221; dedi.<\/p>\n<p style=\"text-align: justify;\">Konu\u015fmas\u0131nda Atat\u00fcrk K\u00fclt\u00fcr Merkezi&#8217;nin (AKM) y\u0131k\u0131lmas\u0131n\u0131 istedi\u011fini belirten Erdo\u011fan, &#8220;\u015eu hali ile AKM&#8217;yi be\u011feniyor musunuz?&#8221; diye sordu.<\/p>\n<p style=\"text-align: justify;\">&#8220;Samimi olal\u0131m&#8221; diyen Erdo\u011fan, &#8220;Yapal\u0131m bir ara\u015ft\u0131rma, g\u00f6receksiniz milletin b\u00fcy\u00fck \u00e7o\u011funlu\u011fu be\u011fenmeyecek. Etkinlik yap\u0131lsa park edecek yer yok. Salonlar\u0131n adedini artt\u0131ral\u0131m dedik. Dediler ki &#8216;\u0130stemez\u00fck&#8217;. Ve \u015fu an \u00f6yle duruyor. Ben de Ertu\u011frul Bey&#8217;e (K\u00fclt\u00fcr ve Turizm Bakan\u0131 Ertu\u011frul G\u00fcnay) diyorum. &#8216;Hi\u00e7 dokunma \u00f6yle kals\u0131n&#8217;. \u00c7\u00fcnk\u00fc orda ben g\u00fc\u00e7lendirme, restorasyona raz\u0131 de\u011filim. Oray\u0131 y\u0131k\u0131p yeniden yapmak, arkadaki b\u00fct\u00fcn alanlar\u0131 da oraya katmak gerekir. Ben israftan yana de\u011filim&#8221; dedi.<\/p>\n<p style=\"text-align: justify;\"><span style=\"color: #888888;\">CNN T\u00dcRK<\/span><\/p>\n","protected":false},"excerpt":{"rendered":"<p style=\"text-align: center;\">\n<p style=\"text-align: justify;\">Ba\u015fbakan Recep Tayyip Erdo\u011fan, 2011 y\u0131l\u0131nda son kez milletvekilli\u011fine aday olaca\u011f\u0131n\u0131 belirterek, &#8220;Ben t\u00fck\u00fcrd\u00fc\u011f\u00fcm\u00fc yalamam. 2011&#8217;de Allah \u00f6m\u00fcr verirse benim son milletvekilli\u011fi adayl\u0131\u011f\u0131m olacak. Birileri gibi orada da \u00e7ak\u0131l\u0131p kalmam&#8221; dedi.<\/p>\n<p style=\"text-align: justify;\">Gelecek projeleriyle ilgili de ipu\u00e7lar\u0131 veren Erdo\u011fan &#8220;Ama\u00e7 millete hizmet etmekse vakf\u0131n ba\u015f\u0131na ge\u00e7ersiniz. Oradan da hizmet <\/p>\n","protected":false},"author":1,"featured_media":0,"comment_status":"open","ping_status":"closed","sticky":false,"template":"","format":"standard","meta":{"footnotes":""},"categories":[105],"tags":[],"class_list":["post-16356","post","type-post","status-publish","format-standard","hentry","category-gundem","odd"],"_links":{"self":[{"href":"http:\/\/www.korhanyilmaz.com\/index.php?rest_route=\/wp\/v2\/posts\/16356","targetHints":{"allow":["GET"]}}],"collection":[{"href":"http:\/\/www.korhanyilmaz.com\/index.php?rest_route=\/wp\/v2\/posts"}],"about":[{"href":"http:\/\/www.korhanyilmaz.com\/index.php?rest_route=\/wp\/v2\/types\/post"}],"author":[{"embeddable":true,"href":"http:\/\/www.korhanyilmaz.com\/index.php?rest_route=\/wp\/v2\/users\/1"}],"replies":[{"embeddable":true,"href":"http:\/\/www.korhanyilmaz.com\/index.php?rest_route=%2Fwp%2Fv2%2Fcomments&post=16356"}],"version-history":[{"count":0,"href":"http:\/\/www.korhanyilmaz.com\/index.php?rest_route=\/wp\/v2\/posts\/16356\/revisions"}],"wp:attachment":[{"href":"http:\/\/www.korhanyilmaz.com\/index.php?rest_route=%2Fwp%2Fv2%2Fmedia&parent=16356"}],"wp:term":[{"taxonomy":"category","embeddable":true,"href":"http:\/\/www.korhanyilmaz.com\/index.php?rest_route=%2Fwp%2Fv2%2Fcategories&post=16356"},{"taxonomy":"post_tag","embeddable":true,"href":"http:\/\/www.korhanyilmaz.com\/index.php?rest_route=%2Fwp%2Fv2%2Ftags&post=16356"}],"curies":[{"name":"wp","href":"https:\/\/api.w.org\/{rel}","templated":true}]}}