{"id":16351,"date":"2009-11-06T20:48:10","date_gmt":"2009-11-06T18:48:10","guid":{"rendered":"http:\/\/www.korhanyilmaz.com\/?p=16351"},"modified":"2009-11-06T20:48:10","modified_gmt":"2009-11-06T18:48:10","slug":"devlet-bahceliden-sok-iddia","status":"publish","type":"post","link":"http:\/\/www.korhanyilmaz.com\/?p=16351","title":{"rendered":"Devlet Bah\u00e7eli&#039;den \u015fok iddia!"},"content":{"rendered":"<p style=\"text-align: center;\"><a href=\"http:\/\/www.korhanyilmaz.com\/wp-content\/uploads\/2009\/11\/bahceli3.jpg\"  class=\"lightview\"><img loading=\"lazy\" decoding=\"async\" class=\"aligncenter size-full wp-image-16352\" src=\"http:\/\/www.korhanyilmaz.com\/wp-content\/uploads\/2009\/11\/bahceli3.jpg\" alt=\"\" width=\"307\" height=\"236\" \/><\/a><\/p>\n<p style=\"text-align: justify;\">MHP, b\u00fcy\u00fck kongresi \u00f6ncesi Devlet Bah\u00e7eli h\u00fck\u00fcmeti su\u00e7lad\u0131. Bah\u00e7eli, h\u00fck\u00fcmetin elindeki kamu g\u00fcc\u00fcn\u00fc kullanarak kurultay\u0131n huzurunu bozaca\u011f\u0131na dair g\u00fc\u00e7l\u00fc emareler oldu\u011funu ileri s\u00fcrd\u00fc. Bah\u00e7eli, &#8220;ya\u015fanacak muhtemel olumsuzluklar\u0131n sorumlulu\u011fu h\u00fck\u00fcmete ait olacakt\u0131r&#8221; dedi.<\/p>\n<p style=\"text-align: justify;\">MHP Genel Ba\u015fkan\u0131 Devlet Bah\u00e7eli, &#8220;Karanl\u0131k ili\u015fkiler i\u00e7indeki \u015fah\u0131slar\u0131n, kazan\u00e7lar\u0131n\u0131n kayna\u011f\u0131n\u0131 a\u00e7\u0131klayamayan ki\u015filerin, yabanc\u0131 \u00fclkelerle ticaretin de \u00fcst\u00fcnde \u00f6zel ve ku\u015fkulu bir yak\u0131nla\u015fma ve i\u015fbirli\u011fi geli\u015ftirenlerin, Milliyet\u00e7i Hareket Partisinde hangi seviyede olursa olsun asla yerlerinin olmayaca\u011f\u0131n\u0131&#8221; bildirdi. <!--more--><\/p>\n<p style=\"text-align: justify;\">Bah\u00e7eli, &#8220;H\u00fck\u00fcmet&#8217;in elindeki kamu g\u00fcc\u00fcn\u00fc kullanarak MHP Kurultay\u0131&#8217;n\u0131n huzurunu bozmay\u0131, partinin vakar\u0131na zarar vermeyi, mensuplar\u0131n\u0131 tahrik etmeyi ve bu yolla siyasal kazan\u00e7 sa\u011flamay\u0131 planlad\u0131\u011f\u0131na dair g\u00fc\u00e7l\u00fc emareler al\u0131nd\u0131\u011f\u0131n\u0131&#8221; a\u00e7\u0131klad\u0131.<\/p>\n<p style=\"text-align: justify;\">Bah\u00e7eli, partisinin &#8220;9. Ola\u011fan B\u00fcy\u00fck Kurultay s\u00fcrecine d\u0131\u015far\u0131dan m\u00fcdahil olma niyetlerine&#8221; ili\u015fkin yaz\u0131l\u0131 bir a\u00e7\u0131klama yapt\u0131.<\/p>\n<p style=\"text-align: justify;\">Kurultay\u0131n, T\u00fcrkiye&#8217;nin \u00e7ok a\u011f\u0131r bunal\u0131mlar\u0131 ya\u015fad\u0131\u011f\u0131 ve milletin bekas\u0131n\u0131n a\u011f\u0131r tehditlere maruz kald\u0131\u011f\u0131 bir d\u00f6nemde ger\u00e7ekle\u015ftirilece\u011fini kaydeden Bah\u00e7eli, toplant\u0131n\u0131n &#8220;sanc\u0131l\u0131 bir s\u00fcre\u00e7te bulunan T\u00fcrkiye i\u00e7in \u00f6nemi ve de\u011ferinin ortada oldu\u011funu&#8221; ifade etti.<\/p>\n<p style=\"text-align: justify;\">&#8220;Ba\u015fka ba\u015fkentlerde kurgulanm\u0131\u015f, y\u0131k\u0131m ve \u00e7\u00f6k\u00fc\u015f getirecek senaryolar\u0131n\u0131 uygulamakta ummad\u0131klar\u0131 bir tepki ve engelle kar\u015f\u0131la\u015fan mihraklar\u0131n, partimizi etkisiz hale getirmek i\u00e7in her yol, tuzak ve y\u00f6ntemi denemekten ba\u015fka \u00e7arelerinin kalmad\u0131\u011f\u0131 ortadad\u0131r&#8221; g\u00f6r\u00fc\u015f\u00fcn\u00fc dile getiren Bah\u00e7eli, &#8220;MHP&#8217;nin kongre s\u00fcrecini \u00f6nlemek, sabote etmek ve milliyet\u00e7i-\u00fclk\u00fcc\u00fc iradeyi etki alt\u0131na almak gibi y\u00fcr\u00fct\u00fclen b\u00fct\u00fcn \u00e7abalar\u0131n geride kalan s\u00fcre\u00e7te bo\u015fa \u00e7\u0131kart\u0131ld\u0131\u011f\u0131n\u0131&#8221; kaydetti.<\/p>\n<p style=\"text-align: justify;\">&#8220;H\u00fck\u00fcmet&#8217;in parti \u00fczerindeki oyunlar\u0131n\u0131n; fikri duru\u015fu, y\u00fcksek karakteri ve \u00fclk\u00fcleri son derece sa\u011flam olan delege yap\u0131s\u0131na s\u0131zmas\u0131na ve m\u00fcdahil olmas\u0131na f\u0131rsat vermedi\u011fini&#8221; ileri s\u00fcren Bah\u00e7eli, &#8220;Ard\u0131ndan, s\u00f6zde Genel Ba\u015fkan aday aday\u0131 olduklar\u0131n\u0131 ilan eden baz\u0131 \u015fah\u0131slar \u00fczerinden kongremizi baltalamak ve duru\u015fumuzu bozmak i\u00e7in yeni oyunlar sergilenmek istenmi\u015f ama bunlar da bo\u015fa \u00e7\u0131kart\u0131lm\u0131\u015ft\u0131r&#8221; iddias\u0131nda bulundu.<\/p>\n<p style=\"text-align: justify;\"><strong><em>H\u00fck\u00fcmete sert su\u00e7lama <\/em><\/strong><\/p>\n<p style=\"text-align: justify;\">MHP&#8217;ye y\u00f6netici olmak gibi &#8220;\u015ferefli&#8221; bir talebin hukuki ve manevi \u015fartlar\u0131 ve esaslar\u0131n\u0131n belli oldu\u011funu vurgulayan Bah\u00e7eli, a\u00e7\u0131klamas\u0131nda &#8220;Karanl\u0131k ili\u015fkiler i\u00e7indeki \u015fah\u0131slar\u0131n, kazan\u00e7lar\u0131n\u0131n kayna\u011f\u0131n\u0131 a\u00e7\u0131klayamayan ki\u015filerin, yabanc\u0131 \u00fclkelerle ticaretin de \u00fcst\u00fcnde \u00f6zel ve ku\u015fkulu bir yak\u0131nla\u015fma ve i\u015fbirli\u011fi geli\u015ftirenlerin, Milliyet\u00e7i Hareket Partisinde hangi seviyede olursa olsun asla yerleri olmayacakt\u0131r&#8221; dedi.<\/p>\n<p style=\"text-align: justify;\">Kongrenin, &#8220;partinin k\u0131rk y\u0131ll\u0131k tarihindeki vakara uygun olarak ve demokratik kurallar\u0131n i\u00e7inde huzur ve esenlikle sonu\u00e7lanaca\u011f\u0131n\u0131&#8221; vurgulayan Bah\u00e7eli, bu konuda b\u00fct\u00fcn haz\u0131rl\u0131klar\u0131n\u0131n tamamland\u0131\u011f\u0131n\u0131 bildirdi. Bah\u00e7eli, a\u00e7\u0131klamas\u0131nda \u015fu hususlara iddialar\u0131 yer verdi:<\/p>\n<p style=\"text-align: justify;\">&#8220;Ancak, H\u00fck\u00fcmet&#8217;in elindeki kamu g\u00fcc\u00fcn\u00fc kullanarak kurultay\u0131m\u0131z\u0131n huzurunu bozmay\u0131, partimizin vakar\u0131na zarar vermeyi, mensuplar\u0131m\u0131z\u0131 tahrik etmeyi ve bu yolla siyasal kazan\u00e7 sa\u011flamay\u0131 planlad\u0131\u011f\u0131na dair g\u00fc\u00e7l\u00fc emareler al\u0131nm\u0131\u015ft\u0131r. Milliyet\u00e7i Hareket Partisi ilkeleri belli olan, \u00e7izgisi k\u0131r\u0131lmam\u0131\u015f, kadrolar\u0131 kararl\u0131 ve inan\u00e7l\u0131 bir siyasal harekettir. Bu kadrolar, tercihlerini hi\u00e7bir telkin ve tesire bakmaks\u0131z\u0131n, yaln\u0131zca kendi iradeleri ile belirler ve y\u00f6neticilerini tamamen kendi kadrolar\u0131 i\u00e7inden se\u00e7erler. Yine ayn\u0131 \u015fekilde olaca\u011f\u0131 kesin ve a\u00e7\u0131kt\u0131r. Ancak, ba\u015fta H\u00fck\u00fcmet olmak \u00fczere, hangi mihrak ve odaklar olursa olsun bu muhte\u015fem iradeye m\u00fcdahaleye yeltenmeleri halinde Milliyet\u00e7i Hareket Partisi mensuplar\u0131n\u0131n verecekleri kar\u015f\u0131l\u0131\u011f\u0131n muhataplar\u0131nda a\u011f\u0131r siyasi sonu\u00e7lar do\u011furaca\u011f\u0131n\u0131n bilinmesini isterim.&#8221;<\/p>\n<p style=\"text-align: justify;\">B\u00fct\u00fcn tedbirlerine ra\u011fmen, kongrede ya\u015fanmas\u0131 muhtemel olumsuzluklar\u0131n sorumlulu\u011funun Adalet Ve Kalk\u0131nma Partisi H\u00fck\u00fcmeti&#8217;ne ve g\u00f6revlendirdi\u011fi emniyet mensuplar\u0131na ait olaca\u011f\u0131&#8221; g\u00f6r\u00fc\u015f\u00fcn\u00fc savunan Bah\u00e7eli, &#8220;Ve b\u00f6ylesi bir huzursuzlu\u011fun partimizin en b\u00fcy\u00fck temsil ortam\u0131nda ger\u00e7ekle\u015fmesi halinde Adalet ve Kalk\u0131nma Partisi H\u00fck\u00fcmeti bunun sonu\u00e7lar\u0131na katlanacakt\u0131r. H\u00fck\u00fcmet&#8217;in deste\u011fi, himayesi ve zorlamas\u0131 milliyet\u00e7i-\u00fclk\u00fcc\u00fc iradenin kabul edemeyece\u011fi komplonun, k\u0131\u015fk\u0131rtman\u0131n veya tart\u0131\u015fman\u0131n ya\u015fat\u0131lmas\u0131 halinde, bu tarihten itibaren AKP&#8217;nin yurt \u00e7ap\u0131ndaki hi\u00e7bir toplant\u0131s\u0131n\u0131n huzur ve emniyet i\u00e7erisinde yap\u0131lmas\u0131n\u0131n g\u00fcvencesi olmayacakt\u0131r&#8221; iddias\u0131n\u0131 dile getirdi.<\/p>\n<p style=\"text-align: justify;\"><strong><em>MHP kongresi 8 Kas\u0131m Pazar g\u00fcn\u00fc yap\u0131lacak. <\/em><\/strong><\/p>\n<p style=\"text-align: justify;\">Devlet Bah\u00e7eli&#8217;nin yan\u0131s\u0131ra T\u00fcrkiye Tohumcular Birli\u011fi Genel Ba\u015fkan\u0131 Hakk\u0131 \u015eafak Ses ile i\u015fadam\u0131 Ahmet Reyiz Y\u0131lmaz genel ba\u015fkanl\u0131k i\u00e7in aday olacaklar\u0131n\u0131 duyuran isimler.<\/p>\n<p style=\"text-align: justify;\"><span style=\"color: #888888;\">CNN T\u00dcRK<\/span><\/p>\n","protected":false},"excerpt":{"rendered":"<p style=\"text-align: center;\">\n<p style=\"text-align: justify;\">MHP, b\u00fcy\u00fck kongresi \u00f6ncesi Devlet Bah\u00e7eli h\u00fck\u00fcmeti su\u00e7lad\u0131. Bah\u00e7eli, h\u00fck\u00fcmetin elindeki kamu g\u00fcc\u00fcn\u00fc kullanarak kurultay\u0131n huzurunu bozaca\u011f\u0131na dair g\u00fc\u00e7l\u00fc emareler oldu\u011funu ileri s\u00fcrd\u00fc. Bah\u00e7eli, &#8220;ya\u015fanacak muhtemel olumsuzluklar\u0131n sorumlulu\u011fu h\u00fck\u00fcmete ait olacakt\u0131r&#8221; dedi.<\/p>\n<p style=\"text-align: justify;\">MHP Genel Ba\u015fkan\u0131 Devlet Bah\u00e7eli, &#8220;Karanl\u0131k ili\u015fkiler i\u00e7indeki \u015fah\u0131slar\u0131n, kazan\u00e7lar\u0131n\u0131n kayna\u011f\u0131n\u0131 a\u00e7\u0131klayamayan ki\u015filerin, yabanc\u0131 \u00fclkelerle ticaretin <\/p>\n","protected":false},"author":1,"featured_media":0,"comment_status":"open","ping_status":"closed","sticky":false,"template":"","format":"standard","meta":{"footnotes":""},"categories":[105],"tags":[],"class_list":["post-16351","post","type-post","status-publish","format-standard","hentry","category-gundem","odd"],"_links":{"self":[{"href":"http:\/\/www.korhanyilmaz.com\/index.php?rest_route=\/wp\/v2\/posts\/16351","targetHints":{"allow":["GET"]}}],"collection":[{"href":"http:\/\/www.korhanyilmaz.com\/index.php?rest_route=\/wp\/v2\/posts"}],"about":[{"href":"http:\/\/www.korhanyilmaz.com\/index.php?rest_route=\/wp\/v2\/types\/post"}],"author":[{"embeddable":true,"href":"http:\/\/www.korhanyilmaz.com\/index.php?rest_route=\/wp\/v2\/users\/1"}],"replies":[{"embeddable":true,"href":"http:\/\/www.korhanyilmaz.com\/index.php?rest_route=%2Fwp%2Fv2%2Fcomments&post=16351"}],"version-history":[{"count":0,"href":"http:\/\/www.korhanyilmaz.com\/index.php?rest_route=\/wp\/v2\/posts\/16351\/revisions"}],"wp:attachment":[{"href":"http:\/\/www.korhanyilmaz.com\/index.php?rest_route=%2Fwp%2Fv2%2Fmedia&parent=16351"}],"wp:term":[{"taxonomy":"category","embeddable":true,"href":"http:\/\/www.korhanyilmaz.com\/index.php?rest_route=%2Fwp%2Fv2%2Fcategories&post=16351"},{"taxonomy":"post_tag","embeddable":true,"href":"http:\/\/www.korhanyilmaz.com\/index.php?rest_route=%2Fwp%2Fv2%2Ftags&post=16351"}],"curies":[{"name":"wp","href":"https:\/\/api.w.org\/{rel}","templated":true}]}}