{"id":16347,"date":"2009-11-06T10:00:17","date_gmt":"2009-11-06T08:00:17","guid":{"rendered":"http:\/\/www.korhanyilmaz.com\/?p=16347"},"modified":"2009-11-06T10:00:17","modified_gmt":"2009-11-06T08:00:17","slug":"bulent-ecevit-dualarla-anildi","status":"publish","type":"post","link":"http:\/\/www.korhanyilmaz.com\/?p=16347","title":{"rendered":"B\u00fclent Ecevit dualarla an\u0131ld\u0131"},"content":{"rendered":"<p style=\"text-align: center;\"><a href=\"http:\/\/www.korhanyilmaz.com\/wp-content\/uploads\/2009\/11\/ecevit.jpg\"  class=\"lightview\"><img loading=\"lazy\" decoding=\"async\" class=\"aligncenter size-full wp-image-16348\" src=\"http:\/\/www.korhanyilmaz.com\/wp-content\/uploads\/2009\/11\/ecevit.jpg\" alt=\"\" width=\"450\" height=\"225\" \/><\/a><\/p>\n<p style=\"text-align: justify;\">ESK\u0130 Ba\u015fbakanlardan B\u00fclent Ecevit, \u00f6l\u00fcm\u00fcn\u00fcn 3. y\u0131l d\u00f6n\u00fcm\u00fcnde devlet mezarl\u0131\u011f\u0131ndaki kabri ba\u015f\u0131nda an\u0131ld\u0131. Rah\u015fan Ecevit\u2019e, Rauf Denkta\u015f, Hikmet Sami T\u00fcrk, Y\u0131lmaz B\u00fcy\u00fcker\u015fen ve gazeteci Hulki Cevizo\u011flu e\u015flik etti.<\/p>\n<p style=\"text-align: justify;\">DENKTA\u015e, \u201cNe hissediyorsunuz?\u201d sorusuna \u015fu cevab\u0131 verdi: Siz, h\u00fcrriyetinizi kurtaran\u0131n\u0131z\u0131 kaybetti\u011finiz zaman ne duygu i\u00e7inde oluyorsan\u0131z ben de o duygu i\u00e7indeyim. Ecevit\u2019in kararl\u0131l\u0131\u011f\u0131 olmasa K\u0131br\u0131s\u2019ta tek T\u00fcrk kalmazd\u0131&#8230; <!--more--><\/p>\n<p style=\"text-align: justify;\"><strong><em>Ecevit\u2019e anma t\u00f6reni<\/em><\/strong><\/p>\n<p style=\"text-align: justify;\">Eski Ba\u015fbakanlardan B\u00fclent Ecevit\u2019in kabri ba\u015f\u0131nda d\u00fczenlenen t\u00f6renlere \u00e7ok say\u0131da partilinin yan\u0131s\u0131ra KKTC 1. Cumhurba\u015fkan\u0131 Denkta\u015f da kat\u0131ld\u0131<\/p>\n<p style=\"text-align: justify;\">Eski Ba\u015fbakanlardan B\u00fclent Ecevit, \u00f6l\u00fcm\u00fcn\u00fcn 3. y\u0131l d\u00f6n\u00fcm\u00fcnde devlet mezarl\u0131\u011f\u0131ndaki kabri ba\u015f\u0131nda an\u0131ld\u0131. DSP\u2019nin Kurucu Genel Ba\u015fkan\u0131 Rah\u015fan Ecevit, eski Adalet Bakan\u0131 Hikmet Sami T\u00fcrk, Eski\u015fehir B\u00fcy\u00fck\u015fehir Belediye Ba\u015fkan\u0131 Y\u0131lmaz B\u00fcy\u00fcker\u015fen\u2019in yan\u0131s\u0131ra KKTC 1. Cumhurba\u015fkan\u0131 Rauf Denkta\u015f, gazeteci Hulki Cevizo\u011flu, \u00e7ok say\u0131da partili ve vatanda\u015flar ile e\u015fi B\u00fclent Ecevit\u2019in mezar\u0131n\u0131 ziyaret etti. T\u00f6rende T\u00fcrkiye Muharip Gaziler Derne\u011fi \u00fcyeleri K\u0131br\u0131s ve Kore gazileri de yer ald\u0131. T\u00f6rene kat\u0131lan Rauf Denkta\u015f, gazetecilerin \u201cNe hissediyorsunuz?\u201d sorusu \u00fczerine \u201cSiz en yak\u0131n\u0131n\u0131z\u0131, can\u0131n\u0131z\u0131, h\u00fcrriyetinizi kurtaran\u0131n\u0131z\u0131 kaybetti\u011finiz zaman ne duygu i\u00e7inde oluyorsan\u0131z ben de o duygu i\u00e7indeyim. Ecevit\u2019in kararl\u0131l\u0131\u011f\u0131 olmasa bug\u00fcn K\u0131br\u0131s\u2019ta tek T\u00fcrk kalmazd\u0131. Ona \u015f\u00fckran borcumuzu \u00f6deyemeyiz\u201d diye konu\u015ftu. Rauf Denkta\u015f, Ecevit\u2019in mezar\u0131 ba\u015f\u0131nda yapt\u0131\u011f\u0131 konu\u015fmada ise Ecevit\u2019in ger\u00e7ekten halk\u00e7\u0131 oldu\u011funu s\u00f6yleyerek \u015f\u00f6yle dedi: \u201cOnun d\u00fc\u015f\u00fcnceleri uygulan\u0131yor olsayd\u0131 T\u00fcrkiye \u015fimdi \u00e7ok farkl\u0131 bir yerde olurdu ve hi\u00e7bir a\u00e7\u0131l\u0131ma gerek kalmazd\u0131\u201d dedi.<\/p>\n<p style=\"text-align: justify;\"><strong><em>Yoklu\u011fu hissediliyor<\/em><\/strong><\/p>\n<p style=\"text-align: justify;\">Hikmet Sami T\u00fcrk ise \u201cBug\u00fcn onun yoklu\u011fu her zamankinden daha \u00e7ok hissediliyor. Onun g\u00f6sterdi\u011fi do\u011frultuda hak\u00e7a bir d\u00fczeni ger\u00e7ekle\u015ftirmek i\u00e7in \u00e7al\u0131\u015fmak zorunday\u0131z\u201d diye konu\u015ftu. Konu\u015fmalar\u0131n ard\u0131ndan Ecevit\u2019in kabrine \u00e7elenk konularak 1 dakikal\u0131k sayg\u0131 duru\u015fu yap\u0131ld\u0131. \u0130stiklal Mar\u015f\u0131\u2019n\u0131n ard\u0131ndan Ecevit i\u00e7in dua okundu.<\/p>\n<p style=\"text-align: justify;\"><strong><em>Karao\u011flan\u2019\u0131n kendi sesinden \u015fiir dinletisi<\/em><\/strong><\/p>\n<p style=\"text-align: justify;\">Eski Ba\u015fbakanlardan B\u00fclent Ecevit\u2019i anma etkinlikleri kapsam\u0131nda, ba\u015fkentte panel ve \u201cEcevit Foto\u011fraflar\u0131\u201d sergisi d\u00fczenlendi. \u00c7a\u011fda\u015f Sanatlar Merkezi\u2019ndeki serginin a\u00e7\u0131l\u0131\u015f\u0131n\u0131, Rah\u015fan Ecevit ve KKTC\u2019nin 1. Cumhurba\u015fkan\u0131 Rauf Denkta\u015f yapt\u0131. Ecevit ve Denkta\u015f, a\u00e7\u0131l\u0131\u015f\u0131n ard\u0131ndan sergiyi gezdi. Sergi a\u00e7\u0131l\u0131\u015f\u0131n\u0131n ard\u0131ndan Ecevit\u2019in kendi sesinden \u015fiir dinletisi ve belgesel film g\u00f6sterimi yap\u0131ld\u0131. Daha sonra Hulki Cevizo\u011flu\u2019nun y\u00f6netti\u011fi panelde; Rauf Denkta\u015f, Prof. Dr. \u0130lber Ortayl\u0131, Do\u011fan H\u0131zlan, Hikmet Sami T\u00fcrk, Eski\u015fehir Belediye Ba\u015fkan\u0131 Y\u0131lmaz B\u00fcy\u00fcker\u015fen, Oktay Ek\u015fi ve Y\u00d6K \u00fcyesi Prof. Dr. Alpaslan I\u015f\u0131kl\u0131 birer konu\u015fma yapt\u0131.<\/p>\n<p style=\"text-align: justify;\"><span style=\"color: #888888;\">Haber Kayna\u011f\u0131 : <a href=\"http:\/\/www.yenicaggazetesi.com.tr\/haberdetay.php?hit=25897\" target=\"_blank\">yenicaggazetesi.com.tr<\/a><\/span><\/p>\n","protected":false},"excerpt":{"rendered":"<p style=\"text-align: center;\">\n<p style=\"text-align: justify;\">ESK\u0130 Ba\u015fbakanlardan B\u00fclent Ecevit, \u00f6l\u00fcm\u00fcn\u00fcn 3. y\u0131l d\u00f6n\u00fcm\u00fcnde devlet mezarl\u0131\u011f\u0131ndaki kabri ba\u015f\u0131nda an\u0131ld\u0131. Rah\u015fan Ecevit\u2019e, Rauf Denkta\u015f, Hikmet Sami T\u00fcrk, Y\u0131lmaz B\u00fcy\u00fcker\u015fen ve gazeteci Hulki Cevizo\u011flu e\u015flik etti.<\/p>\n<p style=\"text-align: justify;\">DENKTA\u015e, \u201cNe hissediyorsunuz?\u201d sorusuna \u015fu cevab\u0131 verdi: Siz, h\u00fcrriyetinizi kurtaran\u0131n\u0131z\u0131 kaybetti\u011finiz zaman ne duygu i\u00e7inde oluyorsan\u0131z ben de o duygu <\/p>\n","protected":false},"author":1,"featured_media":0,"comment_status":"open","ping_status":"closed","sticky":false,"template":"","format":"standard","meta":{"footnotes":""},"categories":[105],"tags":[],"class_list":["post-16347","post","type-post","status-publish","format-standard","hentry","category-gundem","odd"],"_links":{"self":[{"href":"http:\/\/www.korhanyilmaz.com\/index.php?rest_route=\/wp\/v2\/posts\/16347","targetHints":{"allow":["GET"]}}],"collection":[{"href":"http:\/\/www.korhanyilmaz.com\/index.php?rest_route=\/wp\/v2\/posts"}],"about":[{"href":"http:\/\/www.korhanyilmaz.com\/index.php?rest_route=\/wp\/v2\/types\/post"}],"author":[{"embeddable":true,"href":"http:\/\/www.korhanyilmaz.com\/index.php?rest_route=\/wp\/v2\/users\/1"}],"replies":[{"embeddable":true,"href":"http:\/\/www.korhanyilmaz.com\/index.php?rest_route=%2Fwp%2Fv2%2Fcomments&post=16347"}],"version-history":[{"count":0,"href":"http:\/\/www.korhanyilmaz.com\/index.php?rest_route=\/wp\/v2\/posts\/16347\/revisions"}],"wp:attachment":[{"href":"http:\/\/www.korhanyilmaz.com\/index.php?rest_route=%2Fwp%2Fv2%2Fmedia&parent=16347"}],"wp:term":[{"taxonomy":"category","embeddable":true,"href":"http:\/\/www.korhanyilmaz.com\/index.php?rest_route=%2Fwp%2Fv2%2Fcategories&post=16347"},{"taxonomy":"post_tag","embeddable":true,"href":"http:\/\/www.korhanyilmaz.com\/index.php?rest_route=%2Fwp%2Fv2%2Ftags&post=16347"}],"curies":[{"name":"wp","href":"https:\/\/api.w.org\/{rel}","templated":true}]}}