{"id":16343,"date":"2009-11-07T00:05:52","date_gmt":"2009-11-06T22:05:52","guid":{"rendered":"http:\/\/www.korhanyilmaz.com\/?p=16343"},"modified":"2009-11-07T00:05:52","modified_gmt":"2009-11-06T22:05:52","slug":"once-vatan-sonra-namus-gitti","status":"publish","type":"post","link":"http:\/\/www.korhanyilmaz.com\/?p=16343","title":{"rendered":"\u00d6nce vatan sonra namus gitti!.."},"content":{"rendered":"<p style=\"text-align: center;\"><a href=\"http:\/\/www.korhanyilmaz.com\/wp-content\/uploads\/2009\/11\/\u0131rak.jpg\"  class=\"lightview\"><img loading=\"lazy\" decoding=\"async\" class=\"aligncenter size-full wp-image-16344\" src=\"http:\/\/www.korhanyilmaz.com\/wp-content\/uploads\/2009\/11\/\u0131rak.jpg\" alt=\"\" width=\"450\" height=\"225\" \/><\/a><\/p>\n<p style=\"text-align: justify;\">\u2018\u00d6ZG\u00dcRL\u00dcK ve demokrasi\u2019 diyerek Irak\u2019\u0131 i\u015fgal edip kan, g\u00f6zya\u015f\u0131 ve \u00f6l\u00fcm getiren Amerika, bir insanl\u0131k su\u00e7una da imza att\u0131. E\u015fleri \u00f6ld\u00fcr\u00fclen, \u0131rzlar\u0131na ge\u00e7ilen binlerce Irakl\u0131 kad\u0131n \u00e7aresizlikten k\u00f6t\u00fc yola d\u00fc\u015ft\u00fc.<\/p>\n<p style=\"text-align: justify;\">IRAKLI kad\u0131nlar\u0131n y\u00fcrek s\u0131zlatan dram\u0131, Filistin\u2019deki El Kuds gazetesine de yans\u0131d\u0131. Kendini satmak zorunda kalan Vedade Betrad adl\u0131 kad\u0131n, \u201cAilelerimizi ge\u00e7indirmek i\u00e7in \u00f6l\u00fcm\u00fc g\u00f6ze al\u0131p bu i\u015fi yap\u0131yoruz\u201d dedi. <!--more--><\/p>\n<p style=\"text-align: justify;\"><strong><em>ABD i\u015fgali fuhu\u015fa zorlad\u0131<\/em><\/strong><\/p>\n<p style=\"text-align: justify;\">Demokrasi ad\u0131na i\u015fgal edilen Irak\u2019ta kocalar\u0131 \u00f6ld\u00fcr\u00fclen binlerce kad\u0131n\u0131n \u00e7ocuklar\u0131n\u0131 ge\u00e7indirmek i\u00e7in k\u00f6t\u00fc yola d\u00fc\u015ft\u00fc\u011f\u00fc ortaya \u00e7\u0131kt\u0131. Kad\u0131nlar\u0131n anlatt\u0131klar\u0131 ya\u015fanan dram\u0131 t\u00fcm \u00e7\u0131plakl\u0131\u011f\u0131yla g\u00f6z \u00f6n\u00fcne seriyor.<\/p>\n<p style=\"text-align: justify;\">Amerikan g\u00fc\u00e7leri taraf\u0131ndan 2003 y\u0131l\u0131nda i\u015fgal edilen Irak\u2019ta dram \u00fcst\u00fcne dram ya\u015fan\u0131yor. \u0130\u015fgalle birlikte Irakl\u0131lar\u0131n \u00f6nce vatanlar\u0131n\u0131 sonra da namuslar\u0131n\u0131 kaybetti\u011fi ortaya \u00e7\u0131kt\u0131. \u00dclkede binlerce kad\u0131n\u0131n i\u015f bulamad\u0131\u011f\u0131 ve bu nedenle hayat kad\u0131nl\u0131\u011f\u0131 yapmak zorunda kald\u0131\u011f\u0131 belirtildi. Filistin\u2019deki El Kuds gazetesinde, Irak\u2019ta hayat kad\u0131n\u0131 olarak \u00e7al\u0131\u015fanlarla yap\u0131lan m\u00fclakatlarla olu\u015fturulan bir makalede, kocalar\u0131 i\u015fgalde \u00f6ld\u00fcr\u00fclen bir \u00e7ok kad\u0131n\u0131n ailelerini ge\u00e7indirmek i\u00e7in hayat kad\u0131nl\u0131\u011f\u0131 yapmaktan ba\u015fka \u00e7arelerinin olmad\u0131\u011f\u0131 kaydedildi. Bu kad\u0131nlardan biri olan Vedade Betrad adl\u0131 kad\u0131nla g\u00f6r\u00fc\u015fen muhabir, kad\u0131n\u0131n kocas\u0131n\u0131n \u00f6l\u00fcm\u00fcnden sonra, \u00fc\u00e7 k\u0131z\u0131na bakmak ve evin ihtiya\u00e7lar\u0131n\u0131 kar\u015f\u0131lamak i\u00e7in bir \u00e7ok i\u015f ba\u015fvurusu yapt\u0131\u011f\u0131n\u0131 ancak kad\u0131nlar\u0131n sadece fiziki olarak de\u011ferlendirildi\u011fini yazd\u0131.<\/p>\n<p style=\"text-align: justify;\"><strong><em>Durum k\u00f6t\u00fcye gidiyor<\/em><\/strong><\/p>\n<p style=\"text-align: justify;\">Amerikan i\u015fgali alt\u0131nda bulunan Irak\u2019ta i\u015f ararken k\u00f6t\u00fc yola d\u00fc\u015fen \u00e7ok fazla kad\u0131n oldu\u011funu ve i\u015fverenlerin de kad\u0131nlar\u0131n durumunu suiistimal etti\u011fini kaydeden Vedade Betrad, \u015funlar\u0131 s\u00f6yledi: \u201cAilemin ge\u00e7imini sa\u011flamak bana d\u00fc\u015f\u00fcyordu. \u0130\u015f ba\u015fvurular\u0131ndan bir sonu\u00e7 alamay\u0131nca ve durumuzun her g\u00fcn k\u00f6t\u00fcye gitmesinden dolay\u0131 hayat kad\u0131nl\u0131\u011f\u0131na ba\u015flad\u0131m. Irak\u2019ta binlerce kad\u0131n kendi ger\u00e7ek kimli\u011fini saklayarak hayat kad\u0131nl\u0131\u011f\u0131 yap\u0131yor.\u201d Kad\u0131nlar\u0131n \u00e7ok zor i\u015f bulabildi\u011fini s\u00f6yleyen ve h\u00fck\u00fcmetin destek vermesini isteyen Vedade Betrad, \u201cAilelerimiz ge\u00e7indirmek i\u00e7in \u00f6l\u00fcm\u00fc g\u00f6ze alarak bu i\u015fi yap\u0131yoruz\u201d dedi.<\/p>\n<p style=\"text-align: justify;\">\u0130\u015fgalin ba\u015flad\u0131\u011f\u0131 2003 y\u0131l\u0131ndan bu yana \u00fclkede 5 milyonu a\u015fk\u0131n yetim \u00e7ocuk ve yakla\u015f\u0131k 2 milyon kad\u0131n dul kald\u0131. Binlerce kad\u0131n, \u00e7ocuklar\u0131n\u0131n ge\u00e7imini sa\u011flamak onur k\u0131r\u0131c\u0131 i\u015flerde \u00e7al\u0131\u015fmak zorunda kal\u0131yor. \u00dclkede halk\u0131n y\u00fczde 75\u2019i fakirlik s\u0131n\u0131r\u0131nda bulunuyor. 6 milyondan fazla insan a\u00e7l\u0131k sorunu \u00e7ekiyor. \u0130\u015fgal g\u00fc\u00e7lerinin yapt\u0131\u011f\u0131 bask\u0131 ve \u015fiddet ise s\u0131n\u0131r tan\u0131m\u0131yor.<\/p>\n<p style=\"text-align: justify;\"><strong><em>5 milyon \u00e7ocuk yetim, 2 milyon kad\u0131n dul kald\u0131<\/em><\/strong><\/p>\n<p style=\"text-align: justify;\">Amerikan i\u015fgali Irak halk\u0131 i\u00e7in kaos, \u00e7at\u0131\u015fma, \u00f6l\u00fcm, ac\u0131 ve g\u00f6z ya\u015f\u0131ndan ba\u015fka bir \u015fey getirmedi. \u0130\u015fgal ile birlikte 2 milyon Irakl\u0131 hayat\u0131n\u0131 kaybetti. \u00dclkede 5 milyonu a\u015fk\u0131n yetim \u00e7ocuk ve yakla\u015f\u0131k 2 milyon kad\u0131n dul kald\u0131. Halk\u0131n y\u00fczde 75\u2019i fakirlik s\u0131n\u0131r\u0131nda bulunuyor. 6 milyondan fazla insan a\u00e7l\u0131k sorunu \u00e7ekiyor. \u0130\u015fgal nedeniyle yakla\u015f\u0131k 3 milyon Irakl\u0131 vatanlar\u0131n\u0131 terk etmek zorunda kald\u0131. 14 ya\u015f alt\u0131ndaki \u00e7ocuklar\u0131n y\u00fczde 15\u2019inin ise \u00e7ocuk i\u015f\u00e7i. Bu durum \u00fclkenin gelece\u011fi i\u00e7in b\u00fcy\u00fck bir tehlike olu\u015fturdu\u011fu kaydediliyor.<\/p>\n<p style=\"text-align: justify;\"><span style=\"color: #888888;\">Haber Kayna\u011f\u0131 : <a href=\"http:\/\/www.yenicaggazetesi.com.tr\/haberdetay.php?hit=25938\" target=\"_blank\">yenicaggazetesi.com.tr<\/a><\/span><\/p>\n","protected":false},"excerpt":{"rendered":"<p style=\"text-align: center;\">\n<p style=\"text-align: justify;\">\u2018\u00d6ZG\u00dcRL\u00dcK ve demokrasi\u2019 diyerek Irak\u2019\u0131 i\u015fgal edip kan, g\u00f6zya\u015f\u0131 ve \u00f6l\u00fcm getiren Amerika, bir insanl\u0131k su\u00e7una da imza att\u0131. E\u015fleri \u00f6ld\u00fcr\u00fclen, \u0131rzlar\u0131na ge\u00e7ilen binlerce Irakl\u0131 kad\u0131n \u00e7aresizlikten k\u00f6t\u00fc yola d\u00fc\u015ft\u00fc.<\/p>\n<p style=\"text-align: justify;\">IRAKLI kad\u0131nlar\u0131n y\u00fcrek s\u0131zlatan dram\u0131, Filistin\u2019deki El Kuds gazetesine de yans\u0131d\u0131. Kendini satmak zorunda kalan Vedade Betrad adl\u0131 <\/p>\n","protected":false},"author":1,"featured_media":0,"comment_status":"open","ping_status":"closed","sticky":false,"template":"","format":"standard","meta":{"footnotes":""},"categories":[3],"tags":[],"class_list":["post-16343","post","type-post","status-publish","format-standard","hentry","category-dunya","odd"],"_links":{"self":[{"href":"http:\/\/www.korhanyilmaz.com\/index.php?rest_route=\/wp\/v2\/posts\/16343","targetHints":{"allow":["GET"]}}],"collection":[{"href":"http:\/\/www.korhanyilmaz.com\/index.php?rest_route=\/wp\/v2\/posts"}],"about":[{"href":"http:\/\/www.korhanyilmaz.com\/index.php?rest_route=\/wp\/v2\/types\/post"}],"author":[{"embeddable":true,"href":"http:\/\/www.korhanyilmaz.com\/index.php?rest_route=\/wp\/v2\/users\/1"}],"replies":[{"embeddable":true,"href":"http:\/\/www.korhanyilmaz.com\/index.php?rest_route=%2Fwp%2Fv2%2Fcomments&post=16343"}],"version-history":[{"count":0,"href":"http:\/\/www.korhanyilmaz.com\/index.php?rest_route=\/wp\/v2\/posts\/16343\/revisions"}],"wp:attachment":[{"href":"http:\/\/www.korhanyilmaz.com\/index.php?rest_route=%2Fwp%2Fv2%2Fmedia&parent=16343"}],"wp:term":[{"taxonomy":"category","embeddable":true,"href":"http:\/\/www.korhanyilmaz.com\/index.php?rest_route=%2Fwp%2Fv2%2Fcategories&post=16343"},{"taxonomy":"post_tag","embeddable":true,"href":"http:\/\/www.korhanyilmaz.com\/index.php?rest_route=%2Fwp%2Fv2%2Ftags&post=16343"}],"curies":[{"name":"wp","href":"https:\/\/api.w.org\/{rel}","templated":true}]}}