{"id":16332,"date":"2009-11-06T16:58:19","date_gmt":"2009-11-06T14:58:19","guid":{"rendered":"http:\/\/www.korhanyilmaz.com\/?p=16332"},"modified":"2009-11-06T16:58:19","modified_gmt":"2009-11-06T14:58:19","slug":"el-besir-herseye-ragmen-geliyor","status":"publish","type":"post","link":"http:\/\/www.korhanyilmaz.com\/?p=16332","title":{"rendered":"El Be\u015fir her\u015feye ra\u011fmen geliyor"},"content":{"rendered":"<p style=\"text-align: center;\"><a href=\"http:\/\/www.korhanyilmaz.com\/wp-content\/uploads\/2009\/11\/BES\u0130R.jpg\"  class=\"lightview\"><img loading=\"lazy\" decoding=\"async\" class=\"aligncenter size-full wp-image-16333\" src=\"http:\/\/www.korhanyilmaz.com\/wp-content\/uploads\/2009\/11\/BES\u0130R.jpg\" alt=\"\" width=\"307\" height=\"236\" \/><\/a><\/p>\n<p style=\"text-align: justify;\">Uluslararas\u0131 Ceza Mahkemesi&#8217;nin hakk\u0131nda tutuklama emri \u00e7\u0131kartt\u0131\u011f\u0131 Sudan lideri \u00d6mer El Be\u015fir yar\u0131n T\u00fcrkiye&#8217;ye geliyor. El Be\u015fir&#8217;e hakk\u0131ndaki emre ra\u011fmen T\u00fcrkiye&#8217;de hi\u00e7bir hukuki i\u015flem yap\u0131lmayacak. AB&#8217;nin duydu\u011fu rahats\u0131zl\u0131\u011f\u0131 Ankara&#8217;ya iletti. Cumhurba\u015fkan\u0131 &#8220;Onlar ne kar\u0131\u015f\u0131r ki?&#8221; dedi, D\u0131\u015fi\u015fleri Bakan\u0131 ise AB&#8217;nin protesto notas\u0131 verdi\u011fini yalanlad\u0131.<!--more--><\/p>\n<p style=\"text-align: justify;\">Paris&#8217;te bulunan D\u0131\u015fi\u015fleri Bakan\u0131 Ahmet Davuto\u011flu, El Be\u015fir&#8217;in \u0130SEDAK toplant\u0131s\u0131 nedeniyle gelece\u011fini, uluslararas\u0131 toplant\u0131larda evsahibi \u00fclkeler nas\u0131l s\u00f6z konusu uluslararas\u0131 kurumun kurallar\u0131na g\u00f6re hareket ediyorsa, burada da ayn\u0131 durumun s\u00f6z konusu oldu\u011funu kaydetti.<\/p>\n<p style=\"text-align: justify;\">Davuto\u011flu, konunun bu perspektifte de\u011ferlendirilmesi gerekti\u011fini belirtti.<\/p>\n<p style=\"text-align: justify;\">T\u00fcrkiye&#8217;nin de ge\u00e7mi\u015fte AG\u0130T b\u00fcnyesinde d\u00fczenlenen bir konferans i\u00e7in ev sahipli\u011fi yapt\u0131\u011f\u0131 d\u00f6nemde, tan\u0131mad\u0131\u011f\u0131 \u00fclkeyi kabul etti\u011fini hat\u0131rlatan Davuto\u011flu, bu t\u00fcr organizasyonlarda \u00fcye \u00fclkelere davet gerekmedi\u011fini, kurallar\u0131n uluslararas\u0131 \u00f6rg\u00fctlerin kendi ilkeleri \u00e7er\u00e7evesinde de\u011ferlendirildi\u011fini bildirdi.<\/p>\n<p style=\"text-align: justify;\">CNN T\u00dcRK&#8217;\u00fcn edindi\u011fi bilgilere g\u00f6re, AB d\u00f6nem ba\u015fkan\u0131 \u0130sve\u00e7&#8217;in temsilcisi de D\u0131\u015fi\u015fleri Bakanl\u0131\u011f\u0131&#8217;na giderek ziyaret hakk\u0131ndaki rahats\u0131zl\u0131\u011f\u0131n\u0131 iletti. AB&#8217;nin &#8220;M\u00fczakere s\u00fcrecini y\u00fcr\u00fcten T\u00fcrkiye bu karar\u0131 ve birli\u011fin bu hassasiyetini g\u00f6z \u00f6n\u00fcnde bulundurmal\u0131&#8221; mesaj\u0131n\u0131 verdi\u011fi belirtiliyor.<\/p>\n<p style=\"text-align: justify;\">AA&#8217;ya bilgi veren diplomatik kaynaklar da, Ankara&#8217;daki AB Temsilcili\u011fi&#8217;ndeki m\u00fcste\u015far\u0131n D\u0131\u015fi\u015fleri Bakanl\u0131\u011f\u0131&#8217;na gelerek, konuyla ilgili olarak AB&#8217;nin pozisyonunu anlatt\u0131\u011f\u0131n\u0131, buna kar\u015f\u0131l\u0131k T\u00fcrkiye&#8217;nin kendi g\u00f6r\u00fc\u015flerini a\u00e7\u0131klad\u0131\u011f\u0131n\u0131 belirttiler. T\u00fcrk kaynaklar, bir protesto notas\u0131n\u0131n verilmesinin s\u00f6z konusu olmad\u0131\u011f\u0131n\u0131 kaydetti.<\/p>\n<p style=\"text-align: justify;\"><strong><em>G\u00fcl: &#8220;Onlar ne kar\u0131\u015f\u0131r ki?&#8221; <\/em><\/strong><\/p>\n<p style=\"text-align: justify;\">Cumhurba\u015fkan\u0131 Abdullah G\u00fcl de, Elaz\u0131\u011f&#8217;dan ayr\u0131lmadan \u00f6nce Elaz\u0131\u011f Havaalan\u0131&#8217;nda gazetecilerin, Avrupa Birli\u011finin, Sudan Devlet Ba\u015fkan\u0131 \u00d6mer El Be\u015fir&#8217;in \u0130SEDAK toplant\u0131s\u0131 i\u00e7in \u0130stanbul&#8217;a gelecek olmas\u0131 dolay\u0131s\u0131yla verdi\u011fi notayla ilgili sorusuna, g\u00fclerek &#8220;Onlar ne kar\u0131\u015f\u0131rm\u0131\u015f ki. Kim kime nota veriyormu\u015f&#8221; kar\u015f\u0131l\u0131\u011f\u0131n\u0131 verdi.<\/p>\n<p style=\"text-align: justify;\">Cumhurba\u015fkan\u0131 G\u00fcl, El Be\u015fir&#8217;in kat\u0131laca\u011f\u0131 \u0130SEDAK toplant\u0131s\u0131n\u0131n b\u00f6lgesel bir toplant\u0131 oldu\u011funu belirterek, &#8220;\u0130slam Konferans\u0131 Te\u015fkilat\u0131 \u00e7er\u00e7evesi i\u00e7erisinde yap\u0131lan bir toplant\u0131 bu. \u0130kili bir ziyaret de\u011fil. Bunlar \u00e7ok tarafl\u0131 ziyaretler, milletleraras\u0131 bir \u00f6rg\u00fct\u00fcn \u00fcyeleri olarak herkes ziyaret ediyor. Dolay\u0131s\u0131yla da herkesin b\u00f6yle g\u00f6rmesi, b\u00f6yle anlay\u0131\u015fla davranmas\u0131 gerekir &#8221; dedi.<\/p>\n<p style=\"text-align: justify;\">G\u00fcl, &#8220;\u0130slam Konferans\u0131 Te\u015fkilat\u0131 \u00e7er\u00e7evesi i\u00e7erisinde yap\u0131lan bir toplant\u0131 bu. \u0130kili bir ziyaret de\u011fil. Bunlar \u00e7ok tarafl\u0131 ziyaretler&#8221; diye konu\u015ftu.<\/p>\n<p style=\"text-align: justify;\">Sivil toplum \u00f6rg\u00fctleri ve d\u00fcnya medyas\u0131, Darfur&#8217;da insanl\u0131\u011fa kar\u015f\u0131 su\u00e7 ve sava\u015f su\u00e7u i\u015flemekten hakk\u0131nda Mart 2009&#8217;da tutuklama emri \u00e7\u0131kar\u0131lan Sudan liderinin T\u00fcrkiye&#8217;de g\u00f6zalt\u0131na alnmas\u0131n\u0131 istiyor.<\/p>\n<p style=\"text-align: justify;\">Zira T\u00fcrkiye, Roma&#8217;da imzalanan Uluslararas\u0131 Ceza Mahkemesi&#8217;ne taraf olmad\u0131\u011f\u0131 i\u00e7in al\u0131nan tutuklama karar\u0131 Ankara&#8217;y\u0131 ba\u011flam\u0131yor.<\/p>\n<p style=\"text-align: justify;\">D\u0131\u015fi\u015fleri Bakanl\u0131\u011f\u0131, Birle\u015fmi\u015f Milletler G\u00fcvenlik Konseyi&#8217;nin bu konuda bir a\u00e7\u0131klamas\u0131 ya da karar\u0131 olmamas\u0131n\u0131 da esas al\u0131yor.<\/p>\n<p style=\"text-align: justify;\">Roma S\u00f6zle\u015fmesi 1 Temmuz 2002&#8217;de y\u00fcr\u00fcrl\u00fc\u011f\u00fc girmi\u015f ve ABD s\u00f6zle\u015fmeye sert muhalefet etmi\u015fti.<\/p>\n<p style=\"text-align: justify;\">Mahkeme etik a\u00e7\u0131dan b\u00fcy\u00fck \u00f6nem ta\u015f\u0131d\u0131\u011f\u0131 i\u00e7in Avrupa T\u00fcrkiye&#8217;den Be\u015fir&#8217;i tutuklamas\u0131n\u0131 istiyor.<\/p>\n<p style=\"text-align: justify;\">Ancak Uluslararas\u0131 Ceza Mahkemesi&#8217;nin hakk\u0131nda tutuklama emri \u00e7\u0131kartt\u0131\u011f\u0131 Sudan liderine T\u00fcrkiye hi\u00e7bir i\u015flem yapmayaca\u011f\u0131n\u0131 duyurdu.<\/p>\n<p style=\"text-align: justify;\">Hafta sonu T\u00fcrkiye&#8217;de olacak olan Be\u015fir ise, mahkeme karar\u0131n\u0131 tan\u0131m\u0131yor ve mahkemeyi &#8220;neo-s\u00f6m\u00fcrgeci&#8221; planlar\u0131n bir par\u00e7as\u0131 olarak tan\u0131ml\u0131yor. \u00d6mer El Be\u015fir, g\u00f6rev ba\u015f\u0131nda iken hakk\u0131nda tutuklama karar\u0131 \u00e7\u0131kan ilk lider.<\/p>\n<p style=\"text-align: justify;\"><strong><em>\u0130\u015fte hakk\u0131ndaki su\u00e7lamalar <\/em><\/strong><\/p>\n<p style=\"text-align: justify;\">Uluslararas\u0131 Ceza Mahkemesi (UCM), 4 Mart 2009&#8217;da, Sudan Devlet Ba\u015fkan\u0131 \u00d6mer El Be\u015fir hakk\u0131nda tutuklama emri \u00e7\u0131kartm\u0131\u015ft\u0131. El Be\u015fir, Darfur&#8217;da insanl\u0131k ve sava\u015f su\u00e7u i\u015flemekle itham ediliyor.<\/p>\n<p style=\"text-align: justify;\">\u0130nsanl\u0131k su\u00e7lar\u0131 ba\u015fl\u0131\u011f\u0131 alt\u0131nda; cinayet, toplu infaz, i\u015fkence, tecav\u00fcz ve zorla uzakla\u015ft\u0131rma yer al\u0131rken, sava\u015f su\u00e7lar\u0131 ba\u015fl\u0131\u011f\u0131 alt\u0131nda ise; kasten masum sivillere y\u00f6nelik sald\u0131r\u0131 emri vermek ve ya\u011fma yapmak bulunuyor.<\/p>\n<p style=\"text-align: justify;\">Karara g\u00f6re, bu su\u00e7lar, Darfur&#8217;daki sivillere kar\u015f\u0131 i\u015flendi. Sivillerin b\u00fcy\u00fck b\u00f6l\u00fcm\u00fcn\u00fcn, h\u00fck\u00fcmet taraf\u0131ndan isyanc\u0131 gruplar\u0131 destekledi\u011fi d\u00fc\u015f\u00fcn\u00fclen Fur, Masalit ve Zaghava gruplar\u0131na mensup oldu\u011fu belirtilmi\u015fti.<\/p>\n<p style=\"text-align: justify;\"><strong><em>200 bin \u00f6l\u00fc <\/em><\/strong><\/p>\n<p style=\"text-align: justify;\">BM verilerine g\u00f6re, Darfur&#8217;da 4 y\u0131ld\u0131r s\u00fcren i\u00e7 sava\u015fta en az 200 bin ki\u015fi \u00f6ld\u00fc, 4 milyon ki\u015fi insani yard\u0131m olmaks\u0131z\u0131n ya\u015fayamayacak durumda. 2.5 milyon insan ise yerlerinden oldu.<\/p>\n<p style=\"text-align: justify;\">Bug\u00fcn Sudan h\u00fck\u00fcmetinin izniyle Afrika Birli\u011fi Bar\u0131\u015f G\u00fcc\u00fc Darfur&#8217;da asker bulunduruyor. \u015eiddet ise eskisi gibi olmasa da hala s\u00fcr\u00fcyor.<\/p>\n<p style=\"text-align: justify;\"><span style=\"color: #888888;\">CNN T\u00dcRK<\/span><\/p>\n","protected":false},"excerpt":{"rendered":"<p style=\"text-align: center;\">\n<p style=\"text-align: justify;\">Uluslararas\u0131 Ceza Mahkemesi&#8217;nin hakk\u0131nda tutuklama emri \u00e7\u0131kartt\u0131\u011f\u0131 Sudan lideri \u00d6mer El Be\u015fir yar\u0131n T\u00fcrkiye&#8217;ye geliyor. El Be\u015fir&#8217;e hakk\u0131ndaki emre ra\u011fmen T\u00fcrkiye&#8217;de hi\u00e7bir hukuki i\u015flem yap\u0131lmayacak. AB&#8217;nin duydu\u011fu rahats\u0131zl\u0131\u011f\u0131 Ankara&#8217;ya iletti. Cumhurba\u015fkan\u0131 &#8220;Onlar ne kar\u0131\u015f\u0131r ki?&#8221; dedi, D\u0131\u015fi\u015fleri Bakan\u0131 ise AB&#8217;nin protesto notas\u0131 verdi\u011fini yalanlad\u0131.<\/p>\n","protected":false},"author":1,"featured_media":0,"comment_status":"open","ping_status":"closed","sticky":false,"template":"","format":"standard","meta":{"footnotes":""},"categories":[3,105],"tags":[],"class_list":["post-16332","post","type-post","status-publish","format-standard","hentry","category-dunya","category-gundem","odd"],"_links":{"self":[{"href":"http:\/\/www.korhanyilmaz.com\/index.php?rest_route=\/wp\/v2\/posts\/16332","targetHints":{"allow":["GET"]}}],"collection":[{"href":"http:\/\/www.korhanyilmaz.com\/index.php?rest_route=\/wp\/v2\/posts"}],"about":[{"href":"http:\/\/www.korhanyilmaz.com\/index.php?rest_route=\/wp\/v2\/types\/post"}],"author":[{"embeddable":true,"href":"http:\/\/www.korhanyilmaz.com\/index.php?rest_route=\/wp\/v2\/users\/1"}],"replies":[{"embeddable":true,"href":"http:\/\/www.korhanyilmaz.com\/index.php?rest_route=%2Fwp%2Fv2%2Fcomments&post=16332"}],"version-history":[{"count":0,"href":"http:\/\/www.korhanyilmaz.com\/index.php?rest_route=\/wp\/v2\/posts\/16332\/revisions"}],"wp:attachment":[{"href":"http:\/\/www.korhanyilmaz.com\/index.php?rest_route=%2Fwp%2Fv2%2Fmedia&parent=16332"}],"wp:term":[{"taxonomy":"category","embeddable":true,"href":"http:\/\/www.korhanyilmaz.com\/index.php?rest_route=%2Fwp%2Fv2%2Fcategories&post=16332"},{"taxonomy":"post_tag","embeddable":true,"href":"http:\/\/www.korhanyilmaz.com\/index.php?rest_route=%2Fwp%2Fv2%2Ftags&post=16332"}],"curies":[{"name":"wp","href":"https:\/\/api.w.org\/{rel}","templated":true}]}}