{"id":16325,"date":"2009-11-06T16:12:54","date_gmt":"2009-11-06T14:12:54","guid":{"rendered":"http:\/\/www.korhanyilmaz.com\/?p=16325"},"modified":"2009-11-06T16:12:54","modified_gmt":"2009-11-06T14:12:54","slug":"topbas-ben-zaten-ic-camasiri-giymiyorum","status":"publish","type":"post","link":"http:\/\/www.korhanyilmaz.com\/?p=16325","title":{"rendered":"Topba\u015f: &#039;Ben zaten i\u00e7 \u00e7ama\u015f\u0131r\u0131 giymiyorum&#8230;&#039;"},"content":{"rendered":"<p><a href=\"http:\/\/www.korhanyilmaz.com\/wp-content\/uploads\/2009\/11\/TOPBAS.jpg\"  class=\"lightview\"><img loading=\"lazy\" decoding=\"async\" class=\"aligncenter size-full wp-image-16326\" src=\"http:\/\/www.korhanyilmaz.com\/wp-content\/uploads\/2009\/11\/TOPBAS.jpg\" alt=\"\" width=\"292\" height=\"194\" \/><\/a><\/p>\n<p style=\"text-align: justify;\">G\u00fcn\u00fcn en renkli diyalo\u011fu, \u0130stanbul B\u00fcy\u00fck\u015fehir Belediyesi Kadir Topba\u015f ve kendisini izleyen haberciler aras\u0131nda ya\u015fand\u0131. Topba\u015f, gazetecilerin &#8220;Domuz gribine kar\u015f\u0131 a\u015f\u0131 olacak m\u0131s\u0131n\u0131z?&#8221; sorusunu, &#8220;Ben k\u0131\u015f\u0131n kar ya\u011farken bile i\u00e7 \u00e7ama\u015f\u0131r\u0131 giymiyorum&#8221; diye yan\u0131tlay\u0131nca herkes kahkahaya bo\u011fuldu. Topba\u015f, durumun fark\u0131na var\u0131nca &#8220;Yani fanila giymiyorum, atlet giymiyorum&#8221; demek zorunda kald\u0131.<!--more--><\/p>\n<p style=\"text-align: justify;\">\u0130stanbul B\u00fcy\u00fck\u015fehir Belediye Ba\u015fkan\u0131 Kadir Topba\u015f, Sanayi Mahallesini Seyrantepe&#8217;ye ba\u011flayan t\u00fcnel in\u015faat\u0131n\u0131n test s\u00fcr\u00fc\u015f\u00fcn\u00fc yapmak i\u00e7in Sanayi mahallesindeydi.<\/p>\n<p style=\"text-align: justify;\">Topba\u015f \u00f6nce metroda test s\u00fcr\u00fc\u015f\u00fc yapt\u0131; ard\u0131ndan gazetecilerin sorular\u0131n\u0131 yan\u0131tlad\u0131.<\/p>\n<p style=\"text-align: justify;\">Topba\u015f domuz gribi a\u015f\u0131s\u0131 olup olmayaca\u011f\u0131 sorusuna ba\u015fta yan\u0131t vermek istemedi. Daha sonra fikrini de\u011fi\u015ftiren Topba\u015f, &#8220;T\u00fcrkiye \u00e7ok ciddiye ald\u0131. Hekimlerden bilimadamlar\u0131ndan ald\u0131\u011f\u0131m\u0131z bilgiye bakt\u0131\u011f\u0131m\u0131zda bula\u015fma riski \u00e7ok daha fazla. Biraz ya\u015fam\u0131na dikkat eden, ama her\u015feyi se\u00e7en de\u011fil ama buldu\u011fumu yiyen a\u015f\u0131r\u0131 yemek yemeyen s\u0131v\u0131 t\u00fcketimini zaten yapan, sabahlar\u0131 a\u00e7 karn\u0131na bir tane elma yiyen, bu konuda bir \u015feyi olan insan\u0131m . Beslenme al\u0131\u015fkanl\u0131kar\u0131m\u0131 bozmadan dikatlice t\u00fcketmeye \u00e7al\u0131\u015fan birisiyim. Hamdolsun sa\u011fl\u0131kl\u0131y\u0131m&#8221; dedi.<\/p>\n<p style=\"text-align: justify;\">&#8220;Risk grubunda oldu\u011fumu zannetmiyorum&#8221; diyen Topba\u015f, &#8220;\u00c7\u00fcnk\u00fc \u0130stanbul&#8217;un heyecan\u0131, \u0130stanbul&#8217;daki bu \u00e7al\u0131\u015fmalar g\u00fcc\u00fcm\u00fc eforumu art\u0131r\u0131yor. Bu da benim herhalde ba\u015fkanl\u0131k s\u00fcrecinde verdi\u011fi eforla her \u015feye tahamm\u00fcl etme imkan\u0131m\u0131z var. Yo\u011funlu\u011fa ra\u011fmen bir problem ya\u015famad\u0131m&#8221; ifadesini kulland\u0131.<\/p>\n<p style=\"text-align: justify;\">Topba\u015f, a\u015f\u0131 konusunda herkesin kendi tercihini yapaca\u011f\u0131n\u0131 s\u00f6yleyerek, &#8220;Herkes kendini bilir. Ne kadar tahamm\u00fcll\u00fc ne kadar so\u011fu\u011fa s\u0131ca\u011fa filan diye. Ben k\u0131\u015f\u0131n bile kar ya\u011farken bile i\u00e7 \u00e7ama\u015f\u0131r\u0131 giymiyorum. Yani fanila giymiyorum. Atlet giymiyorum. K\u0131\u015f\u0131n bile so\u011fu\u011fa b\u00f6yle tahamm\u00fcl\u00fcm var&#8221; diyerek durumu toparlamaya \u00e7al\u0131\u015ft\u0131.<\/p>\n<p style=\"text-align: justify;\">Bir gazetecinin &#8220;Ya olursan\u0131z ne olur efendim?&#8221; sorusuna ise Topba\u015f, &#8220;Zaman zaman s\u00f6yledi\u011fim gibi riskleri s\u0131f\u0131rlama sanat\u0131d\u0131r. Ben de beslenmeme dikkat ediyorum. Tavsiyemdir. Bir ka\u015f\u0131k bal arkas\u0131ndan birka\u00e7 bardak su. M\u00fcthi\u015f bir olay. Tavsiye ederim. Hep s\u0131rlar\u0131m\u0131 verdim size&#8221; dedi.<\/p>\n<p style=\"text-align: justify;\"><span style=\"color: #888888;\">CNN T\u00dcRK<\/span><\/p>\n","protected":false},"excerpt":{"rendered":"<\/p>\n<p style=\"text-align: justify;\">G\u00fcn\u00fcn en renkli diyalo\u011fu, \u0130stanbul B\u00fcy\u00fck\u015fehir Belediyesi Kadir Topba\u015f ve kendisini izleyen haberciler aras\u0131nda ya\u015fand\u0131. Topba\u015f, gazetecilerin &#8220;Domuz gribine kar\u015f\u0131 a\u015f\u0131 olacak m\u0131s\u0131n\u0131z?&#8221; sorusunu, &#8220;Ben k\u0131\u015f\u0131n kar ya\u011farken bile i\u00e7 \u00e7ama\u015f\u0131r\u0131 giymiyorum&#8221; diye yan\u0131tlay\u0131nca herkes kahkahaya bo\u011fuldu. Topba\u015f, durumun fark\u0131na var\u0131nca &#8220;Yani fanila giymiyorum, atlet giymiyorum&#8221; demek zorunda kald\u0131.<\/p>\n","protected":false},"author":1,"featured_media":0,"comment_status":"open","ping_status":"closed","sticky":false,"template":"","format":"standard","meta":{"footnotes":""},"categories":[105],"tags":[],"class_list":["post-16325","post","type-post","status-publish","format-standard","hentry","category-gundem","odd"],"_links":{"self":[{"href":"http:\/\/www.korhanyilmaz.com\/index.php?rest_route=\/wp\/v2\/posts\/16325","targetHints":{"allow":["GET"]}}],"collection":[{"href":"http:\/\/www.korhanyilmaz.com\/index.php?rest_route=\/wp\/v2\/posts"}],"about":[{"href":"http:\/\/www.korhanyilmaz.com\/index.php?rest_route=\/wp\/v2\/types\/post"}],"author":[{"embeddable":true,"href":"http:\/\/www.korhanyilmaz.com\/index.php?rest_route=\/wp\/v2\/users\/1"}],"replies":[{"embeddable":true,"href":"http:\/\/www.korhanyilmaz.com\/index.php?rest_route=%2Fwp%2Fv2%2Fcomments&post=16325"}],"version-history":[{"count":0,"href":"http:\/\/www.korhanyilmaz.com\/index.php?rest_route=\/wp\/v2\/posts\/16325\/revisions"}],"wp:attachment":[{"href":"http:\/\/www.korhanyilmaz.com\/index.php?rest_route=%2Fwp%2Fv2%2Fmedia&parent=16325"}],"wp:term":[{"taxonomy":"category","embeddable":true,"href":"http:\/\/www.korhanyilmaz.com\/index.php?rest_route=%2Fwp%2Fv2%2Fcategories&post=16325"},{"taxonomy":"post_tag","embeddable":true,"href":"http:\/\/www.korhanyilmaz.com\/index.php?rest_route=%2Fwp%2Fv2%2Ftags&post=16325"}],"curies":[{"name":"wp","href":"https:\/\/api.w.org\/{rel}","templated":true}]}}