{"id":16322,"date":"2009-11-06T14:33:16","date_gmt":"2009-11-06T12:33:16","guid":{"rendered":"http:\/\/www.korhanyilmaz.com\/?p=16322"},"modified":"2009-11-06T14:33:16","modified_gmt":"2009-11-06T12:33:16","slug":"tsk-islak-imzali-belgeyi-istemis-ama","status":"publish","type":"post","link":"http:\/\/www.korhanyilmaz.com\/?p=16322","title":{"rendered":"TSK \u0131slak imzal\u0131 belgeyi istemi\u015f ama&#8230;"},"content":{"rendered":"<p><a href=\"http:\/\/www.korhanyilmaz.com\/wp-content\/uploads\/2009\/11\/BASBUG.jpg\"  class=\"lightview\"><img loading=\"lazy\" decoding=\"async\" class=\"aligncenter size-full wp-image-16323\" src=\"http:\/\/www.korhanyilmaz.com\/wp-content\/uploads\/2009\/11\/BASBUG.jpg\" alt=\"\" width=\"292\" height=\"224\" \/><\/a><\/p>\n<p style=\"text-align: justify;\">Askeri Savc\u0131l\u0131k taraf\u0131ndan irtica ile m\u00fccadele eylem plan\u0131 ve \u0131slak imzal\u0131 oldu\u011fu iddia edilen belgeyle ilgili soru\u015fturma s\u00fcr\u00fcyor. Genelkurmay Ba\u015fkanl\u0131\u011f\u0131, belgenin asl\u0131n\u0131n \u0130stanbul Cumhuriyet Savc\u0131l\u0131\u011f\u0131&#8217;ndan 3 kez istendi\u011fini, birincisinde belgenin fotokopisinin, di\u011ferlerinde ise herhangi bir cevab\u0131n gelmedi\u011fini bildirdi. Bunun \u00fczerine askeri savc\u0131l\u0131k, belgeyi 4. kez istedi; cevap bekleniyor. <!--more--><\/p>\n<p style=\"text-align: justify;\"><strong><em>Askeri savc\u0131l\u0131k hangi noktalar\u0131 ara\u015ft\u0131r\u0131yor? <\/em><\/strong><\/p>\n<p style=\"text-align: justify;\">&#8211; Karargahta b\u00f6yle bir belge haz\u0131rlan\u0131p haz\u0131rlanmad\u0131\u011f\u0131<\/p>\n<p style=\"text-align: justify;\">&#8211; Haberin yay\u0131mland\u0131\u011f\u0131 g\u00fcn orijinalinin imha edilip edilmedi\u011fi<\/p>\n<p style=\"text-align: justify;\">&#8211; Bilgisayar kay\u0131tlar\u0131n\u0131n temizlenip temizlenmedi\u011fi<\/p>\n<p style=\"text-align: justify;\">&#8211; Bu suretle delillerin karart\u0131l\u0131p karart\u0131lmad\u0131\u011f\u0131<\/p>\n<p style=\"text-align: justify;\">Genelkurmay Ba\u015fkanl\u0131\u011f\u0131 Karargah\u0131&#8217;ndaki haftal\u0131k bas\u0131n bilgilendirme toplant\u0131s\u0131nda gazetecilerin sorular\u0131n\u0131 yan\u0131tlayan Tu\u011fgeneral \u00c7ubuklu, Askeri Savc\u0131l\u0131\u011f\u0131n aynen Cumhuriyet Savc\u0131l\u0131\u011f\u0131 gibi yapmakta olduklar\u0131 soru\u015fturma ile ilgili ihtiya\u00e7 duyduklar\u0131 her t\u00fcrl\u00fc bilgi ve belgeyi gerek kamu g\u00f6revlilerinden gerekse \u00f6zel kurulu\u015flar\u0131ndan istemekle yetkili oldu\u011funu s\u00f6yledi.<\/p>\n<p style=\"text-align: justify;\">Kendilerinden bilgi ya da belge talep edilen kamu g\u00f6revlilerinin ve \u00f6zel kurulu\u015flar\u0131n da bunlara en k\u0131sa s\u00fcrede cevap vermekle y\u00fck\u00fcml\u00fc olduklar\u0131na dikkati \u00e7eken Tu\u011fgeneral \u00c7ubuklu, &#8220;Ancak, var oldu\u011fu iddia edilen \u0131slak imzal\u0131 belge hen\u00fcz Askeri Savc\u0131l\u0131\u011fa g\u00f6nderilmemi\u015ftir. Bu nedenle belgenin tekrar asl\u0131n\u0131n g\u00f6nderilmesi istenmi\u015ftir. Askeri Savc\u0131l\u0131k olay\u0131n di\u011fer y\u00f6nlerini de \u015fu an ara\u015ft\u0131rmaya soru\u015fturmaya devam etmektedir&#8221; diye konu\u015ftu.<\/p>\n<p style=\"text-align: justify;\">TSK&#8217;n\u0131n her zaman hukuk sisteminin sa\u011fl\u0131kl\u0131 bir \u015fekilde i\u015flemesinden yana oldu\u011funu vurgulayan Tu\u011fgeneral \u00c7ubuklu, &#8220;Bu nedenle kesinle\u015fmi\u015f bir mahkeme karar\u0131yla su\u00e7 i\u015fledikleri sabit olmayan ki\u015filerin pe\u015finen su\u00e7lu olarak ilan edilmesi suretiyle evrensel hukuk ilkelerinin \u00e7i\u011fnenmesini de \u00fcz\u00fcnt\u00fcyle izlemekteyiz&#8221; dedi.<\/p>\n<p style=\"text-align: justify;\"><strong><em>Dursun \u00c7i\u00e7ek&#8217;e tebligat var m\u0131? <\/em><\/strong><\/p>\n<p style=\"text-align: justify;\">H\u0131fz\u0131 \u00c7ubuklu, soru\u015fturma kapsam\u0131nda Albay Dursun \u00c7i\u00e7ek&#8217;in \u0130stanbul Cumhuriyet Savc\u0131l\u0131\u011f\u0131 taraf\u0131ndan davet edilmedi\u011fini, kendilerine b\u00f6yle bir tebligat\u0131n gelmedi\u011fini bildirdi.<\/p>\n<p style=\"text-align: justify;\">\u00c7ubuklu, &#8220;Dursun \u00c7i\u00e7ek davet edilmedi, bize hen\u00fcz b\u00f6yle bir tebligat gelmedi. T\u00fcrk Silahl\u0131 Kuvvetleri, yarg\u0131 makamlar\u0131ndan, gerek savc\u0131l\u0131ktan gerekse mahkemelerden gelen her t\u00fcrl\u00fc soruya, \u00e7a\u011fr\u0131ya an\u0131nda cevap vermektedir. Bunun d\u0131\u015f\u0131nda s\u00f6ylenenlerin hepsi maalesef \u00e7\u0131kar\u0131lan haberlerdir. Bununla ilgili bir tebligat yoktur&#8221; dedi.<\/p>\n<p style=\"text-align: justify;\"><strong><em>\u00c7i\u00e7ek neden a\u00e7\u0131\u011fa al\u0131nm\u0131yor? <\/em><\/strong><\/p>\n<p style=\"text-align: justify;\">&#8220;Baz\u0131 askerlerin niye a\u00e7\u0131\u011fa al\u0131nmad\u0131\u011f\u0131&#8221; konusunda medyada yer alan haberlerle ilgili soru \u00fczerine Tu\u011fgeneral \u00c7ubuklu, Askeri Savc\u0131l\u0131\u011f\u0131n, soru\u015fturman\u0131n selameti a\u00e7\u0131s\u0131ndan baz\u0131 \u015fah\u0131slar\u0131n i\u015ften el \u00e7ektirilmesini ge\u00e7ici olarak istemesi halinde bu konuda bir yaz\u0131 ile ilgili komutanl\u0131\u011fa m\u00fczekkere yazd\u0131\u011f\u0131n\u0131, her su\u00e7 isnat edilen \u015fahs\u0131n a\u00e7\u0131\u011fa al\u0131nmas\u0131 gibi bir \u015feyin ise s\u00f6z konusu olmad\u0131\u011f\u0131n\u0131 ifade etti.<\/p>\n<p style=\"text-align: justify;\">Tu\u011fgeneral \u00c7ubuklu, &#8220;Haklar\u0131nda \u00f6l\u00fcm ve a\u011f\u0131r hapis cezas\u0131n\u0131 gerektiren veya y\u00fcz k\u0131zart\u0131c\u0131 su\u00e7tan ya da taksirli su\u00e7lar hari\u00e7 olmak \u00fczere be\u015f y\u0131l veya daha fazla hapis cezas\u0131n\u0131 gerektiren bir c\u00fcr\u00fcmden veya emre itaatsizlikte \u0131srar, \u00fcste veya amire fiilen taarruz, \u00fcste veya amire hakaret, mukavemet hususlar\u0131ndan dolay\u0131. Bu su\u00e7lar\u0131 i\u015flemi\u015f oldu\u011fu iddia edilecek, ayr\u0131ca kamu davas\u0131 a\u00e7\u0131lm\u0131\u015f olacak. \u0130ddianame tanzim edilecek, mahkeme kabul edecek ve bu iddianame ilgili bakanl\u0131\u011fa gelecek. Kara, deniz, hava birliklerine mensuplar i\u00e7in Milli Savunma Bakanl\u0131\u011f\u0131d\u0131r. Jandarma personeli i\u00e7in ise \u0130\u00e7i\u015fleri Bakanl\u0131\u011f\u0131d\u0131r. Mensup olduklar\u0131 bakanl\u0131klarca a\u00e7\u0131\u011fa \u00e7\u0131kar\u0131labilirler. \u00c7\u0131kar\u0131l\u0131rlar demiyor, \u00e7\u0131kar\u0131labilirler, diyor. Tamam\u0131yla takdirdir&#8221; dedi.<\/p>\n<p style=\"text-align: justify;\">Tu\u011fgeneral \u00c7ubuklu, disiplini sarsan konularda, k\u0131ta komutan\u0131 veya kurum amirinin, &#8220;fiilin i\u015fleni\u015f \u015fekli, niteli\u011fi ve disiplini ihlal derecesi&#8221; bak\u0131m\u0131ndan a\u00e7\u0131\u011fa al\u0131n\u0131p al\u0131nmama konusundaki kanaatinin de \u00f6nem arz etti\u011fini vurgulad\u0131.<\/p>\n<p style=\"text-align: justify;\"><strong><em>TSK&#8217;n\u0131n internet siteleri var m\u0131? <\/em><\/strong><\/p>\n<p style=\"text-align: justify;\">\u0130ddia: Plan\u0131n \u0131slak imzal\u0131 halini savc\u0131l\u0131\u011fa g\u00f6nderen me\u00e7hul ihbarc\u0131n\u0131n ikinci mektubunda; Genelkurmay Ba\u015fkanl\u0131\u011f\u0131&#8217;n\u0131n psikolojik hareket faaliyetleri i\u00e7in 42 internet sitesi kurdurdu\u011funu, bu sitelerin kamuoyuna yans\u0131mas\u0131n\u0131n ard\u0131ndan t\u00fcm sitelerin kapat\u0131ld\u0131\u011f\u0131n\u0131 ve yeniden yap\u0131land\u0131r\u0131ld\u0131\u011f\u0131n\u0131 belirtmi\u015fti. Mektubun ekinde, &#8220;internet siteleri and\u0131c\u0131&#8221; ad\u0131yla Genelkurmay&#8217;\u0131n s\u00fcrekli takip etti\u011fi \u00f6ne s\u00fcr\u00fclen 400 internet sitesinin ismi de yer al\u0131yordu.<\/p>\n<p style=\"text-align: justify;\">Cevap: Tu\u011fgeneral \u00c7ubuklu, ge\u00e7en g\u00fcnlerde elektronik postayla g\u00f6nderilen ihbar mektubu ile ilgili, &#8220;Bir muhbir taraf\u0131ndan kaleme al\u0131nd\u0131\u011f\u0131 iddia edilen ikinci ihbar mektubunda, T\u00fcrk Silahl\u0131 Kuvvetleri taraf\u0131ndan i\u015fletilen internet siteleriyle ilgili bir and\u0131\u00e7, medyaya g\u00f6nderilmi\u015ftir. T\u00fcrk Silahl\u0131 Kuvvetleri&#8217;nin, Ba\u015fbakanl\u0131\u011f\u0131n ilgili plan ve direktifleri \u00e7er\u00e7evesinde irticai ve b\u00f6l\u00fcc\u00fc tehdit unsurlar\u0131n\u0131 izlemek \u00fczere kurulmu\u015f, i\u015fletilmi\u015f internet siteleri bulunmaktad\u0131r&#8221; dedi.<\/p>\n<p style=\"text-align: justify;\">\u00c7ubuklu, bu olay\u0131n, internet sitelerinin 2007 y\u0131l\u0131nda \u00e7\u0131kan &#8220;\u0130nternet Ortam\u0131nda Yap\u0131lan Yay\u0131nlar\u0131n D\u00fczenlenmesi ve Bu Yay\u0131nlar Yoluyla \u0130\u015flenen Su\u00e7larla M\u00fccadele Edilmesi Hakk\u0131ndaki Kanun&#8221; esaslar\u0131na g\u00f6re yeniden yap\u0131land\u0131r\u0131lmas\u0131 kapsam\u0131ndaki normal bir i\u015flemin kamuoyuna \u00e7ok farkl\u0131 bir \u015fekilde anlat\u0131lmas\u0131 oldu\u011funu ifade etti.<\/p>\n<p style=\"text-align: justify;\">And\u0131c\u0131n i\u00e7erisinde sadece bu kanunun \u00f6ng\u00f6rd\u00fc\u011f\u00fc \u015fekilde internet sitelerinin tekrar yap\u0131land\u0131r\u0131lmas\u0131 ile ilgili bir konu oldu\u011funu dile getiren Tu\u011fgeneral \u00c7ubuklu, &#8220;Bunun ba\u015fka \u015fekillerde yap\u0131lmas\u0131 ve zamanlamas\u0131 da bizim i\u00e7in \u00e7ok ilgin\u00e7 olarak de\u011ferlendirilmektedir&#8221; dedi.<\/p>\n<p style=\"text-align: justify;\"><strong><em>TSK&#8217;n\u0131n takibe ald\u0131\u011f\u0131 siteler var m\u0131? <\/em><\/strong><\/p>\n<p style=\"text-align: justify;\">\u00c7ubuklu, TSK&#8217;n\u0131n Ba\u015fbakanl\u0131\u011f\u0131n ilgili plan ve direktifleri \u00e7er\u00e7evesinde irticai ve b\u00f6l\u00fcc\u00fc tehdit unsurlar\u0131n\u0131 izlemek \u00fczere kurulmu\u015f, i\u015fletilmi\u015f internet siteleri bulundu\u011funu bildirdi.<\/p>\n<p style=\"text-align: justify;\">&#8220;Ba\u015fbakanl\u0131\u011f\u0131n direktifinin sadece Genelkurmay Ba\u015fkanl\u0131\u011f\u0131n\u0131 m\u0131, t\u00fcm kamu kurum ve kurulu\u015flar\u0131n\u0131 m\u0131 kapsad\u0131\u011f\u0131n\u0131n&#8221; sorulmas\u0131 \u00fczerine Tu\u011fgeneral \u00c7ubuklu, &#8220;Tabii, tabii, t\u00fcm kamu&#8221; dedi.<\/p>\n<p style=\"text-align: justify;\"><strong><em>E-postay\u0131 kim g\u00f6nderdi? <\/em><\/strong><\/p>\n<p style=\"text-align: justify;\">Tu\u011fgeneral \u00c7ubuklu, &#8220;Soru\u015fturman\u0131n i\u00e7eri\u011fine ili\u015fkin bunlar\u0131 a\u00e7\u0131klamam\u0131z bizim kendimizle ters d\u00fc\u015fmemize neden olur. Soru\u015fturma bitti\u011finde bunlar\u0131n hepsi a\u00e7\u0131klanacakt\u0131r. Savc\u0131l\u0131k taraf\u0131ndan a\u00e7\u0131klanacakt\u0131r mutlaka. Bu bilgileri de en az\u0131ndan yanl\u0131\u015f bilgilendirme olmas\u0131n diye sizlerle payla\u015fmak durumunda kald\u0131k. Bundan sonraki s\u00f6yleyeceklerimiz hukuk sistemine de yara ald\u0131r\u0131r diye de\u011ferlendiriyoruz&#8221; yan\u0131t\u0131n\u0131 verdi.<\/p>\n<p style=\"text-align: justify;\"><strong><em>Askerler savc\u0131l\u0131\u011fa g\u00f6nderilmedi mi? <\/em><\/strong><\/p>\n<p style=\"text-align: justify;\">\u0130stanbul Cumhuriyet Ba\u015fsavc\u0131l\u0131\u011f\u0131 soru\u015fturmas\u0131 kapsam\u0131nda baz\u0131 askerlerin ifadelerinin al\u0131nmas\u0131 i\u00e7in g\u00f6nderilmedi\u011fi iddias\u0131na Tu\u011fgeneral \u00c7ubuklu, &#8220;Getirememe durumunda, zaten kanunda da var. Mesela bir albay\u0131m\u0131z yurtd\u0131\u015f\u0131ndayd\u0131. Onu s\u00f6yledik. G\u00f6nderilmesi gerekiyorsa g\u00f6nderiyoruz. \u0130sterlerse tekrar g\u00f6nderiyoruz. Tarih veriyorlar tekrar g\u00f6nderiyoruz. Bunlar\u0131n d\u0131\u015f\u0131ndakiler tamamen spek\u00fclasyondur. Ge\u00e7en hafta istenen 9 ki\u015fiyi g\u00f6nderdik. Ara ara giden var. Biliyorsunuz daha iki g\u00fcn \u00f6nce iki tane te\u011fmen gitti&#8221; yan\u0131t\u0131n\u0131 verdi.<\/p>\n<p style=\"text-align: justify;\"><strong><em>Zanl\u0131lar\u0131n yarg\u0131ya teslim edilmesi <\/em><\/strong><\/p>\n<p style=\"text-align: justify;\">Ba\u015fbakan Recep Tayyip Erdo\u011fan&#8217;\u0131n, &#8220;\u0130rtica \u0130le M\u00fccadele Eylem Plan\u0131&#8221; iddialar\u0131 ile ilgili &#8220;zanl\u0131lar\u0131n yarg\u0131ya teslim edilmesi&#8221; konusundaki a\u00e7\u0131klamas\u0131n\u0131n hat\u0131rlat\u0131lmas\u0131 \u00fczerine T\u00fcmgeneral G\u00fcler, &#8220;Say\u0131n Ba\u015fbakan&#8217;\u0131n a\u00e7\u0131klamalar\u0131 \u00fczerine bizim herhangi bir yorum yapmam\u0131z m\u00fcmk\u00fcn de\u011fildir&#8221; dedi.<\/p>\n<p style=\"text-align: justify;\"><strong><em>Domuz gribine yakalanan personel var m\u0131? <\/em><\/strong><\/p>\n<p style=\"text-align: justify;\">T\u00fcmgeneral G\u00fcler, &#8220;TSK i\u00e7erisinde domuz gribi \u015f\u00fcphelisi olarak rapor edilen personel olmu\u015ftur. Ancak \u015fu ana kadar kontrol d\u0131\u015f\u0131 veya \u00f6l\u00fcmc\u00fcl bir vakayla kar\u015f\u0131la\u015f\u0131lmam\u0131\u015ft\u0131r&#8221; dedi. A\u015f\u0131n\u0131n D\u00fcnya Sa\u011fl\u0131k \u00d6rg\u00fct\u00fc ile Sa\u011fl\u0131k Bakanl\u0131\u011f\u0131 genelgesi esaslar\u0131na g\u00f6re temin edildi\u011fini belirten T\u00fcmgeneral G\u00fcler, a\u015f\u0131n\u0131n ba\u015fta askeri sa\u011fl\u0131k personeli olmak \u00fczere risk gruplar\u0131ndaki personele uygulanmaya ba\u015fland\u0131\u011f\u0131n\u0131 s\u00f6yledi.<\/p>\n<p style=\"text-align: justify;\"><strong><em>Televizyon yay\u0131nlar\u0131yla ilgili uyar\u0131 <\/em><\/strong><\/p>\n<p style=\"text-align: justify;\">T\u00fcmgeneral G\u00fcler, &#8220;baz\u0131 televizyon kanallar\u0131nda ge\u00e7mi\u015fteki olaylar canland\u0131r\u0131l\u0131rken a\u015f\u0131r\u0131ya ka\u00e7\u0131ld\u0131\u011f\u0131, o d\u00f6nemde g\u00f6rev yapm\u0131\u015f personelin isimlerinin zikredilmesi&#8221; ile ilgili TSK&#8217;n\u0131n g\u00f6r\u00fc\u015f\u00fcn\u00fcn bas\u0131n mensuplar\u0131 taraf\u0131ndan elektronik posta yoluyla kendilerine iletildi\u011fini belirterek, &#8220;Baz\u0131 yay\u0131n ve bas\u0131n organlar\u0131nda T\u00fcrk Silahl\u0131 Kuvvetlerine uzun y\u0131llar hizmet eden, baz\u0131lar\u0131 ter\u00f6r \u00f6rg\u00fct\u00fc taraf\u0131ndan \u015fehit edilmi\u015f personele kar\u015f\u0131 yanl\u0131, tek tarafl\u0131 ve ak\u0131l d\u0131\u015f\u0131 iddialar g\u00fcndeme getirilmektedir. Bu kapsamda bir diziyle ilgili olarak medyada yer ald\u0131\u011f\u0131 \u015fekliyle RT\u00dcK taraf\u0131ndan baz\u0131 kararlar al\u0131nd\u0131\u011f\u0131 bilinmektedir. Yay\u0131n kurulu\u015flar\u0131n\u0131n insanlar\u0131n ki\u015filik haklar\u0131na \u00f6zen g\u00f6stermesi, o ki\u015fi ve aileleri de d\u00fc\u015f\u00fcnerek duyarl\u0131 bir yay\u0131nc\u0131l\u0131k yapmas\u0131 herkes gibi bizim de beklentimizdir. Elbette su\u00e7 te\u015fkil eden hususlara ili\u015fkin olarak yarg\u0131 yoluna da ba\u015fvurulmaktad\u0131r&#8221; dedi.<\/p>\n<p style=\"text-align: justify;\"><span style=\"color: #888888;\">CNN T\u00dcRK<\/span><\/p>\n","protected":false},"excerpt":{"rendered":"<\/p>\n<p style=\"text-align: justify;\">Askeri Savc\u0131l\u0131k taraf\u0131ndan irtica ile m\u00fccadele eylem plan\u0131 ve \u0131slak imzal\u0131 oldu\u011fu iddia edilen belgeyle ilgili soru\u015fturma s\u00fcr\u00fcyor. Genelkurmay Ba\u015fkanl\u0131\u011f\u0131, belgenin asl\u0131n\u0131n \u0130stanbul Cumhuriyet Savc\u0131l\u0131\u011f\u0131&#8217;ndan 3 kez istendi\u011fini, birincisinde belgenin fotokopisinin, di\u011ferlerinde ise herhangi bir cevab\u0131n gelmedi\u011fini bildirdi. Bunun \u00fczerine askeri savc\u0131l\u0131k, belgeyi 4. kez istedi; cevap bekleniyor. <\/p>\n","protected":false},"author":1,"featured_media":0,"comment_status":"open","ping_status":"closed","sticky":false,"template":"","format":"standard","meta":{"footnotes":""},"categories":[105],"tags":[],"class_list":["post-16322","post","type-post","status-publish","format-standard","hentry","category-gundem","odd"],"_links":{"self":[{"href":"http:\/\/www.korhanyilmaz.com\/index.php?rest_route=\/wp\/v2\/posts\/16322","targetHints":{"allow":["GET"]}}],"collection":[{"href":"http:\/\/www.korhanyilmaz.com\/index.php?rest_route=\/wp\/v2\/posts"}],"about":[{"href":"http:\/\/www.korhanyilmaz.com\/index.php?rest_route=\/wp\/v2\/types\/post"}],"author":[{"embeddable":true,"href":"http:\/\/www.korhanyilmaz.com\/index.php?rest_route=\/wp\/v2\/users\/1"}],"replies":[{"embeddable":true,"href":"http:\/\/www.korhanyilmaz.com\/index.php?rest_route=%2Fwp%2Fv2%2Fcomments&post=16322"}],"version-history":[{"count":0,"href":"http:\/\/www.korhanyilmaz.com\/index.php?rest_route=\/wp\/v2\/posts\/16322\/revisions"}],"wp:attachment":[{"href":"http:\/\/www.korhanyilmaz.com\/index.php?rest_route=%2Fwp%2Fv2%2Fmedia&parent=16322"}],"wp:term":[{"taxonomy":"category","embeddable":true,"href":"http:\/\/www.korhanyilmaz.com\/index.php?rest_route=%2Fwp%2Fv2%2Fcategories&post=16322"},{"taxonomy":"post_tag","embeddable":true,"href":"http:\/\/www.korhanyilmaz.com\/index.php?rest_route=%2Fwp%2Fv2%2Ftags&post=16322"}],"curies":[{"name":"wp","href":"https:\/\/api.w.org\/{rel}","templated":true}]}}