{"id":16309,"date":"2009-11-05T09:01:04","date_gmt":"2009-11-05T07:01:04","guid":{"rendered":"http:\/\/www.korhanyilmaz.com\/?p=16309"},"modified":"2009-11-05T09:01:04","modified_gmt":"2009-11-05T07:01:04","slug":"%e2%80%98cevresi-erdogan%e2%80%99i-israil-konusunda-yaniltiyor%e2%80%99","status":"publish","type":"post","link":"http:\/\/www.korhanyilmaz.com\/?p=16309","title":{"rendered":"\u2018\u00c7evresi Erdo\u011fan\u2019\u0131 \u0130srail konusunda yan\u0131lt\u0131yor\u2019"},"content":{"rendered":"<p style=\"text-align: center;\"><a href=\"http:\/\/www.korhanyilmaz.com\/wp-content\/uploads\/2009\/11\/erdogan.jpg\"  class=\"lightview\"><img loading=\"lazy\" decoding=\"async\" class=\"aligncenter size-full wp-image-16310\" src=\"http:\/\/www.korhanyilmaz.com\/wp-content\/uploads\/2009\/11\/erdogan.jpg\" alt=\"\" width=\"329\" height=\"210\" \/><\/a><\/p>\n<p style=\"text-align: justify;\"><strong><em>Erdo\u011fan\u2019\u0131n Musevi okul arkada\u015f\u0131 i\u00e7in \u201ck\u0131rg\u0131n\u0131m\u201d sitemine yan\u0131t<\/em><\/strong><\/p>\n<p style=\"text-align: justify;\">Ba\u015fbakan Erdo\u011fan\u2019\u0131n d\u00fcn Musevi bir okul arkada\u015f\u0131n\u0131n kendisi i\u00e7in \u201ck\u0131rg\u0131n\u0131m\u201d diyerek sitem etti\u011fini s\u00f6yledi\u011fi ki\u015fi Rafael Sadi. Sadi, Ba\u015fbakan\u2019\u0131n s\u00f6zlerinin kendisini \u00e7ok \u00fczd\u00fc\u011f\u00fcn\u00fc belirterek, \u201cO hakkaniyetin yan\u0131ndad\u0131r. T\u00fcrk-\u0130srail ili\u015fkilerinin bozulmas\u0131ndan rant elde edecekler onu yanl\u0131\u015f y\u00f6nlendiriyorlar\u201d dedi. <!--more--><\/p>\n<p style=\"text-align: justify;\">Ba\u015fbakan Tayyip Erdo\u011fan \u00f6nceki g\u00fcn AKP grup toplant\u0131s\u0131nda Kas\u0131mpa\u015fa\u2019dan bir arkada\u015f\u0131 i\u00e7in \u015funlar\u0131 s\u00f6ylemi\u015fti: \u201cBak\u0131n\u0131z 9 ay \u00f6nce, benim okul arkada\u015f\u0131m Kas\u0131mpa\u015fal\u0131 bir Musevi, \u0130srail\u2019e gidip onu bulmu\u015flar. O da kalkm\u0131\u015f, \u2019yok k\u0131rg\u0131n\u0131m, \u015fuymu\u015f, buymu\u015f&#8230;\u2019Ah ke\u015fke bir arada olsayd\u0131k da o k\u0131rg\u0131nl\u0131\u011f\u0131n\u0131 konu\u015fsayd\u0131k. \u00c7\u00fcnk\u00fc, damdan d\u00fc\u015fmek belli&#8230;\u201d Ba\u015fbakan Erdo\u011fan\u2019\u0131n s\u00f6z\u00fcn\u00fc etti\u011fi arkada\u015f\u0131 2003 y\u0131l\u0131nda T.C. D\u0131\u015f \u0130\u015fleri Bakanl\u0131\u011f\u0131n\u0131n \u201c\u00dcst\u00fcn Hizmet Madalyas\u0131\u201d ile \u00f6d\u00fcllendirilen \u0130srail\u2019deki T\u00fcrkiyeliler Birli\u011fi\u2019nin bas\u0131n s\u00f6zc\u00fcs\u00fc Rafael Sadi. Sadi Ba\u015fbakan\u2019\u0131n kendisi hakk\u0131nda s\u00f6yledi\u011fi bu s\u00f6zlere \u00e7ok k\u0131r\u0131ld\u0131\u011f\u0131n\u0131 s\u00f6yl\u00fcyor. VATAN\u2019a konu\u015fan Sadi Ba\u015fbakan\u2019\u0131n kendisi ve \u0130srail hakk\u0131ndaki ithamlar\u0131na da \u015fu cevaplar\u0131 veriyor:<\/p>\n<p style=\"text-align: justify;\"><em><strong>* MAHALLE ARKADA\u015eIM:<\/strong><\/em> Ba\u015fbakan Erdo\u011fan\u2019\u0131n \u20199 ay \u00f6nce bulmu\u015flar\u2019dedi\u011fi olay Ak\u015fam Gazetesi Yazar\u0131 Mahmut G\u00fcrer \u0130srail\u2019deki T\u00fcrk Konsoloslu\u011fu\u2019ndaki Cumhuriyet Bayram\u0131 Resepsiyonu\u2019nda beni bulmu\u015f ve r\u00f6portaj yapm\u0131\u015ft\u0131 onu kastediyor. Ba\u015fbakan Recep Tayyip Erdo\u011fan benim okul ve mahalle arkada\u015f\u0131md\u0131r. Kendisi hi\u00e7bir zaman \u0130srail ve Musevi d\u00fc\u015fman\u0131 olmad\u0131 ve hep hakkaniyetin yan\u0131nda olarak g\u00fczel i\u015fler yapt\u0131. Ancak T\u00fcrkiye\u2019nin Ba\u015fbakan\u0131\u2019na eski bir arkada\u015f\u0131 i\u00e7in \u2019yok k\u0131rg\u0131n\u0131m, \u015fuymu\u015f, buymu\u015f&#8230;\u2019demesi beni \u00e7ok \u00fczd\u00fc.<\/p>\n<p style=\"text-align: justify;\"><strong><em>* YANLI\u015e Y\u00d6NLEND\u0130R\u0130YORLAR:<\/em><\/strong> Evet ben k\u0131rg\u0131n\u0131m demi\u015ftim ve sebeplerini de a\u00e7\u0131klam\u0131\u015ft\u0131m. Bir Ba\u015fbakan\u2019\u0131n a\u011fz\u0131na bu \u015fekilde konu\u015fmak yak\u0131\u015fm\u0131yor. \u00dcst\u00fcne bir de \u2019Damdan d\u00fc\u015fmek belli\u2019diyor yani Gazze olay\u0131n\u0131 ben de\u011fil o ac\u0131y\u0131 \u00e7ekenler bilir demek istiyor. Bence Recep Tayyip Erdo\u011fan \u00e7ok me\u015fgul ve binlerce i\u015fle u\u011fra\u015f\u0131yor. Onu \u0130srail ve T\u00fcrkiye aras\u0131ndaki ili\u015fkileri a\u00e7mak isteyen baz\u0131 rant\u00e7\u0131lar yanl\u0131\u015f y\u00f6nlendiriyorlar. Ona \u0130srail\u2019e kar\u015f\u0131 \u00e7\u0131k\u0131lmas\u0131 gerekti\u011fini s\u00f6yl\u00fcyorlar.<\/p>\n<p style=\"text-align: justify;\"><strong><em>* BANA G\u00dcVENS\u0130N: <\/em><\/strong>2006 senesinde Gazze\u2019de \u00f6len ailenin \u0130srail taraf\u0131ndan \u00f6ld\u00fcr\u00fclmedi\u011fi, Hamas\u2019\u0131n yerle\u015ftirdi\u011fi may\u0131nlar sonucunda \u00f6ld\u00fc\u011f\u00fc hi\u00e7bir \u015f\u00fcpheye mahal vermeyecek \u015fekilde ispat edildi. Siz \u00e7\u0131kacaks\u0131n\u0131z \u0130srail mahkemesinden \u00e7\u0131kan bir karar\u0131 tan\u0131mayacaks\u0131n\u0131z ve Hamas\u2019\u0131 destekler gibi konu\u015facaks\u0131n\u0131z. Buradan s\u00f6yl\u00fcyorum ben 18 senedir \u0130srail\u2019de ya\u015fayan bir T\u00fcrk\u2019\u00fcm. Ba\u015fbakan Erdo\u011fan e\u011fer \u0130sraillilere g\u00fcvenmiyorsa bir arkada\u015f\u0131 olarak ve bir T\u00fcrk olarak bana g\u00fcvenebilir.<\/p>\n<p style=\"text-align: justify;\"><strong><em>* D\u00dc\u015eMANLIK ARTIYOR: <\/em><\/strong>Kendisi \u0130srail d\u00fc\u015fman\u0131 olmayabilir ancak onun nezninde yapt\u0131\u011f\u0131 a\u00e7\u0131klamalar ile T\u00fcrkiye\u2019deki \u0130srail d\u00fc\u015fmanl\u0131\u011f\u0131 art\u0131yor. Bug\u00fcn bir ka\u00e7 ki\u015fi \u0130stanbul\u2019da bir sinagoga sald\u0131r\u0131 d\u00fczenlese ve masumlar\u0131n can\u0131 yansa bunun vebalini kim verecek. Ba\u015fbakan Erdo\u011fan \u0130srail hakk\u0131ndaki s\u00f6zlerinde d\u00fc\u015fmanl\u0131k yaratacak a\u00e7\u0131klamalardan imtina etmelidir. \u0130srail\u2019in Gazze\u2019ye giden yard\u0131mlar\u0131 engelledi\u011fini s\u00f6yl\u00fcyor ancak her g\u00fcn Gazze\u2019ye 700 kamyon yard\u0131m mal\u0131 gidiyor. 18 Ocak 2009 tarihinden 1 Kas\u0131m 2009\u2019a kadar olan zaman aral\u0131\u011f\u0131nda Gazze\u2019ye \u0130srail s\u0131n\u0131r\u0131ndan 585 bin 431 ton yard\u0131m malzemesi ve 86 milyon 601 bin 206 litre akaryak\u0131t gitti.<\/p>\n<p style=\"text-align: justify;\"><strong><em>* ORDULARIN ARASI \u0130Y\u0130:<\/em><\/strong> (Anadolu Kartal\u0131 tatbikat\u0131na \u0130srail\u2019in kat\u0131lmamas\u0131 \u00fczerine) TSK ile \u0130srail ordusu aras\u0131 a\u00e7\u0131lmad\u0131. Daha ge\u00e7en hafta T\u00fcrk Deniz Kuvvetleri\u2019ne ba\u011fl\u0131 bir firkateyn \u0130srail\u2019de ter\u00f6rle m\u00fccadele ortak tatbikat\u0131na kat\u0131ld\u0131.<\/p>\n<p style=\"text-align: justify;\"><strong><em>* \u0130SRA\u0130L\u2019\u0130 HARCAMAYA GEREK YOK:<\/em><\/strong> 1967 yani \u0130srail ile Arap \u00fclkeleri aras\u0131nda \u20196 G\u00fcn Sava\u015flar\u0131\u2019ya\u015fan\u0131rken ben 14 ya\u015f\u0131nda \u0130stanbul\u2019da Shalom Gazetesinde \u00e7al\u0131\u015f\u0131rken bir adam geldi bana \u2019\u0130srail\u2019le T\u00fcrkiye aras\u0131nda sava\u015f \u00e7\u0131karsa kimin ad\u0131na sava\u015f\u0131rs\u0131n?\u2019dedi. Ona \u2019\u0130leride biri \u00e7\u0131kar da \u0130srail ile T\u00fcrkiye\u2019nin aras\u0131n\u0131n bozmaya \u00e7al\u0131\u015f\u0131rsa ben de hayat\u0131m boyunca o ili\u015fkinin korunmas\u0131 ve bozulan aran\u0131n d\u00fczeltilmesi i\u00e7in \u00e7al\u0131\u015f\u0131r\u0131m demi\u015ftim. Bak\u0131n\u0131z T\u00fcrkiye son 15 g\u00fcn i\u00e7erisinde 4 \u00fclkeyle 550\u2019ye yak\u0131n anla\u015fma yapt\u0131. Aralar\u0131nda Suriye ve \u0130ran da var. Kas\u0131mpa\u015fal\u0131 a\u011fz\u0131 ile s\u00f6ylemem gerekirse devletler aras\u0131nda b\u00f6yle numaralar olur ancak \u0130ran ve Suriye aras\u0131nda yak\u0131nla\u015faca\u011f\u0131m diye \u0130srail\u2019i harcamaya gerek yoktu. E\u011fer s\u00fcre\u00e7 T\u00fcrkiye\u2019de \u015fu anki haliyle devam ederse ben de Ba\u015fbakan\u0131 da iki \u00fclke aras\u0131ndaki ili\u015fkilere darbe vurmaya \u00e7al\u0131\u015fanlar\u0131 da ele\u015ftirmeye devam ederim.<\/p>\n<p style=\"text-align: justify;\"><span style=\"color: #888888;\">Emre \u00d6zt\u00fcrk &#8211; Vatan<\/span><\/p>\n","protected":false},"excerpt":{"rendered":"<p style=\"text-align: center;\">\n<p style=\"text-align: justify;\">Erdo\u011fan\u2019\u0131n Musevi okul arkada\u015f\u0131 i\u00e7in \u201ck\u0131rg\u0131n\u0131m\u201d sitemine yan\u0131t<\/p>\n<p style=\"text-align: justify;\">Ba\u015fbakan Erdo\u011fan\u2019\u0131n d\u00fcn Musevi bir okul arkada\u015f\u0131n\u0131n kendisi i\u00e7in \u201ck\u0131rg\u0131n\u0131m\u201d diyerek sitem etti\u011fini s\u00f6yledi\u011fi ki\u015fi Rafael Sadi. Sadi, Ba\u015fbakan\u2019\u0131n s\u00f6zlerinin kendisini \u00e7ok \u00fczd\u00fc\u011f\u00fcn\u00fc belirterek, \u201cO hakkaniyetin yan\u0131ndad\u0131r. T\u00fcrk-\u0130srail ili\u015fkilerinin bozulmas\u0131ndan rant elde edecekler onu yanl\u0131\u015f y\u00f6nlendiriyorlar\u201d dedi. <\/p>\n","protected":false},"author":1,"featured_media":0,"comment_status":"open","ping_status":"closed","sticky":false,"template":"","format":"standard","meta":{"footnotes":""},"categories":[105],"tags":[],"class_list":["post-16309","post","type-post","status-publish","format-standard","hentry","category-gundem","odd"],"_links":{"self":[{"href":"http:\/\/www.korhanyilmaz.com\/index.php?rest_route=\/wp\/v2\/posts\/16309","targetHints":{"allow":["GET"]}}],"collection":[{"href":"http:\/\/www.korhanyilmaz.com\/index.php?rest_route=\/wp\/v2\/posts"}],"about":[{"href":"http:\/\/www.korhanyilmaz.com\/index.php?rest_route=\/wp\/v2\/types\/post"}],"author":[{"embeddable":true,"href":"http:\/\/www.korhanyilmaz.com\/index.php?rest_route=\/wp\/v2\/users\/1"}],"replies":[{"embeddable":true,"href":"http:\/\/www.korhanyilmaz.com\/index.php?rest_route=%2Fwp%2Fv2%2Fcomments&post=16309"}],"version-history":[{"count":0,"href":"http:\/\/www.korhanyilmaz.com\/index.php?rest_route=\/wp\/v2\/posts\/16309\/revisions"}],"wp:attachment":[{"href":"http:\/\/www.korhanyilmaz.com\/index.php?rest_route=%2Fwp%2Fv2%2Fmedia&parent=16309"}],"wp:term":[{"taxonomy":"category","embeddable":true,"href":"http:\/\/www.korhanyilmaz.com\/index.php?rest_route=%2Fwp%2Fv2%2Fcategories&post=16309"},{"taxonomy":"post_tag","embeddable":true,"href":"http:\/\/www.korhanyilmaz.com\/index.php?rest_route=%2Fwp%2Fv2%2Ftags&post=16309"}],"curies":[{"name":"wp","href":"https:\/\/api.w.org\/{rel}","templated":true}]}}