{"id":16304,"date":"2009-11-04T15:13:32","date_gmt":"2009-11-04T13:13:32","guid":{"rendered":"http:\/\/www.korhanyilmaz.com\/?p=16304"},"modified":"2025-10-30T20:05:16","modified_gmt":"2025-10-30T17:05:16","slug":"asi-catlagi","status":"publish","type":"post","link":"http:\/\/www.korhanyilmaz.com\/?p=16304","title":{"rendered":"A\u015f\u0131 \u00e7atla\u011f\u0131"},"content":{"rendered":"<p><a href=\"http:\/\/www.korhanyilmaz.com\/wp-content\/uploads\/2009\/11\/raw_tip-dunyasinda-asi-catlagi_115326818-1.jpg\"  class=\"lightview\"><img loading=\"lazy\" decoding=\"async\" class=\"aligncenter wp-image-619871\" src=\"http:\/\/www.korhanyilmaz.com\/wp-content\/uploads\/2009\/11\/raw_tip-dunyasinda-asi-catlagi_115326818-1.jpg\" alt=\"\" width=\"500\" height=\"250\" \/><\/a><\/p>\n<p style=\"text-align: justify;\"><strong><em>A\u015f\u0131 T\u00fcrkiye\u2019yi ikiye b\u00f6ld\u00fc. <\/em><\/strong><\/p>\n<p style=\"text-align: justify;\">Sa\u011fl\u0131k Bakanl\u0131\u011f\u0131\u2019n\u0131n ba\u015flatt\u0131\u011f\u0131 kampanyayla h\u00fck\u00fcmetin tek ses oldu\u011fu d\u00fc\u015f\u00fcn\u00fcl\u00fcyordu. Ama Ba\u015fbakan\u2019\u0131n \u201cBen a\u015f\u0131 olmayaca\u011f\u0131m\u201d \u00e7\u0131k\u0131\u015f\u0131yla kafalar iyice kar\u0131\u015ft\u0131.<\/p>\n<p style=\"text-align: justify;\">T\u00fcrkiye\u2019nin en iyi hastanelerinde g\u00f6revli uzmanlara sorduk: \u201cA\u015f\u0131 olal\u0131m m\u0131, olmayal\u0131m m\u0131?\u201d \u00c7o\u011fu, \u2019Risk grubundakiler kesinlikle a\u015f\u0131 olmal\u0131\u2019 dedi. Ancak kimi de yan etki konusunda \u015f\u00fcpheli <!--more--><\/p>\n<p style=\"text-align: justify;\"><strong><em>A\u015f\u0131n\u0131n faydas\u0131, olas\u0131 yan etkilerinden daha b\u00fcy\u00fck <\/em><\/strong><\/p>\n<p style=\"text-align: justify;\">* T\u00dcRK TAB\u0130PLER\u0130 B\u0130RL\u0130\u011e\u0130 MERKEZ KONSEY\u0130: T\u00fcrkiye\u2019nin bir Ulusal Pandemi Plan\u0131 var. Bir\u00e7ok ayr\u0131nt\u0131y\u0131 i\u00e7eren bu planda, ilgili otorite olarak Sa\u011fl\u0131k Bakanl\u0131\u011f\u0131n\u0131n yeri tart\u0131\u015f\u0131lmaz. Ne yaz\u0131k ki bu s\u00fcre\u00e7te Sa\u011fl\u0131k Bakanl\u0131\u011f\u0131na y\u00f6nelik ciddi bir g\u00fcvensizlik hakim. Ba\u015fbakan\u2019\u0131n a\u015f\u0131 olmayaca\u011f\u0131n\u0131 a\u00e7\u0131klamas\u0131yla ula\u015ft\u0131\u011f\u0131 noktan\u0131n telafisi m\u00fcmk\u00fcn de\u011fil. \u00c7\u00fcnk\u00fc a\u015f\u0131n\u0131n faydas\u0131, olas\u0131 yan etkilerin yol a\u00e7aca\u011f\u0131 zarardan \u00e7ok daha b\u00fcy\u00fck.<\/p>\n<p style=\"text-align: justify;\"><em><strong>Olumsuz bir kan\u0131t yok <\/strong><\/em><\/p>\n<p style=\"text-align: justify;\"><strong>* GAZ\u0130 \u00dcN\u0130V. TIP FAK. ENFEKS\u0130YON ANAB\u0130L\u0130M DALI BA\u015eKANI PROF. ES\u0130N \u015eENOL:<\/strong> \u00d6ncelikle risk grubu \u00e7ok y\u00fcksek sa\u011fl\u0131k personelini a\u015f\u0131lad\u0131k. Ben de a\u015f\u0131land\u0131m. Toplam 3 bin personelimiz var. Yeni a\u015f\u0131 talebinde bulunduk. A\u015f\u0131yla ilgili asl\u0131nda bilimsel olumsuz bir kan\u0131t yok. Yorum farklar\u0131 s\u00f6z konusu. A\u015f\u0131n\u0131n i\u00e7indekiler bizim bildi\u011fimiz maddeler. Yan etkilerin olmas\u0131 ka\u00e7\u0131n\u0131lmaz tabii. Bakanl\u0131k bize yeni a\u015f\u0131 g\u00f6nderdi\u011fi zaman isteyen di\u011fer personel de a\u015f\u0131 olacak.<\/p>\n<p style=\"text-align: justify;\"><strong>Grip a\u015f\u0131s\u0131ndan farks\u0131z <\/strong><\/p>\n<p style=\"text-align: justify;\"><strong>* ANKARA \u00dcN\u0130V. TIP FAK. \u00c7OCUK ENFEKS\u0130YON HAS. \u00d6\u011eRET\u0130M \u00dcYES\u0130 PROF. DR. ERDAL \u0130NCE:<\/strong> Elimizdeki mevcut bilgilere g\u00f6re domuz gribi a\u015f\u0131s\u0131n\u0131n mevsimsel grip a\u015f\u0131lar\u0131na g\u00f6re daha farkl\u0131 ya da daha fazla bir yan etkisi yok. A\u015f\u0131n\u0131n belirlenen risk grubundaki herkese yap\u0131lmas\u0131 gerekiyor.<\/p>\n<p style=\"text-align: justify;\"><strong><em>Yan etkisiz a\u015f\u0131 olmaz <\/em><\/strong><\/p>\n<p style=\"text-align: justify;\"><strong>* HACETTEPE \u00dcN\u0130V. \u00c7OCUK ENFEKS\u0130YON HAS. \u00d6\u011eRET\u0130M \u00dcYES\u0130 PROF. MEHMET CEYHAN: <\/strong>Bu b\u00fct\u00fcn d\u00fcnyada olan \u015fey; yeni bir \u015fey \u00e7\u0131k\u0131nca insanlar \u015f\u00fcpheyle yakla\u015f\u0131r. Bilim adamlar\u0131n\u0131nki de gayet do\u011fal. Olay\u0131n \u015fekli de\u011fiyor \u00f6l\u00fc say\u0131s\u0131 art\u0131yor, katlanarak da artacak. \u00d6l\u00fcm say\u0131s\u0131 artt\u0131k\u00e7a insanlar\u0131n d\u00fc\u015f\u00fcncelerinin d\u00fc\u015f\u00fcnece\u011fini d\u00fc\u015f\u00fcn\u00fcyorum. A\u015f\u0131n\u0131n riskleri, yan etkisi olmamas\u0131 m\u00fcmk\u00fcn de\u011fil. Genel kurald\u0131r. Yan etkisi olmayan ilac\u0131n etkisi olmaz. Hastal\u0131\u011f\u0131n risklerinin a\u011f\u0131r bast\u0131\u011f\u0131n\u0131 g\u00f6r\u00fcyorum ve a\u015f\u0131n\u0131n yap\u0131lmas\u0131 gerekti\u011fini d\u00fc\u015f\u00fcn\u00fcyorum.<\/p>\n<p style=\"text-align: justify;\"><strong><em>Salg\u0131n var, a\u015f\u0131 olmal\u0131 <\/em><\/strong><\/p>\n<p style=\"text-align: justify;\"><strong>* S\u00dcLEYMAN DEM\u0130REL \u00dcN\u0130V. TIP FAK. ENFEK. HAS. ANAB\u0130L\u0130M DALI BA\u015eK. PROF. DR. G\u00dcLER YAYLI: <\/strong>Domuz gribi de normal bir mevsimsel girip \u015feklindedir. Nas\u0131l ki grip olmamak i\u00e7in a\u015f\u0131 vuruluyorsak, domuz gribi olmamak i\u00e7in de bu a\u015f\u0131n\u0131n vurulmas\u0131 gerekti\u011fini d\u00fc\u015f\u00fcn\u00fcyorum. Ortada bir salg\u0131n var. Bu a\u015f\u0131 da salg\u0131n\u0131n \u00f6n\u00fcne ge\u00e7mek i\u00e7in geli\u015ftirildi. Bu a\u015f\u0131n\u0131n yan etkileri, k\u0131sa s\u00fcreli\u011fine ate\u015f, kolda a\u011fr\u0131 ve halsizlik. A\u015f\u0131 olursan\u0131z bunlar\u0131 ya\u015fayacaks\u0131n\u0131z ama domuz gribi olursan\u0131z \u00f6l\u00fcm gibi bir sonucu bulunan riskle kar\u015f\u0131la\u015facaks\u0131n\u0131z. Y\u00fczde birlik bir \u00f6l\u00fcm riskiniz olacak. Kald\u0131 ki, hi\u00e7bir a\u015f\u0131 s\u0131f\u0131r zarars\u0131z de\u011fildir. Vuruldu\u011fumuz her a\u015f\u0131n\u0131n mutlaka bir yan etkisi vard\u0131r. Bu a\u015f\u0131n\u0131n da di\u011fer a\u015f\u0131lardan fark\u0131 yok. O zaman di\u011fer a\u015f\u0131lar\u0131 da yapt\u0131rmayal\u0131m&#8230;<\/p>\n<p style=\"text-align: justify;\"><strong><em>Hamileyim, olaca\u011f\u0131m<\/em><\/strong><\/p>\n<p style=\"text-align: justify;\"><strong>* KADIK\u00d6Y \u015e\u0130FA HASTANES\u0130 UZMANI DR. AYL\u0130N \u0130ZAT L\u0130CEO\u011eLU:<\/strong> \u201cKesinlikle a\u015f\u0131y\u0131 tavsiye ediyoruz. Ben hamileyim, risk grubunday\u0131m ve a\u015f\u0131y\u0131 olaca\u011f\u0131m. Hastane olarak, sa\u011fl\u0131k Bakanl\u0131\u011f\u0131\u2019ndan biz de a\u015f\u0131m\u0131z\u0131 ald\u0131k ve kendi sa\u011fl\u0131k personelimize de a\u015f\u0131 yapaca\u011f\u0131z. A\u015f\u0131 ile ilgili olarak, bilimsel verilere g\u00f6re ve benim \u00fcniversitelerden kendi edindi\u011fim verilere g\u00f6re \u00e7\u0131kan sonu\u00e7, a\u015f\u0131\u015f\u0131n kesinlikle yap\u0131lmas\u0131 y\u00f6n\u00fcnde. Ama tabii ki hi\u00e7bir ila\u00e7 y\u00fczde 100 g\u00fcvenilir de\u011fildir. A\u015f\u0131yla ilgili tart\u0131\u015fmalar spek\u00fclasyon halinde. Elbette milyonlarca ki\u015fiyi a\u015f\u0131larsan\u0131z i\u00e7inden 2-3 ki\u015fi rahats\u0131zlanabilir. Ama bunlar \u00e7ok normal. Hastal\u0131k daha tehlikeli. A\u015f\u0131 yap\u0131lmazsa, vir\u00fcs k\u0131r\u0131p ge\u00e7irmeye ba\u015flayacak.<\/p>\n<p style=\"text-align: justify;\"><strong><em>Biyolojik silah de\u011fil<\/em><\/strong><\/p>\n<p style=\"text-align: justify;\"><strong>* GAZ\u0130 \u00dcN\u0130V.TIP FAK. \u0130MM\u00dcNOLOJ\u0130 B\u00d6L\u00dcM BA\u015eKANI PROF. DR. VEDAT BULUT: <\/strong>Mevsimsel griple domuz gribi aras\u0131nda fark yok. \u00d6lenler domuz gribinden de\u011fil, kronik hastal\u0131klardan \u00f6l\u00fcyor. Domuz gribi tetikliyor. 42 milyon a\u015f\u0131dan 24 milyonu risk grubuna a\u015f\u0131lanabilirse \u00f6l\u00fcm azalacakt\u0131r. Vatanda\u015f a\u015f\u0131 yaparsa \u00f6l\u00fcm oran\u0131 da azalacak. Avrupa \u0130la\u00e7 De\u011ferlendirme Kurulu ve D\u00fcnya Sa\u011fl\u0131k \u00d6rg\u00fct\u00fc (DS\u00d6) de a\u015f\u0131y\u0131 onaylad\u0131. \u0130lk yap\u0131lan \u00fclke de T\u00fcrkiye de\u011fil. Komplo teorileri gereksizdir. A\u015f\u0131 biyolojik bir silah de\u011fildir.<\/p>\n<p style=\"text-align: justify;\"><strong><em>Risk grubuna yap\u0131lmal\u0131<\/em><\/strong><\/p>\n<p style=\"text-align: justify;\"><strong>* \u00d6ZEL MED\u0130CAL PARK HASTANES\u0130 UZMANI DOKTOR SAL\u0130HA PINAR KEPEK\u00c7\u0130: <\/strong>Ben kesinlikle Sa\u011fl\u0131k Bakanl\u0131\u011f\u0131\u2019n\u0131n a\u011f\u0131r hastal\u0131k i\u00e7in risk grubuna ald\u0131\u011f\u0131 ki\u015filere domuz gribi a\u015f\u0131s\u0131n\u0131n yap\u0131lmas\u0131 taraftar\u0131y\u0131m. Ancak ba\u015fka ila\u00e7lara, yumurtaya, aspirine alerjisi olanlarla, kas grubu hastal\u0131\u011f\u0131 bulunanlara a\u015f\u0131 yap\u0131lmamal\u0131. \u00f6\u011frenmeli. Ancak toplumun bir k\u0131sm\u0131 a\u015f\u0131 olur bir k\u0131sm\u0131 olmaz ise ba\u011f\u0131\u015f\u0131kl\u0131k i\u00e7in gerekli verimlilik sa\u011flanamaz. \u00c7\u00fcnk\u00fc a\u015f\u0131 olup ba\u011f\u0131\u015f\u0131kl\u0131k kazanan ki\u015filer vir\u00fcs\u00fc ta\u015f\u0131y\u0131c\u0131 olarak a\u015f\u0131 olmayanlara bula\u015ft\u0131rabilir. Biz zaten D\u00fcnya Sa\u011fl\u0131k \u00d6rg\u00fct\u00fc ve Amerikan G\u0131da ve \u0130la\u00e7 Dairesi\u2019nin uygulad\u0131\u011f\u0131 y\u00f6ntemleri takip ediyoruz.<\/p>\n<p style=\"text-align: justify;\"><span style=\"color: #888888;\">Kenan Butak\u0131n &#8211; Vatan<\/span><\/p>\n","protected":false},"excerpt":{"rendered":"<\/p>\n<p style=\"text-align: justify;\">A\u015f\u0131 T\u00fcrkiye\u2019yi ikiye b\u00f6ld\u00fc. <\/p>\n<p style=\"text-align: justify;\">Sa\u011fl\u0131k Bakanl\u0131\u011f\u0131\u2019n\u0131n ba\u015flatt\u0131\u011f\u0131 kampanyayla h\u00fck\u00fcmetin tek ses oldu\u011fu d\u00fc\u015f\u00fcn\u00fcl\u00fcyordu. Ama Ba\u015fbakan\u2019\u0131n \u201cBen a\u015f\u0131 olmayaca\u011f\u0131m\u201d \u00e7\u0131k\u0131\u015f\u0131yla kafalar iyice kar\u0131\u015ft\u0131.<\/p>\n<p style=\"text-align: justify;\">T\u00fcrkiye\u2019nin en iyi hastanelerinde g\u00f6revli uzmanlara sorduk: \u201cA\u015f\u0131 olal\u0131m m\u0131, olmayal\u0131m m\u0131?\u201d \u00c7o\u011fu, \u2019Risk grubundakiler kesinlikle a\u015f\u0131 olmal\u0131\u2019 dedi. Ancak kimi de yan etki konusunda <\/p>\n","protected":false},"author":1,"featured_media":0,"comment_status":"open","ping_status":"closed","sticky":false,"template":"","format":"standard","meta":{"footnotes":""},"categories":[5],"tags":[],"class_list":["post-16304","post","type-post","status-publish","format-standard","hentry","category-saglik","odd"],"_links":{"self":[{"href":"http:\/\/www.korhanyilmaz.com\/index.php?rest_route=\/wp\/v2\/posts\/16304","targetHints":{"allow":["GET"]}}],"collection":[{"href":"http:\/\/www.korhanyilmaz.com\/index.php?rest_route=\/wp\/v2\/posts"}],"about":[{"href":"http:\/\/www.korhanyilmaz.com\/index.php?rest_route=\/wp\/v2\/types\/post"}],"author":[{"embeddable":true,"href":"http:\/\/www.korhanyilmaz.com\/index.php?rest_route=\/wp\/v2\/users\/1"}],"replies":[{"embeddable":true,"href":"http:\/\/www.korhanyilmaz.com\/index.php?rest_route=%2Fwp%2Fv2%2Fcomments&post=16304"}],"version-history":[{"count":0,"href":"http:\/\/www.korhanyilmaz.com\/index.php?rest_route=\/wp\/v2\/posts\/16304\/revisions"}],"wp:attachment":[{"href":"http:\/\/www.korhanyilmaz.com\/index.php?rest_route=%2Fwp%2Fv2%2Fmedia&parent=16304"}],"wp:term":[{"taxonomy":"category","embeddable":true,"href":"http:\/\/www.korhanyilmaz.com\/index.php?rest_route=%2Fwp%2Fv2%2Fcategories&post=16304"},{"taxonomy":"post_tag","embeddable":true,"href":"http:\/\/www.korhanyilmaz.com\/index.php?rest_route=%2Fwp%2Fv2%2Ftags&post=16304"}],"curies":[{"name":"wp","href":"https:\/\/api.w.org\/{rel}","templated":true}]}}