{"id":16297,"date":"2009-11-04T23:11:35","date_gmt":"2009-11-04T21:11:35","guid":{"rendered":"http:\/\/www.korhanyilmaz.com\/?p=16297"},"modified":"2009-11-04T23:11:35","modified_gmt":"2009-11-04T21:11:35","slug":"apye-gore-turkiyede-sorunun-kaynagi-yargi","status":"publish","type":"post","link":"http:\/\/www.korhanyilmaz.com\/?p=16297","title":{"rendered":"AP&#8217;ye g\u00f6re T\u00fcrkiye&#8217;de sorunun kayna\u011f\u0131 yarg\u0131"},"content":{"rendered":"<p style=\"text-align: center;\"><a href=\"http:\/\/www.korhanyilmaz.com\/wp-content\/uploads\/2009\/11\/YARG\u0130.jpg\"  class=\"lightview\"><img loading=\"lazy\" decoding=\"async\" class=\"aligncenter size-full wp-image-16298\" src=\"http:\/\/www.korhanyilmaz.com\/wp-content\/uploads\/2009\/11\/YARG\u0130.jpg\" alt=\"\" width=\"307\" height=\"236\" \/><\/a><\/p>\n<p style=\"text-align: justify;\">Avrupa Parlamentosu (AP) T\u00fcrkiye Raport\u00f6r\u00fc Ria Oomen-Ruijten, T\u00fcrkiye&#8217;de bir\u00e7ok sorunun yarg\u0131n\u0131n iyi i\u015flememesinden kaynakland\u0131\u011f\u0131n\u0131 savundu.<\/p>\n<p style=\"text-align: justify;\">AP D\u0131\u015f \u0130li\u015fkiler Komitesi&#8217;nde, \u0130talyan H\u0131ristiyan Demokrat Gabriele Albertini taraf\u0131ndan kaleme al\u0131nan, Bat\u0131 Balkan \u00fclkeleri, \u0130zlanda ve T\u00fcrkiye hakk\u0131nda karar tasla\u011f\u0131n\u0131n g\u00f6r\u00fc\u015f\u00fcld\u00fc\u011f\u00fc oturumda konu\u015fan Oomen-Ruijten, yarg\u0131n\u0131n tarafs\u0131zl\u0131k ve ba\u011f\u0131ms\u0131zl\u0131k sorununun \u00e7\u00f6z\u00fclmesi gerekti\u011fini belirterek, h\u00fck\u00fcmetin a\u00e7\u0131klad\u0131\u011f\u0131 yarg\u0131 reformu stratejisinin bir an \u00f6nce uygulanmas\u0131n\u0131 istedi. <!--more--><\/p>\n<p style=\"text-align: justify;\">&#8220;T\u00fcrkiye&#8217;de bir\u00e7ok sorunun kayna\u011f\u0131 yarg\u0131n\u0131n iyi i\u015flememesi&#8221; g\u00f6r\u00fc\u015f\u00fcn\u00fc dile getiren Oomen-Ruijten, yarg\u0131 reformu konusunda h\u00fck\u00fcmet ve muhalefetin uzla\u015fmas\u0131 \u00e7a\u011fr\u0131s\u0131nda bulundu. Ba\u015fbakan Recep Tayyip Erdo\u011fan&#8217;\u0131n ge\u00e7en hafta yapt\u0131\u011f\u0131 Tahran ziyaretinde \u0130ran&#8217;la dostluk a\u00e7\u0131klamalar\u0131n\u0131n b\u00fcy\u00fck ele\u015ftiriye yol a\u00e7t\u0131\u011f\u0131n\u0131 \u00f6ne s\u00fcren Oomen-Ruijten, &#8220;Fakat biz Avrupal\u0131lar i\u00e7in sadece dostluk yeterli de\u011fil, \u0130ran&#8217;da insan haklar\u0131 yetersizli\u011finden de konu\u015fmal\u0131y\u0131z. Ayr\u0131ca \u0130ran&#8217;\u0131n n\u00fckleer program\u0131 ve n\u00fckleer silahlar konusundaki g\u00f6r\u00fc\u015fleriniz de a\u00e7\u0131kl\u0131\u011fa kavu\u015fturulmal\u0131&#8221; diye konu\u015ftu.<\/p>\n<p style=\"text-align: justify;\">Liberaller ad\u0131na konu\u015fan Bel\u00e7ikal\u0131 Annemie Neyts-Uyttebroeck ise karar tasla\u011f\u0131nda T\u00fcrkiye&#8217;ye &#8220;\u0130ran konusu ba\u015fta olmak \u00fczere AB ile koordineli d\u0131\u015f politika y\u00fcr\u00fctmesi&#8221; \u00e7a\u011fr\u0131s\u0131 yap\u0131lmas\u0131na kar\u015f\u0131 \u00e7\u0131karak &#8220;S\u00fcrekli olarak T\u00fcrkiye&#8217;ye ne yapmas\u0131 gerekti\u011fini s\u00f6yledik. Fakat onlardan d\u0131\u015f politikalar\u0131n\u0131 AB ile koordine etmelerini isteyemeyiz, bu yanl\u0131\u015f bir \u015fey. AB&#8217;de her \u00fcyenin d\u0131\u015f politikas\u0131 farkl\u0131 ve biz buna sayg\u0131 g\u00f6steriyoruz. T\u00fcrkiye&#8217;den farkl\u0131 bir \u015fey yapmas\u0131n\u0131 isteyemeyiz&#8221; dedi.<\/p>\n<p style=\"text-align: justify;\">Oturumda Rum ve Yunan milletvekilleri ise T\u00fcrkiye hakk\u0131ndaki paragrafta K\u0131br\u0131s&#8217;la ilgili ifadelerin sertle\u015ftirilmesini istedi. D\u0131\u015f \u0130li\u015fkiler Komitesi Ba\u015fkan\u0131 Albertini&#8217;nin kaleme ald\u0131\u011f\u0131 geni\u015fleme karar tasla\u011f\u0131nda, &#8220;kat\u0131l\u0131m&#8221; kelimesi di\u011fer aday \u00fclkelerden H\u0131rvatistan paragraf\u0131nda 3 ve Makedonya paragraf\u0131nda 1 kez kullan\u0131l\u0131yor. Daha aday \u00fclke stat\u00fcs\u00fc bile bulunmayan \u0130zlanda i\u00e7in dahi kullan\u0131lan &#8220;kat\u0131l\u0131m&#8221; ifadesi, \u00fcyelik m\u00fczakerelerine H\u0131rvatistan&#8217;la e\u015f zamanl\u0131 ba\u015flayan T\u00fcrkiye s\u00f6z konusu olunca tercih edilmiyor.<\/p>\n<p style=\"text-align: justify;\">Belgede T\u00fcrkiye&#8217;ye, &#8220;\u0130ran konusu ba\u015fta olmak \u00fczere AB ile koordineli d\u0131\u015f politika y\u00fcr\u00fctmesi, Ek protokol y\u00fck\u00fcml\u00fcl\u00fcklerini yerine getirmesi, K\u0131br\u0131s sorununa h\u0131zla kapsaml\u0131 \u00e7\u00f6z\u00fcm bulunmas\u0131na aktif katk\u0131da bulunmas\u0131 ve AB-NATO stratejik i\u015fbirli\u011finin ilerletilmesini engellemekten vazge\u00e7mesi&#8221; \u00e7a\u011fr\u0131lar\u0131 yap\u0131l\u0131yor. Karar tasla\u011f\u0131nda T\u00fcrkiye&#8217;nin, Ermenistan&#8217;la ili\u015fkilerin normalle\u015ftirilmesi i\u00e7in g\u00f6sterilen diplomatik \u00e7abalar memnuniyetle kar\u015f\u0131lanarak, TBMM&#8217;nin imzalanan protokolleri onaylanmas\u0131 isteniyor. Demokratik a\u00e7\u0131l\u0131m \u00e7abalar\u0131n\u0131n da \u00f6v\u00fcld\u00fc\u011f\u00fc belgede, K\u00fcrt k\u00f6kenli vatanda\u015flar\u0131n sorunlar\u0131n\u0131n \u00e7\u00f6z\u00fcm\u00fc yolunda h\u00fck\u00fcmetin somut ad\u0131mlar atmas\u0131 g\u00f6r\u00fc\u015f\u00fc ifade ediliyor.<\/p>\n<p style=\"text-align: justify;\"><span style=\"color: #888888;\">CNN T\u00dcRK<\/span><\/p>\n","protected":false},"excerpt":{"rendered":"<p style=\"text-align: center;\">\n<p style=\"text-align: justify;\">Avrupa Parlamentosu (AP) T\u00fcrkiye Raport\u00f6r\u00fc Ria Oomen-Ruijten, T\u00fcrkiye&#8217;de bir\u00e7ok sorunun yarg\u0131n\u0131n iyi i\u015flememesinden kaynakland\u0131\u011f\u0131n\u0131 savundu.<\/p>\n<p style=\"text-align: justify;\">AP D\u0131\u015f \u0130li\u015fkiler Komitesi&#8217;nde, \u0130talyan H\u0131ristiyan Demokrat Gabriele Albertini taraf\u0131ndan kaleme al\u0131nan, Bat\u0131 Balkan \u00fclkeleri, \u0130zlanda ve T\u00fcrkiye hakk\u0131nda karar tasla\u011f\u0131n\u0131n g\u00f6r\u00fc\u015f\u00fcld\u00fc\u011f\u00fc oturumda konu\u015fan Oomen-Ruijten, yarg\u0131n\u0131n tarafs\u0131zl\u0131k ve ba\u011f\u0131ms\u0131zl\u0131k sorununun \u00e7\u00f6z\u00fclmesi gerekti\u011fini belirterek, <\/p>\n","protected":false},"author":1,"featured_media":0,"comment_status":"open","ping_status":"closed","sticky":false,"template":"","format":"standard","meta":{"footnotes":""},"categories":[3],"tags":[],"class_list":["post-16297","post","type-post","status-publish","format-standard","hentry","category-dunya","odd"],"_links":{"self":[{"href":"http:\/\/www.korhanyilmaz.com\/index.php?rest_route=\/wp\/v2\/posts\/16297","targetHints":{"allow":["GET"]}}],"collection":[{"href":"http:\/\/www.korhanyilmaz.com\/index.php?rest_route=\/wp\/v2\/posts"}],"about":[{"href":"http:\/\/www.korhanyilmaz.com\/index.php?rest_route=\/wp\/v2\/types\/post"}],"author":[{"embeddable":true,"href":"http:\/\/www.korhanyilmaz.com\/index.php?rest_route=\/wp\/v2\/users\/1"}],"replies":[{"embeddable":true,"href":"http:\/\/www.korhanyilmaz.com\/index.php?rest_route=%2Fwp%2Fv2%2Fcomments&post=16297"}],"version-history":[{"count":0,"href":"http:\/\/www.korhanyilmaz.com\/index.php?rest_route=\/wp\/v2\/posts\/16297\/revisions"}],"wp:attachment":[{"href":"http:\/\/www.korhanyilmaz.com\/index.php?rest_route=%2Fwp%2Fv2%2Fmedia&parent=16297"}],"wp:term":[{"taxonomy":"category","embeddable":true,"href":"http:\/\/www.korhanyilmaz.com\/index.php?rest_route=%2Fwp%2Fv2%2Fcategories&post=16297"},{"taxonomy":"post_tag","embeddable":true,"href":"http:\/\/www.korhanyilmaz.com\/index.php?rest_route=%2Fwp%2Fv2%2Ftags&post=16297"}],"curies":[{"name":"wp","href":"https:\/\/api.w.org\/{rel}","templated":true}]}}