{"id":16294,"date":"2009-11-04T23:56:00","date_gmt":"2009-11-04T21:56:00","guid":{"rendered":"http:\/\/www.korhanyilmaz.com\/?p=16294"},"modified":"2009-11-04T23:56:00","modified_gmt":"2009-11-04T21:56:00","slug":"bakan-cicekten-10-kasimda-acilim-savunmasi","status":"publish","type":"post","link":"http:\/\/www.korhanyilmaz.com\/?p=16294","title":{"rendered":"Bakan \u00c7i\u00e7ek&#039;ten &#039;10 Kas\u0131m&#039;da a\u00e7\u0131l\u0131m&#039; savunmas\u0131"},"content":{"rendered":"<p style=\"text-align: center;\"><a href=\"http:\/\/www.korhanyilmaz.com\/wp-content\/uploads\/2009\/11\/cicek.jpg\"  class=\"lightview\"><img loading=\"lazy\" decoding=\"async\" class=\"aligncenter size-full wp-image-16295\" src=\"http:\/\/www.korhanyilmaz.com\/wp-content\/uploads\/2009\/11\/cicek.jpg\" alt=\"\" width=\"307\" height=\"236\" \/><\/a><\/p>\n<p style=\"text-align: justify;\">Devlet Bakan\u0131 ve Ba\u015fbakan Yard\u0131mc\u0131s\u0131 Cemil \u00c7i\u00e7ek, &#8220;Biz neyi konu\u015faca\u011f\u0131z o g\u00fcn de 10 Kas\u0131m&#8217;a g\u00f6lge d\u00fc\u015f\u00fcrm\u00fc\u015f olacak. Bu \u00fclkenin birli\u011fini, dirli\u011fini, huzurunu, bar\u0131\u015f\u0131n\u0131 ve karde\u015fli\u011fini konu\u015faca\u011f\u0131z&#8221; dedi.<\/p>\n<p style=\"text-align: justify;\">\u00d6zel bir televizyon kanal\u0131n\u0131n haber b\u00fcltenine kat\u0131larak sorular\u0131 yan\u0131tlayan \u00c7i\u00e7ek, &#8220;Demokratik A\u00e7\u0131l\u0131m&#8221;\u0131n 10 Kas\u0131m&#8217;da TBMM&#8217;de tart\u0131\u015f\u0131laca\u011f\u0131n\u0131n ve bu konudaki polemiklerin hat\u0131rlat\u0131lmas\u0131 \u00fczerine &#8220;konunun polemiklere kurban edilemeyecek kadar \u00f6nemli oldu\u011funu&#8221; s\u00f6yledi. <!--more--><\/p>\n<p style=\"text-align: justify;\">Herkesin olabildi\u011fince so\u011fukkanl\u0131 olmas\u0131, birbirinin s\u00f6z\u00fcne kulak veren, birbirini anlamaya \u00e7al\u0131\u015fan bir atmosferde bu konunun tart\u0131\u015f\u0131lmas\u0131, g\u00f6r\u00fc\u015f\u00fclmesi gerekti\u011fini vurgulayan Bakan \u00c7i\u00e7ek, Meclis \u00e7al\u0131\u015fmalar\u0131nda uzun bir s\u00fcredir sal\u0131 g\u00fcn\u00fcn\u00fcn denetim, \u00e7ar\u015famba ve per\u015fembenin ise kanun tasar\u0131 ve tekliflerinin g\u00f6r\u00fc\u015f\u00fcld\u00fc\u011f\u00fc g\u00fcn oldu\u011funu belirtti.<\/p>\n<p style=\"text-align: justify;\">\u00c7i\u00e7ek, \u015funlar\u0131 kaydetti:<\/p>\n<p style=\"text-align: justify;\">&#8220;Biz neyi konu\u015faca\u011f\u0131z o g\u00fcn de 10 Kas\u0131m&#8217;a g\u00f6lge d\u00fc\u015f\u00fcrm\u00fc\u015f olacak. Bu \u00fclkenin birli\u011fini, dirli\u011fini, huzurunu, bar\u0131\u015f\u0131n\u0131 ve karde\u015fli\u011fini konu\u015faca\u011f\u0131z. &#8216;Yurtta Sulh, Cihanda Sulh&#8217; ilkesini benimsemi\u015f, \u00f6z\u00fcmsemi\u015f bir \u00fclke olarak, bunu d\u0131\u015f politikas\u0131n\u0131n omurgas\u0131 haline getirmi\u015f bir \u00fclke olarak, \u00fclkenin bar\u0131\u015f\u0131yla ilgili bir konuyu 10 Kas\u0131m&#8217;da konu\u015fmakta ne var? E\u011fer iyi niyetle olaya bak\u0131yorsan\u0131z. Yok niyetiniz ba\u015fka t\u00fcrl\u00fcyse, bir maraza \u00e7\u0131karmaksa, bir gerginlik \u00e7\u0131karmaksa, i\u015fin esas\u0131n\u0131 konu\u015fmak istemiyorsan\u0131z o taktirde 10 Kas\u0131m&#8217;da b\u00f6yle bir bahane bulursunuz. 11 Kas\u0131m&#8217;da ba\u015fka bir bahane olur, 12 Kas\u0131m&#8217;da da ba\u015fka bir bahane olur. \u00d6ylesine bir mesele ki bu tarihi derinli\u011fi var, siyasi boyutlar\u0131 var, ekonomik boyutlar\u0131 var. \u00dclkenin birli\u011fiyle b\u00fct\u00fcnl\u00fc\u011f\u00fcyle do\u011frudan alakal\u0131 bir konuyu konu\u015fuyoruz. Bu sorun T\u00fcrkiye Cumhuriyeti Devletinin sorunudur, AK Parti&#8217;nin sorunu de\u011fil. Hepimizin sorunu. Sadece partilerin sorunu da de\u011fil, medyan\u0131n da sorunu, meslek \u00f6rg\u00fctlerinin de sorunu, teker teker t\u00fcm vatanda\u015flar\u0131m\u0131z\u0131n sorunudur.&#8221;<\/p>\n<p style=\"text-align: justify;\"><strong><em>&#8220;\u0130rticayla m\u00fccadele eylem plan\u0131&#8221; iddialar\u0131 <\/em><\/strong><\/p>\n<p style=\"text-align: justify;\">Bakan \u00c7i\u00e7ek, &#8220;\u0130rticayla M\u00fccadele Eylem Plan\u0131&#8221; iddialar\u0131yla ilgili bug\u00fcn gelinen s\u00fcreci de\u011ferlendirmesinin istenmesi \u00fczerine, T\u00fcrkiye&#8217;nin kendi demokratik standartlar\u0131n\u0131 y\u00fckseltme politikas\u0131 izledi\u011fini s\u00f6yledi.<\/p>\n<p style=\"text-align: justify;\">Hukuk devletini tesis ederek hukukun \u00fcst\u00fcnl\u00fc\u011f\u00fcne ula\u015fmay\u0131 istediklerini vurgulayan \u00c7i\u00e7ek, y\u00fcksek standartta demokrasi ve hukukun \u00fcst\u00fcnl\u00fc\u011f\u00fc temin edilebilirse mesele kalmayaca\u011f\u0131n\u0131 ifade etti.<\/p>\n<p style=\"text-align: justify;\">\u00c7i\u00e7ek, \u015funlar\u0131 kaydetti:<\/p>\n<p style=\"text-align: justify;\">&#8220;Bu konu sonunda demokrasi g\u00fc\u00e7lenecek ve hukuk devleti de i\u015fleyecektir. Meseleye b\u00f6yle bakmak laz\u0131m. Bunu yaparken de hukuku, hukuka g\u00f6re i\u015fletmek laz\u0131m. Size g\u00f6re, bana g\u00f6re de\u011fil. Konu yarg\u0131ya intikal etti\u011fine g\u00f6re, benim kanaatim yarg\u0131 bunu \u00e7\u00f6zecektir, \u00e7\u00f6zebilir. Bu yetene\u011fi, bu kabiliyeti, bu birikimi T\u00fcrk yarg\u0131s\u0131n\u0131n vard\u0131r. Ben bilerek s\u00f6yl\u00fcyorum, ama biraz sab\u0131rl\u0131 olmak laz\u0131m. Yarg\u0131n\u0131n i\u015fini de zorla\u015ft\u0131rmamak laz\u0131m.&#8221;<\/p>\n<p style=\"text-align: justify;\"><span style=\"color: #888888;\">CNN T\u00dcRK<\/span><\/p>\n","protected":false},"excerpt":{"rendered":"<p style=\"text-align: center;\">\n<p style=\"text-align: justify;\">Devlet Bakan\u0131 ve Ba\u015fbakan Yard\u0131mc\u0131s\u0131 Cemil \u00c7i\u00e7ek, &#8220;Biz neyi konu\u015faca\u011f\u0131z o g\u00fcn de 10 Kas\u0131m&#8217;a g\u00f6lge d\u00fc\u015f\u00fcrm\u00fc\u015f olacak. Bu \u00fclkenin birli\u011fini, dirli\u011fini, huzurunu, bar\u0131\u015f\u0131n\u0131 ve karde\u015fli\u011fini konu\u015faca\u011f\u0131z&#8221; dedi.<\/p>\n<p style=\"text-align: justify;\">\u00d6zel bir televizyon kanal\u0131n\u0131n haber b\u00fcltenine kat\u0131larak sorular\u0131 yan\u0131tlayan \u00c7i\u00e7ek, &#8220;Demokratik A\u00e7\u0131l\u0131m&#8221;\u0131n 10 Kas\u0131m&#8217;da TBMM&#8217;de tart\u0131\u015f\u0131laca\u011f\u0131n\u0131n ve bu konudaki polemiklerin <\/p>\n","protected":false},"author":1,"featured_media":0,"comment_status":"open","ping_status":"closed","sticky":false,"template":"","format":"standard","meta":{"footnotes":""},"categories":[105],"tags":[],"class_list":["post-16294","post","type-post","status-publish","format-standard","hentry","category-gundem","odd"],"_links":{"self":[{"href":"http:\/\/www.korhanyilmaz.com\/index.php?rest_route=\/wp\/v2\/posts\/16294","targetHints":{"allow":["GET"]}}],"collection":[{"href":"http:\/\/www.korhanyilmaz.com\/index.php?rest_route=\/wp\/v2\/posts"}],"about":[{"href":"http:\/\/www.korhanyilmaz.com\/index.php?rest_route=\/wp\/v2\/types\/post"}],"author":[{"embeddable":true,"href":"http:\/\/www.korhanyilmaz.com\/index.php?rest_route=\/wp\/v2\/users\/1"}],"replies":[{"embeddable":true,"href":"http:\/\/www.korhanyilmaz.com\/index.php?rest_route=%2Fwp%2Fv2%2Fcomments&post=16294"}],"version-history":[{"count":0,"href":"http:\/\/www.korhanyilmaz.com\/index.php?rest_route=\/wp\/v2\/posts\/16294\/revisions"}],"wp:attachment":[{"href":"http:\/\/www.korhanyilmaz.com\/index.php?rest_route=%2Fwp%2Fv2%2Fmedia&parent=16294"}],"wp:term":[{"taxonomy":"category","embeddable":true,"href":"http:\/\/www.korhanyilmaz.com\/index.php?rest_route=%2Fwp%2Fv2%2Fcategories&post=16294"},{"taxonomy":"post_tag","embeddable":true,"href":"http:\/\/www.korhanyilmaz.com\/index.php?rest_route=%2Fwp%2Fv2%2Ftags&post=16294"}],"curies":[{"name":"wp","href":"https:\/\/api.w.org\/{rel}","templated":true}]}}