{"id":16282,"date":"2009-11-02T08:50:24","date_gmt":"2009-11-02T06:50:24","guid":{"rendered":"http:\/\/www.korhanyilmaz.com\/?p=16282"},"modified":"2009-11-02T08:50:24","modified_gmt":"2009-11-02T06:50:24","slug":"ataturk%e2%80%99un-soyagaci-85-yil-sonra-yayimlandi","status":"publish","type":"post","link":"http:\/\/www.korhanyilmaz.com\/?p=16282","title":{"rendered":"Atat\u00fcrk\u2019\u00fcn soya\u011fac\u0131 85 y\u0131l sonra yay\u0131mland\u0131"},"content":{"rendered":"<p style=\"text-align: justify;\"><a href=\"http:\/\/www.korhanyilmaz.com\/wp-content\/uploads\/2009\/11\/soyagaci2.jpg\"  class=\"lightview\"><img loading=\"lazy\" decoding=\"async\" class=\"aligncenter size-full wp-image-16292\" src=\"http:\/\/www.korhanyilmaz.com\/wp-content\/uploads\/2009\/11\/soyagaci2.jpg\" alt=\"\" width=\"329\" height=\"210\" \/><\/a><\/p>\n<p style=\"text-align: justify;\">85 y\u0131ld\u0131r ortada g\u00f6r\u00fclmeyen ve Atat\u00fcrk\u2019\u00fcn akrabalar\u0131ndan Ahmet Esmen\u2019in elinde bulunan bu soya\u011fac\u0131, NTVTarih taraf\u0131ndan yay\u0131mland\u0131.<\/p>\n<p style=\"text-align: justify;\">Soya\u011fac\u0131, ba\u015fta R\u0131za Nur olmak \u00fczere pek \u00e7ok ki\u015fi taraf\u0131ndan Atat\u00fcrk hakk\u0131nda \u00f6ne s\u00fcr\u00fclen iddialar\u0131n ni\u00e7in ciddiye al\u0131nmamas\u0131 gerekti\u011fini bir kez daha seriyor g\u00f6zler \u00f6n\u00fcne.<\/p>\n<p style=\"text-align: justify;\">Mustafa Kemal\u2019in ailesi hakk\u0131nda \u00f6teden beri, neredeyse tamam\u0131 dedikodu niteli\u011finde olan ve itibar\u0131n\u0131 zedelemeyi ama\u00e7layan s\u00f6ylentiler ortaya at\u0131lm\u0131\u015ft\u0131r. Mustafa Kemal\u2019in, 1924 y\u0131l\u0131nda Bay\u0131nd\u0131rl\u0131k Bakan\u0131 olan kuzeni S\u00fcleyman S\u0131rr\u0131 Bey ile birlikte haz\u0131rlad\u0131\u011f\u0131 soya\u011fac\u0131, b\u00fct\u00fcn bu iddialara cevap niteli\u011fi de ta\u015f\u0131yor. <!--more--><\/p>\n<p style=\"text-align: justify;\">T\u00dcRK\u0130YE\u2019de \u00f6teden beri Atat\u00fcrk\u2019le u\u011fra\u015fman\u0131n en ucuz yollar\u0131ndan birisi, ailesi ile ilgili iddialar ortaya atmakt\u0131r. Bunlardan en \u00fcnl\u00fcs\u00fc ise Sa\u011fl\u0131k ve E\u011fitim Bakanl\u0131\u011f\u0131 da yapan Dr. R\u0131za Nur taraf\u0131ndan \u2018Hat\u0131rat\u0131m\u2019da dile getirilmi\u015ftir. Cumhuriyet d\u00f6nemi \u00e7al\u0131\u015fan tarih\u00e7iler do\u011fal olarak g\u00fcl\u00fcp ge\u00e7mi\u015flerdir bu t\u00fcrden iddialara ama Atat\u00fcrk\u2019\u00fc y\u0131pratmay\u0131 yahut ismini zedelemeyi ama\u00e7layanlar da bundan bir t\u00fcrl\u00fc vazge\u00e7memi\u015flerdir.<\/p>\n<p style=\"text-align: justify;\">\u0130\u015fte NTVTarih Dergisi\u2019nin Kas\u0131m say\u0131s\u0131nda ilk kez yay\u0131mlanan Atat\u00fcrk\u2019\u00fcn soya\u011fac\u0131, bu t\u00fcrden iddialara da cevap niteli\u011fi ta\u015f\u0131yor. Derya Tulga ile Ay\u015feg\u00fcl Parlayan\u2019\u0131n imzas\u0131n\u0131 ta\u015f\u0131yan haber, Atat\u00fcrk\u2019\u00fcn soya\u011fac\u0131 konusunda yap\u0131lan \u00e7al\u0131\u015fmalar\u0131n genel bir \u00f6zetini de veriyor. Ancak, as\u0131l \u00f6nemli olan, 85 y\u0131l sonra ilk kez yay\u0131mlanan bu soya\u011fac\u0131n\u0131n do\u011frudan Mustafa Kemal taraf\u0131ndan haz\u0131rlanmas\u0131. Dergide yer alan bilgilere g\u00f6re, Mustafa Kemal, kendisi gibi Hac\u0131 Abdullah A\u011fa\u2019n\u0131n torununun torunu olan ve Cumhuriyet\u2019in ilk Bay\u0131nd\u0131rl\u0131k Bakanl\u0131\u011f\u0131 g\u00f6revini y\u00fcr\u00fcten S\u00fcleyman S\u0131rr\u0131 Bey ile birlikte oturup soya\u011fac\u0131n\u0131 haz\u0131rlamaya ba\u015fl\u0131yor.<\/p>\n<p style=\"text-align: justify;\">Dergiden takip ediyoruz:<\/p>\n<p style=\"text-align: justify;\"><strong><em>MUSTAFA KEMAL HAZIRLADI <\/em><\/strong><\/p>\n<p style=\"text-align: justify;\">\u201cZ\u00fcbeyde Han\u0131m dahil aile b\u00fcy\u00fcklerinin pe\u015fpe\u015fe hayata veda etmeleri, belki de bu karar\u0131n al\u0131nmas\u0131n\u0131 etkilemi\u015ftir. \u00c7al\u0131\u015fmada di\u011fer ka\u011f\u0131tlara g\u00f6re katlamaya biraz daha dayan\u0131kl\u0131 olan ve tuval olarak da kullan\u0131lan beyaz keten resim ka\u011f\u0131d\u0131 se\u00e7ilir. \u0130\u015f bittikten sonra Gazi, S\u00fcleyman S\u0131rr\u0131\u2019ya kendisinden sonra bu \u015fecereyi muhafaza etmesini tembihler. Fakat o s\u0131rada zor \u015fartlarda \u00e7al\u0131\u015fan S\u00fcleyman S\u0131rr\u0131 Bey, 51 ya\u015f\u0131nda vefat eder. B\u00f6ylece \u015fecere, S\u00fcleyman S\u0131rr\u0131\u2019n\u0131n ilk evlili\u011finden olan k\u0131z\u0131 G\u00fclseren Han\u0131m\u2019la o\u011flu Fikri Ziya Aral\u2019a miras kal\u0131r. Yeni ku\u015faklar\u0131n eski yaz\u0131dan anlamad\u0131klar\u0131 i\u00e7in \u015fik\u00e2yet etmeleri \u00fczerine Aral, 1987\u2019de bunu Latin alfabesine \u00e7evirir, yeni ku\u015faklar\u0131 ekler ve k\u0131sa s\u00fcre sonra vefat eder. G\u00fclseren Han\u0131m\u2019a kalan aile emaneti 2009\u2019da onun da vefat\u0131yla tek \u00e7ocu\u011fu Ahmet Esmen\u2019in eline ge\u00e7er.\u201d<\/p>\n<p style=\"text-align: justify;\"><strong><em>SOYA\u011eACI AHMET ESMEN&#8217;DE <\/em><\/strong><\/p>\n<p style=\"text-align: justify;\">Peki ama bu kadar k\u0131ymetli bir belge, nas\u0131l olmu\u015f da bug\u00fcne kadar k\u00fct\u00fcphane raflar\u0131nda kalm\u0131\u015ft\u0131r? Ahmet Esmen \u015f\u00f6yle diyor:  \u201cDurumu anlayabilecek ya\u015fa geldi\u011fimde annemle babam beni kar\u015f\u0131lar\u0131na al\u0131p, \u2018Tesad\u00fcfler bu k\u0131ymetli insanla ayn\u0131 soydan gelmene sebep oldu. Senin bunda hi\u00e7bir marifetin yok. Ayr\u0131ca hepsinden \u00f6nemlisi, akrabal\u0131\u011f\u0131n verdi\u011fi bir mesuliyet var\u2019 dediler.\u201d<\/p>\n<p style=\"text-align: justify;\"><strong><em>SOYA\u011eACI HANG\u0130 YALANLARI \u00c7\u00dcR\u00dcT\u00dcYOR <\/em><\/strong><\/p>\n<p style=\"text-align: justify;\">Derg\u0130dek\u0130 yaz\u0131da, 85 y\u0131l sonra ortaya \u00e7\u0131kan soya\u011fac\u0131n\u0131n bug\u00fcne kadar ortal\u0131kta dola\u015fan pek \u00e7ok iddiay\u0131 \u00e7\u00fcr\u00fctt\u00fc\u011f\u00fc de belirtiliyor:<\/p>\n<p style=\"text-align: justify;\">\u201cPek \u00e7ok yerde ortaya at\u0131lan Z\u00fcbeyde Han\u0131m\u2019\u0131n Hac\u0131 Sofiler\u2019den oldu\u011fu iddias\u0131 bu \u015fecereyle \u00e7\u00fcr\u00fcyor. \u00c7\u00fcnk\u00fc bu aile Mustafa Kemal\u2019in de\u011fil, \u015fecerede g\u00f6r\u00fcld\u00fc\u011f\u00fc gibi Hac\u0131 Sofilere gelin giden G\u00fcls\u00fcm Molla yoluyla S\u00fcleyman S\u0131rr\u0131\u2019n\u0131n s\u00fclalesi. Baz\u0131 kaynaklar, Z\u00fcbeyde Han\u0131m\u2019\u0131n babas\u0131n\u0131n tam \u00fc\u00e7 kere evlendi\u011fini kaydetmesine ra\u011fmen \u015fecerede bunu g\u00f6remiyoruz. Israrla Atat\u00fcrk\u2019\u00fcn teyzesinin o\u011flu iddia edilen eski TKP liderlerinden Re\u015fat Fuad Baraner de \u015fecerede g\u00f6z\u00fckm\u00fcyor, zaten \u015fecereye g\u00f6re Atat\u00fcrk\u2019\u00fcn teyzesi yok, iki day\u0131s\u0131 var.\u201d<\/p>\n<p style=\"text-align: justify;\"><a href=\"http:\/\/www.korhanyilmaz.com\/wp-content\/uploads\/2009\/11\/soyagaci.jpg\"  class=\"lightview\"><img loading=\"lazy\" decoding=\"async\" class=\"aligncenter size-full wp-image-16283\" title=\"soyagaci\" src=\"http:\/\/www.korhanyilmaz.com\/wp-content\/uploads\/2009\/11\/soyagaci.jpg\" alt=\"soyagaci\" width=\"330\" height=\"358\" \/><\/a><\/p>\n<p style=\"text-align: justify;\"><span style=\"color: #888888;\">Kaynak : Sefa Kaplan &#8211; H\u00fcrriyet<\/span><\/p>\n","protected":false},"excerpt":{"rendered":"<p style=\"text-align: justify;\">\n<p style=\"text-align: justify;\">85 y\u0131ld\u0131r ortada g\u00f6r\u00fclmeyen ve Atat\u00fcrk\u2019\u00fcn akrabalar\u0131ndan Ahmet Esmen\u2019in elinde bulunan bu soya\u011fac\u0131, NTVTarih taraf\u0131ndan yay\u0131mland\u0131.<\/p>\n<p style=\"text-align: justify;\">Soya\u011fac\u0131, ba\u015fta R\u0131za Nur olmak \u00fczere pek \u00e7ok ki\u015fi taraf\u0131ndan Atat\u00fcrk hakk\u0131nda \u00f6ne s\u00fcr\u00fclen iddialar\u0131n ni\u00e7in ciddiye al\u0131nmamas\u0131 gerekti\u011fini bir kez daha seriyor g\u00f6zler \u00f6n\u00fcne.<\/p>\n<p style=\"text-align: justify;\">Mustafa Kemal\u2019in ailesi hakk\u0131nda \u00f6teden <\/p>\n","protected":false},"author":1,"featured_media":0,"comment_status":"open","ping_status":"closed","sticky":false,"template":"","format":"standard","meta":{"footnotes":""},"categories":[105],"tags":[],"class_list":["post-16282","post","type-post","status-publish","format-standard","hentry","category-gundem","odd"],"_links":{"self":[{"href":"http:\/\/www.korhanyilmaz.com\/index.php?rest_route=\/wp\/v2\/posts\/16282","targetHints":{"allow":["GET"]}}],"collection":[{"href":"http:\/\/www.korhanyilmaz.com\/index.php?rest_route=\/wp\/v2\/posts"}],"about":[{"href":"http:\/\/www.korhanyilmaz.com\/index.php?rest_route=\/wp\/v2\/types\/post"}],"author":[{"embeddable":true,"href":"http:\/\/www.korhanyilmaz.com\/index.php?rest_route=\/wp\/v2\/users\/1"}],"replies":[{"embeddable":true,"href":"http:\/\/www.korhanyilmaz.com\/index.php?rest_route=%2Fwp%2Fv2%2Fcomments&post=16282"}],"version-history":[{"count":0,"href":"http:\/\/www.korhanyilmaz.com\/index.php?rest_route=\/wp\/v2\/posts\/16282\/revisions"}],"wp:attachment":[{"href":"http:\/\/www.korhanyilmaz.com\/index.php?rest_route=%2Fwp%2Fv2%2Fmedia&parent=16282"}],"wp:term":[{"taxonomy":"category","embeddable":true,"href":"http:\/\/www.korhanyilmaz.com\/index.php?rest_route=%2Fwp%2Fv2%2Fcategories&post=16282"},{"taxonomy":"post_tag","embeddable":true,"href":"http:\/\/www.korhanyilmaz.com\/index.php?rest_route=%2Fwp%2Fv2%2Ftags&post=16282"}],"curies":[{"name":"wp","href":"https:\/\/api.w.org\/{rel}","templated":true}]}}