{"id":16274,"date":"2009-10-31T17:02:00","date_gmt":"2009-10-31T15:02:00","guid":{"rendered":"http:\/\/www.korhanyilmaz.com\/?p=16274"},"modified":"2009-10-31T17:02:00","modified_gmt":"2009-10-31T15:02:00","slug":"son-noktayi-koydu-erken-secim-yok","status":"publish","type":"post","link":"http:\/\/www.korhanyilmaz.com\/?p=16274","title":{"rendered":"Son noktay\u0131 koydu: &#039;Erken se\u00e7im yok&#039;"},"content":{"rendered":"<p><a href=\"http:\/\/www.korhanyilmaz.com\/wp-content\/uploads\/2009\/11\/erdogan3.jpg\"  class=\"lightview\"><img loading=\"lazy\" decoding=\"async\" class=\"aligncenter size-full wp-image-16275\" src=\"http:\/\/www.korhanyilmaz.com\/wp-content\/uploads\/2009\/11\/erdogan3.jpg\" alt=\"\" width=\"292\" height=\"197\" \/><\/a><\/p>\n<p style=\"text-align: justify;\">Ba\u015fbakan Recep Tayyip Erdo\u011fan, 29 Ekim Cumhuriyet Bayram\u0131&#8217;nda CHP lideri Deniz Baykal ile erken se\u00e7im konu\u015ftu\u011fu iddialar\u0131n\u0131 yalanlad\u0131. Erdo\u011fan, &#8220;Ben b\u00f6yle bir \u015fey s\u00f6ylemedim. K\u00fclliyen yalan. Se\u00e7im zaman\u0131nda yap\u0131lacak&#8221; dedi.<\/p>\n<p style=\"text-align: justify;\">Ba\u015fbakan Erdo\u011fan, \u0130stanbul Sabiha G\u00f6k\u00e7en Uluslararas\u0131 Havaliman\u0131&#8217;n\u0131n yeni terminal binas\u0131 ve eklerinin a\u00e7\u0131l\u0131\u015f t\u00f6reninde konu\u015ftu. <!--more--><\/p>\n<p style=\"text-align: justify;\">Konu\u015fmas\u0131nda erken se\u00e7im tart\u0131\u015fmalar\u0131na de\u011finen Erdo\u011fan, &#8220;Birka\u00e7 g\u00fcnd\u00fcr bir \u015feyler var. G\u00fcya 29 Ekim merasiminde ben ana muhalefet liderine erken se\u00e7imden bahsetmi\u015fim. Yok b\u00f6yle bir \u015fey. Benim temel ilkelerime ters. Bu yola \u00e7\u0131karken bir \u015fey s\u00f6yledim. T\u00fcrkiye 16 ayda bir se\u00e7im yapma d\u00f6nemini bizimle kapatt\u0131. Biz geldik, art\u0131k se\u00e7imler ilan edilen tarihlerde yap\u0131lacak. 2 ay, 3 ay \u00f6ne al\u0131rs\u0131n ayr\u0131 mesele&#8230; Se\u00e7imin tarihi ne zamansa se\u00e7im o zaman yap\u0131lacak&#8221; dedi.<\/p>\n<p style=\"text-align: justify;\">Erdo\u011fan, &#8220;Erken se\u00e7im niyetimiz olsa ben bunu \u00f6nce halk\u0131mla payla\u015f\u0131r\u0131m. Niye ana muhalefet liderine s\u00f6yleyeyim? Bu ifade, bu a\u00e7\u0131klamalar k\u00fclliyen yaland\u0131r. Ben b\u00f6yle bir \u015fey s\u00f6ylemedim. Ben &#8216;demokratik a\u00e7\u0131l\u0131m\u0131n parlamentoya gelme s\u00fcreci yak\u0131nd\u0131r&#8217; dedim. Bunu al\u0131p bu hale d\u00f6n\u00fc\u015ft\u00fcrd\u00fcler&#8221; dedi.<\/p>\n<p style=\"text-align: justify;\">Ba\u015fbakan, &#8220;Bunlar\u0131n nas\u0131l siyaset yapt\u0131\u011f\u0131n\u0131 anlaman\u0131z bak\u0131m\u0131ndan bunlar\u0131 s\u00f6yl\u00fcyorum. Demokrasiden asla taviz vermeyece\u011fiz. Ayn\u0131 kararl\u0131l\u0131kla yolumuza devam edece\u011fiz. Biz bu terminalleri in\u015fa etmeye \u00e7al\u0131\u015f\u0131rken b\u0131rak\u0131n onlar bu dedikodularla me\u015fgul olsunlar. Biz i\u015fimize bakaca\u011f\u0131z&#8221; dedi.<\/p>\n<p style=\"text-align: justify;\">Ba\u015fbakan Erdo\u011fan, &#8220;erken se\u00e7im&#8221; ifadesini ortaya koyanlar\u0131n bu \u00fclkeyi d\u00fc\u015f\u00fcnmediklerini, zarar verdiklerini ifade ederek, &#8220;Sadece \u015funu 2 g\u00fcnd\u00fcr konu\u015fman\u0131n borsada meydana getirdi\u011fi etkiyi hi\u00e7 ara\u015ft\u0131rd\u0131n\u0131z m\u0131? Bunlar\u0131n derdi yok. \u00dclkede b\u00f6yle bir yalan\u0131 ortaya atarsak ne olur, ne gider&#8230;&#8221; diye konu\u015ftu.<\/p>\n<p style=\"text-align: justify;\"><strong><em>CHP S\u00f6zc\u00fcs\u00fc \u00d6zy\u00fcrek&#8217;ten yan\u0131t <\/em><\/strong><\/p>\n<p style=\"text-align: justify;\">CHP S\u00f6zc\u00fcs\u00fc ve Genel Sayman\u0131 Mustafa \u00d6zy\u00fcrek, yapt\u0131\u011f\u0131 a\u00e7\u0131klamada, CHP Genel Ba\u015fkan\u0131 Deniz Baykal&#8217;\u0131n 29 Ekim Cumhuriyet Bayram\u0131 t\u00f6renleri s\u0131ras\u0131nda Ba\u015fbakan Recep Tayyip Erdo\u011fan&#8217;la yapt\u0131\u011f\u0131 konu\u015fmaya ili\u015fkin bas\u0131na yans\u0131yan diyalo\u011fun tamamen do\u011fru oldu\u011funu ifade etti\u011fini belirtti.<\/p>\n<p style=\"text-align: justify;\">T\u00f6rende iki lider aras\u0131nda k\u0131sa bir konu\u015fma ge\u00e7ti\u011fini kaydeden \u00d6zy\u00fcrek, Erdo\u011fan&#8217;\u0131n Baykal&#8217;a, &#8216;Yurt gezilerine devam ediyor musunuz?&#8217; sorusunu y\u00f6neltti\u011fini, Baykal&#8217;\u0131n &#8220;Evet devam ediyoruz. Sizin ne yapaca\u011f\u0131n\u0131z belli olmaz&#8221; s\u00f6zleri \u00fczerine Ba\u015fbakan&#8217;\u0131n &#8220;Evet her\u015fey olabilir&#8221; kar\u015f\u0131l\u0131\u011f\u0131n\u0131 verdi\u011fini savundu.<\/p>\n<p style=\"text-align: justify;\"><strong><em>\u00d6zy\u00fcrek, \u015funlar\u0131 kaydetti:<\/em><\/strong><\/p>\n<p style=\"text-align: justify;\">&#8220;Erdo\u011fan, bu konu\u015fman\u0131n se\u00e7im imas\u0131 olmad\u0131\u011f\u0131n\u0131 belirtti. Bu kendi takdiridir. Bir konu\u015fmay\u0131 yalanlamak, &#8216;k\u00fclliyen yaland\u0131r&#8217; demek kabul edilebilir bir \u015fey de\u011fildir. Konu\u015fma aynen Say\u0131n Ba\u015fbakan&#8217;la Say\u0131n Baykal aras\u0131nda ge\u00e7mi\u015ftir. Konu\u015fma tamamen do\u011frudur.<\/p>\n<p style=\"text-align: justify;\">Ama erken se\u00e7im \u015feklinde yorumlay\u0131p yorumlamamak, erken se\u00e7im isteyip istememek Say\u0131n Ba\u015fbakan&#8217;\u0131n takdirindedir. Zaten Cumhuriyet Halk Partisi&#8217;nin herhangi bir erken se\u00e7im talebi, erken se\u00e7imi zorlama niyeti s\u00f6z konusu de\u011fildir.<\/p>\n<p style=\"text-align: justify;\">Ama \u00f6yle anla\u015f\u0131l\u0131yor ki Bay\u0131n Ba\u015fbakan&#8217;\u0131n ve AKP&#8217;nin bu ortamda erken se\u00e7ime gidecek mecali yoktur. Yine bu Ba\u015fbakan&#8217;\u0131n yalanlamas\u0131 g\u00f6steriyor ki Ba\u015fbakan&#8217;la g\u00f6r\u00fc\u015fme mutlaka kameralar \u00f6n\u00fcnde olmal\u0131d\u0131r. Kay\u0131t alt\u0131nda olmal\u0131d\u0131r. Kamera \u00f6n\u00fcnde olmayan, tutanak alt\u0131nda olmayan konu\u015fmalar\u0131 Say\u0131n Ba\u015fbakan kolayl\u0131kla reddedebilmektedir. Sonu\u00e7 olarak Say\u0131n Baykal&#8217;la Say\u0131n Ba\u015fbakan aras\u0131ndaki g\u00f6r\u00fc\u015fme, konu\u015fma t\u00fcm\u00fcyle do\u011frudur. Burada herhangi bir yalan, yanl\u0131\u015f s\u00f6z konusu de\u011fildir.&#8221;<\/p>\n<p style=\"text-align: justify;\"><strong><em>Ba\u015fbakanl\u0131k d\u00fcn yalanlad\u0131 <\/em><\/strong><\/p>\n<p style=\"text-align: justify;\">Ba\u015fbakanl\u0131k kaynaklar\u0131 d\u00fcn, 29 Ekim Cumhuriyet Bayram\u0131&#8217;nda An\u0131tkabir&#8217;de Ba\u015fbakan Erdo\u011fan ile Deniz Baykal aras\u0131nda bir sohbet ger\u00e7ekle\u015fti\u011fini, ancak gazetelere yans\u0131d\u0131\u011f\u0131 bi\u00e7imde \u00f6zellikle &#8220;erken se\u00e7imi ima eden b\u00f6l\u00fcmlerin sohbette yer almad\u0131\u011f\u0131n\u0131&#8221; bildiren bir a\u00e7\u0131klama yapt\u0131.<\/p>\n<p style=\"text-align: justify;\">Deniz Baykal&#8217;a atfen, &#8220;Sizin ne yapaca\u011f\u0131n\u0131z belli olmaz. Bu y\u00fczden yurt gezilerimizi s\u00fcrd\u00fcr\u00fcyoruz&#8221; ve Ba\u015fbakan Erdo\u011fan&#8217;a atfen, &#8220;Evet hakl\u0131s\u0131n\u0131z, her \u015fey olabilir&#8221; c\u00fcmlelerinin &#8220;sohbet s\u0131ras\u0131nda konu\u015fulmad\u0131\u011f\u0131 ve tamamen hayal \u00fcr\u00fcn\u00fc oldu\u011fu&#8221; ifade edildi.<\/p>\n<p style=\"text-align: justify;\"><span style=\"color: #888888;\">CNN T\u00dcRK<\/span><\/p>\n","protected":false},"excerpt":{"rendered":"<\/p>\n<p style=\"text-align: justify;\">Ba\u015fbakan Recep Tayyip Erdo\u011fan, 29 Ekim Cumhuriyet Bayram\u0131&#8217;nda CHP lideri Deniz Baykal ile erken se\u00e7im konu\u015ftu\u011fu iddialar\u0131n\u0131 yalanlad\u0131. Erdo\u011fan, &#8220;Ben b\u00f6yle bir \u015fey s\u00f6ylemedim. K\u00fclliyen yalan. Se\u00e7im zaman\u0131nda yap\u0131lacak&#8221; dedi.<\/p>\n<p style=\"text-align: justify;\">Ba\u015fbakan Erdo\u011fan, \u0130stanbul Sabiha G\u00f6k\u00e7en Uluslararas\u0131 Havaliman\u0131&#8217;n\u0131n yeni terminal binas\u0131 ve eklerinin a\u00e7\u0131l\u0131\u015f t\u00f6reninde konu\u015ftu. <\/p>\n","protected":false},"author":1,"featured_media":0,"comment_status":"open","ping_status":"closed","sticky":false,"template":"","format":"standard","meta":{"footnotes":""},"categories":[105],"tags":[],"class_list":["post-16274","post","type-post","status-publish","format-standard","hentry","category-gundem","odd"],"_links":{"self":[{"href":"http:\/\/www.korhanyilmaz.com\/index.php?rest_route=\/wp\/v2\/posts\/16274","targetHints":{"allow":["GET"]}}],"collection":[{"href":"http:\/\/www.korhanyilmaz.com\/index.php?rest_route=\/wp\/v2\/posts"}],"about":[{"href":"http:\/\/www.korhanyilmaz.com\/index.php?rest_route=\/wp\/v2\/types\/post"}],"author":[{"embeddable":true,"href":"http:\/\/www.korhanyilmaz.com\/index.php?rest_route=\/wp\/v2\/users\/1"}],"replies":[{"embeddable":true,"href":"http:\/\/www.korhanyilmaz.com\/index.php?rest_route=%2Fwp%2Fv2%2Fcomments&post=16274"}],"version-history":[{"count":0,"href":"http:\/\/www.korhanyilmaz.com\/index.php?rest_route=\/wp\/v2\/posts\/16274\/revisions"}],"wp:attachment":[{"href":"http:\/\/www.korhanyilmaz.com\/index.php?rest_route=%2Fwp%2Fv2%2Fmedia&parent=16274"}],"wp:term":[{"taxonomy":"category","embeddable":true,"href":"http:\/\/www.korhanyilmaz.com\/index.php?rest_route=%2Fwp%2Fv2%2Fcategories&post=16274"},{"taxonomy":"post_tag","embeddable":true,"href":"http:\/\/www.korhanyilmaz.com\/index.php?rest_route=%2Fwp%2Fv2%2Ftags&post=16274"}],"curies":[{"name":"wp","href":"https:\/\/api.w.org\/{rel}","templated":true}]}}