{"id":16268,"date":"2009-10-31T11:42:00","date_gmt":"2009-10-31T09:42:00","guid":{"rendered":"http:\/\/www.korhanyilmaz.com\/?p=16268"},"modified":"2009-10-31T11:42:00","modified_gmt":"2009-10-31T09:42:00","slug":"askerler-savcilikta-ifade-verdi","status":"publish","type":"post","link":"http:\/\/www.korhanyilmaz.com\/?p=16268","title":{"rendered":"Askerler savc\u0131l\u0131kta ifade verdi"},"content":{"rendered":"<p><a href=\"http:\/\/www.korhanyilmaz.com\/wp-content\/uploads\/2009\/11\/ifade.jpg\"  class=\"lightview\"><img loading=\"lazy\" decoding=\"async\" class=\"aligncenter size-full wp-image-16269\" src=\"http:\/\/www.korhanyilmaz.com\/wp-content\/uploads\/2009\/11\/ifade.jpg\" alt=\"\" width=\"292\" height=\"234\" \/><\/a><\/p>\n<p style=\"text-align: justify;\">\u0130rticayla M\u00fccadele Eylem Plan\u0131&#8217;yla ilgili olarak savc\u0131l\u0131\u011f\u0131n \u00e7a\u011f\u0131rd\u0131\u011f\u0131 7 isim &#8220;tan\u0131k&#8221; s\u0131fat\u0131yla ifade verdi. &#8220;\u015e\u00fcpheli&#8221; s\u0131fat\u0131yla ifadesi al\u0131nan bir ki\u015fi de serbest kald\u0131. Belgenin alt\u0131nda imzas\u0131 oldu\u011fu iddia edilen Albay Dursun \u00c7i\u00e7ek adliyeye gelen isimler aras\u0131nda de\u011fildi.<\/p>\n<p style=\"text-align: justify;\">\u0130stanbul Cumhuriyet Ba\u015fsavc\u0131vekili Turan \u00c7olakkad\u0131, adliyede gazetecilere yapt\u0131\u011f\u0131 a\u00e7\u0131klamada, kendisine 9 ki\u015finin ifade i\u00e7in \u00e7a\u011fr\u0131ld\u0131\u011f\u0131n\u0131n s\u00f6ylendi\u011fini, ancak bunlardan 1&#8217;inin yurtd\u0131\u015f\u0131nda oldu\u011fu i\u00e7in gelemeyece\u011finin bildirildi\u011fini ifade etti. <!--more--><\/p>\n<p style=\"text-align: justify;\">Be\u015fikta\u015f Adliyesi&#8217;ne gelen isimler \u015f\u00f6yle: Albay \u015e\u00fckr\u00fc K\u0131sadere, \u00dcste\u011fmen Erhan Sakall\u0131, \u00dcste\u011fmen Fatih Karacaer, \u00dcste\u011fmen Berrin \u015eahin, \u00dcste\u011fmen Kaz\u0131m Bozkurt, Astsubay Ba\u015f\u00e7avu\u015f Mustafa Urhan ve sivil memur R\u0131fat S\u00fcl\u00fck.<\/p>\n<p style=\"text-align: justify;\">\u015e\u00fcpheli s\u0131fat\u0131yla ifade veren ki\u015finin kimli\u011fi hen\u00fcz a\u00e7\u0131klanmad\u0131.<\/p>\n<p style=\"text-align: justify;\">\u0130stanbul Cumhuriyet Ba\u015fsavc\u0131l\u0131\u011f\u0131, askerlerin ifadelerinin al\u0131nmas\u0131 i\u00e7in ge\u00e7en hafta Genelkurmay&#8217;a ihtarl\u0131 davet mektubu g\u00f6ndermi\u015fti. Subaylar \u0131slak imzal\u0131 eylem plan\u0131n\u0131n yer ald\u0131\u011f\u0131 ihbar mektubundaki belgeleri yok etmekle su\u00e7lan\u0131yor.<\/p>\n<p style=\"text-align: justify;\">T\u00fcrkiye&#8217;nin g\u00fcndemine aylar \u00f6nce gelen \u0130rticayla M\u00fccadele Eylem Plan\u0131&#8217;n\u0131n sahte oldu\u011fu anla\u015f\u0131lm\u0131\u015f ve askeri savc\u0131l\u0131k kovu\u015fturmaya yer olmad\u0131\u011f\u0131na karar vermi\u015fti. Ancak konu, ge\u00e7ti\u011fimiz g\u00fcnlerde bir subay\u0131n Ergenekon savc\u0131lar\u0131na g\u00f6nderdi\u011fi \u0131slak imzal\u0131 belge ve beraberindeki 5 sayfal\u0131k ihbar mektubuyla tekrar g\u00fcndemde.<\/p>\n<p style=\"text-align: justify;\">Belgeyi g\u00f6nderen subay, &#8220;Tart\u0131\u015fmalar\u0131n ba\u015flad\u0131\u011f\u0131 d\u00f6nemde Albay Dursun \u00c7i\u00e7ek&#8217;in odas\u0131ndaki belgelerin imha edildi\u011fini, kendisinin sadece bu belgeyi kurtarabildi\u011fini&#8221; yazm\u0131\u015ft\u0131.<\/p>\n<p style=\"text-align: justify;\"><strong><em>Bir geli\u015fme daha <\/em><\/strong><\/p>\n<p style=\"text-align: justify;\">Bu arada, Ankara Cumhuriyet Ba\u015fsavc\u0131l\u0131\u011f\u0131 belgeyle ilgili &#8220;ger\u00e7e\u011fe ayk\u0131r\u0131 belge d\u00fczenlemek&#8221; su\u00e7undan y\u00fcr\u00fctt\u00fc\u011f\u00fc soru\u015fturma dosyas\u0131n\u0131 &#8220;yetkisizlik&#8221; karar\u0131yla \u0130stanbul Cumhuriyet Ba\u015fsavc\u0131l\u0131\u011f\u0131&#8217;na g\u00f6nderdi.<\/p>\n<p style=\"text-align: justify;\">Belgeye ili\u015fkin iddialar\u0131n ard\u0131ndan Genelkurmay Ba\u015fkanl\u0131\u011f\u0131 Askeri Savc\u0131l\u0131\u011f\u0131n\u0131n ba\u015flatt\u0131\u011f\u0131 soru\u015fturma, &#8220;b\u00f6yle bir belgenin mevcut olmamas\u0131, fotokopideki imza sahibi Albay Dursun \u00c7i\u00e7ek&#8217;e ili\u015fkin delil bulunmamas\u0131&#8221; nedeniyle takipsizlikle sonu\u00e7lanm\u0131\u015ft\u0131.<\/p>\n<p style=\"text-align: justify;\">Askeri Savc\u0131l\u0131k, &#8220;belge asl\u0131n\u0131n mevcut olmad\u0131\u011f\u0131&#8221; gerek\u00e7esiyle &#8220;bu belgenin hangi ama\u00e7la kim veya kimler taraf\u0131ndan \u00fcretildi\u011fi, \u00fcretenlerin ama\u00e7lar\u0131, \u00f6zellikle T\u00fcrk Silahl\u0131 Kuvvetlerinin bir \u015fekilde hedef al\u0131n\u0131p al\u0131nmad\u0131\u011f\u0131 ve belgenin Taraf gazetesi muhabirine ula\u015ft\u0131r\u0131lmas\u0131yla ayn\u0131 gazetede yay\u0131mlanmas\u0131 olaylar\u0131 hakk\u0131nda&#8221; gere\u011finin yap\u0131lmas\u0131 i\u00e7in dosyan\u0131n \u0130stanbul Cumhuriyet Ba\u015fsavc\u0131l\u0131\u011f\u0131na g\u00f6nderilmesine karar vermi\u015fti.<\/p>\n<p style=\"text-align: justify;\">\u0130stanbul Cumhuriyet Ba\u015fsavc\u0131l\u0131\u011f\u0131 ise dosyay\u0131 &#8220;yetkisizlik&#8221; karar\u0131yla Ankara Cumhuriyet Ba\u015fsavc\u0131l\u0131\u011f\u0131na g\u00f6ndermi\u015fti. Edinilen bilgiye g\u00f6re, soru\u015fturmay\u0131 y\u00fcr\u00fcten Ankara Cumhuriyet Savc\u0131s\u0131 \u015eadan Sak\u0131nan, belgeyle ilgili \u0131slak imzal\u0131 suretin ortaya \u00e7\u0131kmas\u0131 ve buna ili\u015fkin Adli T\u0131p Kurumu raporu \u00fczerine &#8220;yetkisizlik&#8221; karar\u0131yla dosyay\u0131 \u0130stanbul Cumhuriyet Ba\u015fsavc\u0131l\u0131\u011f\u0131na g\u00f6nderdi.<\/p>\n<p style=\"text-align: justify;\"><strong><em>CHP&#8217;den Adli T\u0131p sorusu <\/em><\/strong><\/p>\n<p style=\"text-align: justify;\">CHP Zonguldak Milletvekili Ali \u0130hsan K\u00f6kt\u00fcrk, &#8220;Plandaki imzan\u0131n Albay Dursun \u00c7i\u00e7ek&#8217;e ait oldu\u011fu y\u00f6n\u00fcndeki raporun alt\u0131nda imzas\u0131 bulunan 3 ki\u015fiden 2&#8217;sinin Adli T\u0131p Kurumu&#8217;na belge gelmeden bir hafta \u00f6nce g\u00f6revlendirildi\u011fi haberi do\u011fru mudur?&#8221; diye sordu.<\/p>\n<p style=\"text-align: justify;\">K\u00f6kt\u00fcrk, Ba\u015fbakan Recep Tayyip Erdo\u011fan&#8217;\u0131n yan\u0131tlamas\u0131 istemiyle TBMM Ba\u015fkanl\u0131\u011f\u0131na sundu\u011fu soru \u00f6nergesinde, \u0130rtica ile M\u00fccadele Eylem Plan\u0131n\u0131 inceleyerek, plandaki &#8220;\u0131slak imzan\u0131n&#8221; Albay Dursun \u00c7i\u00e7ek&#8217;e ait oldu\u011fu y\u00f6n\u00fcnde karar veren Adli T\u0131p heyetinin olu\u015fturulma bi\u00e7iminin kurum i\u00e7inde tepkilere yol a\u00e7t\u0131\u011f\u0131n\u0131 kaydetti.<\/p>\n<p style=\"text-align: justify;\"><strong><em>K\u00f6kt\u00fcrk, \u015fu sorular\u0131 y\u00f6neltti: <\/em><\/strong><\/p>\n<p style=\"text-align: justify;\">&#8211; \u0130rtica ile M\u00fccadele Eylem Plan\u0131ndaki imzan\u0131n Albay Dursun \u00c7i\u00e7ek&#8217;e ait oldu\u011fu y\u00f6n\u00fcndeki raporun alt\u0131nda imzas\u0131 bulunan 3 ki\u015fiden 2&#8217;sinin, Adli T\u0131p Kurumuna belge gelmeden bir hafta \u00f6nce g\u00f6revlendirildi\u011fi haberi do\u011fru mudur?<\/p>\n<p style=\"text-align: justify;\">&#8211; Daha \u00f6nceki uygulamalarda oldu\u011fu gibi, bu belgeyi inceleyecek heyet ni\u00e7in kurayla belirlenmemi\u015ftir? Ya da kamuoyuna yans\u0131yan pek \u00e7ok olayda oldu\u011fu gibi neden Adli T\u0131p Genel Kurulunun b\u00fct\u00fcn olarak de\u011ferlendirme yapmas\u0131na olanak tan\u0131narak bir rapor tanzimi yoluna gidilmemi\u015ftir?<\/p>\n<p style=\"text-align: justify;\">&#8211; Raporda imzas\u0131 bulunan Uzman Doktor Hac\u0131 Mehmet Ak\u0131n ve Prof. Dr. B\u00fclent \u00dcner&#8217;in imza incelemesinden bir hafta \u00f6nce Adli T\u0131p Kurumunda g\u00f6revlendirildikleri iddialar\u0131 \u015fayet ger\u00e7ek ise; bu durum, \u0131slak imza incelemesi yap\u0131lacak belgenin kuruma ula\u015fmas\u0131ndan \u00f6nce durumdan haberdar olundu\u011fu ve buna y\u00f6nelik haz\u0131rl\u0131k yap\u0131ld\u0131\u011f\u0131 y\u00f6n\u00fcndeki kuvvetli bir \u015f\u00fcphe durumu yaratmayacak m\u0131d\u0131r?<\/p>\n<p style=\"text-align: justify;\">&#8211; Daha \u00f6nce sizin ve Cumhurba\u015fkan\u0131 ile ilgili kararlarda imzas\u0131 bulunan Sincan Hakimi Osman Ka\u00e7maz ve di\u011fer pek \u00e7ok hakime Adalet Bakanl\u0131\u011f\u0131 m\u00fcfetti\u015flerinin g\u00f6nderildi\u011fi d\u00fc\u015f\u00fcn\u00fcl\u00fcrse, bu kadar a\u00e7\u0131k \u015f\u00fcphelerin varl\u0131\u011f\u0131 nedeniyle, soru\u015fturman\u0131n gizlili\u011fi kural\u0131n\u0131 ihlal etti\u011fi gerek\u00e7esiyle bu soru\u015fturma savc\u0131lar\u0131na da Adalet Bakanl\u0131\u011f\u0131 m\u00fcfetti\u015flerini g\u00f6ndermeyi d\u00fc\u015f\u00fcn\u00fcyor musunuz?<\/p>\n<p style=\"text-align: justify;\"><span style=\"color: #888888;\">CNN T\u00dcRK<\/span><\/p>\n","protected":false},"excerpt":{"rendered":"<\/p>\n<p style=\"text-align: justify;\">\u0130rticayla M\u00fccadele Eylem Plan\u0131&#8217;yla ilgili olarak savc\u0131l\u0131\u011f\u0131n \u00e7a\u011f\u0131rd\u0131\u011f\u0131 7 isim &#8220;tan\u0131k&#8221; s\u0131fat\u0131yla ifade verdi. &#8220;\u015e\u00fcpheli&#8221; s\u0131fat\u0131yla ifadesi al\u0131nan bir ki\u015fi de serbest kald\u0131. Belgenin alt\u0131nda imzas\u0131 oldu\u011fu iddia edilen Albay Dursun \u00c7i\u00e7ek adliyeye gelen isimler aras\u0131nda de\u011fildi.<\/p>\n<p style=\"text-align: justify;\">\u0130stanbul Cumhuriyet Ba\u015fsavc\u0131vekili Turan \u00c7olakkad\u0131, adliyede gazetecilere yapt\u0131\u011f\u0131 a\u00e7\u0131klamada, kendisine 9 ki\u015finin ifade <\/p>\n","protected":false},"author":1,"featured_media":0,"comment_status":"open","ping_status":"closed","sticky":false,"template":"","format":"standard","meta":{"footnotes":""},"categories":[105],"tags":[],"class_list":["post-16268","post","type-post","status-publish","format-standard","hentry","category-gundem","odd"],"_links":{"self":[{"href":"http:\/\/www.korhanyilmaz.com\/index.php?rest_route=\/wp\/v2\/posts\/16268","targetHints":{"allow":["GET"]}}],"collection":[{"href":"http:\/\/www.korhanyilmaz.com\/index.php?rest_route=\/wp\/v2\/posts"}],"about":[{"href":"http:\/\/www.korhanyilmaz.com\/index.php?rest_route=\/wp\/v2\/types\/post"}],"author":[{"embeddable":true,"href":"http:\/\/www.korhanyilmaz.com\/index.php?rest_route=\/wp\/v2\/users\/1"}],"replies":[{"embeddable":true,"href":"http:\/\/www.korhanyilmaz.com\/index.php?rest_route=%2Fwp%2Fv2%2Fcomments&post=16268"}],"version-history":[{"count":0,"href":"http:\/\/www.korhanyilmaz.com\/index.php?rest_route=\/wp\/v2\/posts\/16268\/revisions"}],"wp:attachment":[{"href":"http:\/\/www.korhanyilmaz.com\/index.php?rest_route=%2Fwp%2Fv2%2Fmedia&parent=16268"}],"wp:term":[{"taxonomy":"category","embeddable":true,"href":"http:\/\/www.korhanyilmaz.com\/index.php?rest_route=%2Fwp%2Fv2%2Fcategories&post=16268"},{"taxonomy":"post_tag","embeddable":true,"href":"http:\/\/www.korhanyilmaz.com\/index.php?rest_route=%2Fwp%2Fv2%2Ftags&post=16268"}],"curies":[{"name":"wp","href":"https:\/\/api.w.org\/{rel}","templated":true}]}}