{"id":16260,"date":"2009-10-29T23:43:25","date_gmt":"2009-10-29T21:43:25","guid":{"rendered":"http:\/\/www.korhanyilmaz.com\/?p=16260"},"modified":"2009-10-29T23:43:25","modified_gmt":"2009-10-29T21:43:25","slug":"besir-atalay-acilimda-dtpyi-sucladi","status":"publish","type":"post","link":"http:\/\/www.korhanyilmaz.com\/?p=16260","title":{"rendered":"Be\u015fir Atalay &#039;a\u00e7\u0131l\u0131m&#039;da DTP&#039;yi su\u00e7lad\u0131"},"content":{"rendered":"<p style=\"text-align: center;\"><a href=\"http:\/\/www.korhanyilmaz.com\/wp-content\/uploads\/2009\/10\/atalay2.jpg\"  class=\"lightview\"><img loading=\"lazy\" decoding=\"async\" class=\"aligncenter size-full wp-image-16261\" src=\"http:\/\/www.korhanyilmaz.com\/wp-content\/uploads\/2009\/10\/atalay2.jpg\" alt=\"\" width=\"307\" height=\"236\" \/><\/a><\/p>\n<p style=\"text-align: justify;\">\u00c7ankaya K\u00f6\u015fk\u00fc&#8217;nde ak\u015fam da resepsiyon vard\u0131. Cumhurba\u015fkan\u0131 Abdullah G\u00fcl, demokratik a\u00e7\u0131l\u0131m s\u00fcreciyle ilgili mesajlar verdi. Ancak resepsiyonun as\u0131l \u00f6nemli ismi, \u0130\u00e7i\u015fleri Bakan\u0131 Be\u015fir Atalay oldu. Atalay&#8217;\u0131n hedefinde, DTP vard\u0131. Atalay, DTP&#8217;yi a\u00e7\u0131l\u0131m s\u00fcrecini tahrip etmekle su\u00e7lad\u0131.<\/p>\n<p style=\"text-align: justify;\">Cumhurba\u015fkan\u0131 Abdullah G\u00fcl, T\u00fcrkiye&#8217;nin gelece\u011fine g\u00fcveninin tam oldu\u011funu belirterek, &#8216;Sorunlar\u0131m\u0131z\u0131 kendi g\u00fcc\u00fcm\u00fcz, kendi inisiyatifimiz, kendi akl\u0131m\u0131z, kendi birikimimizle \u00e7\u00f6zebilecek olgunlukta olal\u0131m&#8221; dedi. <!--more--><\/p>\n<p style=\"text-align: justify;\">G\u00fcl, \u00c7ankaya K\u00f6\u015fk\u00fc&#8217;nde verdi\u011fi Cumhuriyet Bayram\u0131 resepsiyonunda davetli gazetecilerin sorular\u0131n\u0131 yan\u0131tlad\u0131.<\/p>\n<p style=\"text-align: justify;\">T\u00fcrkiye Cumhuriyeti&#8217;nin 86. ya\u015f\u0131n\u0131 kutlad\u0131\u011f\u0131n\u0131 an\u0131msatan G\u00fcl, &#8220;Art\u0131k T\u00fcrkiye onuncu, yirminci, k\u0131rk\u0131nc\u0131, ellinci y\u0131llarda de\u011fil. Her \u015feyiyle \u00e7ok olgun&#8221; dedi.<\/p>\n<p style=\"text-align: justify;\">Bundan dolay\u0131 gurur duydu\u011funu ifade eden G\u00fcl, bu olgunluk sayesinde T\u00fcrkiye&#8217;nin \u00e7evresince yak\u0131ndan takip edildi\u011fini ve \u00f6rnek al\u0131nd\u0131\u011f\u0131n\u0131 s\u00f6yledi.<\/p>\n<p style=\"text-align: justify;\">G\u00fcl, T\u00fcrkiye&#8217;nin yolunda emin ad\u0131mlarla ilerledi\u011fini dile getirerek, &#8220;Bu olgunlu\u011fun \u00e7e\u015fitli alg\u0131lar\u0131 olabilir. T\u00fcrkiye bunlar\u0131n hepsini a\u015far. O bak\u0131mdan heyecanlanmaya hi\u00e7 gerek yok&#8221; diye konu\u015ftu.<\/p>\n<p style=\"text-align: justify;\">Cumhurba\u015fkan\u0131 G\u00fcl, as\u0131l heyecanlan\u0131lacak konunun T\u00fcrkiye&#8217;ye d\u0131\u015far\u0131dan bak\u0131nca g\u00fc\u00e7l\u00fc \u00fclke olarak g\u00f6r\u00fclmesi oldu\u011funu kaydetti.<\/p>\n<p style=\"text-align: justify;\">Cumhuriyetin temel ilkeleri \u00fczerinde mutabakat oldu\u011funu ve bunun d\u0131\u015f\u0131nda d\u00fc\u015f\u00fcnenlerin dikkate al\u0131nmayacak kadar marjinal bulundu\u011funu belirten G\u00fcl, bunlar\u0131n her \u00fclkede olabilece\u011fini s\u00f6yledi.<\/p>\n<p style=\"text-align: justify;\"><strong><em>&#8220;Kayg\u0131ya gerek yok&#8221;<\/em><\/strong><\/p>\n<p style=\"text-align: justify;\">Her \u00fclkenin oldu\u011fu gibi T\u00fcrkiye&#8217;nin de sorunlar\u0131 oldu\u011funu ifade eden G\u00fcl, &#8220;Kayg\u0131ya gerek yok. Sorunlar\u0131 olgunluk i\u00e7inde kendi g\u00fcc\u00fcm\u00fcz, kendi inisiyatifimiz, kendi akl\u0131m\u0131z, kendi birikimlerimizle \u00e7\u00f6zebilecek olgunlukta olal\u0131m. T\u00fcrkiye&#8217;nin ayd\u0131nlar\u0131, siyaset\u00e7ileri, bilim adamlar\u0131, komutanlar\u0131 ve \u00fcn\u00fc T\u00fcrkiye&#8217;yi a\u015fm\u0131\u015f insanlar\u0131 var. Zaman zaman kar\u015f\u0131la\u015ft\u0131\u011f\u0131m\u0131z s\u0131k\u0131nt\u0131l\u0131 durumlar\u0131 bu birikimle hep beraber a\u015faca\u011f\u0131z. Hedef belli. Atat\u00fcrk&#8217;\u00fcn g\u00f6sterdi\u011fi muas\u0131r medeniyet seviyesi. Evrensel kurallar, evrensel demokrasinin kurallar\u0131 belli. Kimsenin, Cumhuriyet&#8217;ten d\u00f6n\u00fc\u015f ya da Cumhuriyet&#8217;ten ba\u015fka y\u00f6netim tarz\u0131 d\u00fc\u015f\u00fcnecek hali s\u00f6z konusu olamaz. Demokratik standartlar\u0131m\u0131z\u0131 muas\u0131r medeniyet standard\u0131na kendi g\u00fcc\u00fcm\u00fczle ta\u015f\u0131mam\u0131z \u00f6nemli. Bunlar\u0131 yapaca\u011f\u0131m\u0131za eminim. T\u00fcrkiye&#8217;nin gelece\u011fine g\u00fcvenim tam&#8221; dedi.<\/p>\n<p style=\"text-align: justify;\">Cumhurba\u015fkan\u0131 G\u00fcl, T\u00fcrkiye&#8217;nin do\u011fuya y\u00f6neldi\u011fine dair de\u011ferlendirmeler oldu\u011funun ifade edilmesi \u00fczerine, do\u011fu-bat\u0131 konusunun nispi oldu\u011funu belirtti.<\/p>\n<p style=\"text-align: justify;\">Demokrasi, insan haklar\u0131na sayg\u0131, serbest piyasa ekonomisi gibi de\u011ferlerin \u00f6nemli oldu\u011funu vurgulayan G\u00fcl, &#8220;Bu de\u011ferler do\u011fudaysa do\u011fuda, bat\u0131daysa bat\u0131da. Ne demek do\u011fu-bat\u0131? Demokrasi, insan haklar\u0131, \u015feffafl\u0131k, hukukun \u00fcst\u00fcnl\u00fc\u011f\u00fc, serbest piyasa ekonomisi gibi de\u011ferler kurallarla, yasalarla giderek g\u00fc\u00e7leniyorsa T\u00fcrkiye&#8217;nin do\u011fuda m\u0131, bat\u0131da m\u0131 oldu\u011fu anlams\u0131z&#8221; diye konu\u015ftu.<\/p>\n<p style=\"text-align: justify;\">AB ile b\u00fct\u00fcnle\u015fmenin T\u00fcrkiye&#8217;nin adeta bir devlet politikas\u0131 haline geldi\u011fini belirten G\u00fcl, &#8220;T\u00fcrkiye ne AB&#8217;ye, ne ona, ne buna mecbur. Bizim gidi\u015fat\u0131m\u0131z\u0131 resmi olarak kolayla\u015ft\u0131rmazlarsa, biz bir \u00e7ok \u015feyi kendi kendimize yapar\u0131z&#8221; dedi.<\/p>\n<p style=\"text-align: justify;\">G\u00fcl, T\u00fcrkiye&#8217;nin g\u00fc\u00e7l\u00fc bir \u00fclke oldu\u011funu yineleyerek, T\u00fcrkiye&#8217;nin yan\u0131nda olanlara g\u00fc\u00e7 kataca\u011f\u0131n\u0131 ve kimsenin T\u00fcrkiye&#8217;ye istedi\u011fi gibi davranamayaca\u011f\u0131n\u0131 s\u00f6yledi.<\/p>\n<p style=\"text-align: justify;\"><strong><em>Demokratik a\u00e7\u0131l\u0131m <\/em><\/strong><\/p>\n<p style=\"text-align: justify;\">G\u00fcl, demokratik a\u00e7\u0131l\u0131m\u0131n hareketlendirilmesi i\u00e7in giri\u015fimi olup olmayaca\u011f\u0131na ili\u015fkin soruyu yan\u0131tlarken, bu konunun bir anl\u0131k, bir g\u00fcnl\u00fck, bir konu\u015fmal\u0131k i\u015f olmad\u0131\u011f\u0131n\u0131; dinamik bir geli\u015fim s\u00fcreci oldu\u011funu belirtti.<\/p>\n<p style=\"text-align: justify;\">G\u00fcl, konuyla ilgili olarak yeri geldi\u011finde muhalefetle g\u00f6r\u00fc\u015ft\u00fc\u011f\u00fcn\u00fc de ifade etti.<\/p>\n<p style=\"text-align: justify;\">&#8220;Tarihi f\u0131rsat\u0131n i\u00e7i sa\u011fl\u0131kl\u0131 dolduruluyor mu?&#8221; sorusu \u00fczerine G\u00fcl, &#8220;Olacak. &#8216;Ter\u00f6r bitti&#8217; denecek. Ter\u00f6r\u00fcn bitmesi i\u00e7in de i\u00e7inizde ya da kom\u015funuzda silahl\u0131 insan kalmayacak&#8221; dedi.<\/p>\n<p style=\"text-align: justify;\"><strong><em>K\u0131br\u0131s sorunu<\/em><\/strong><\/p>\n<p style=\"text-align: justify;\">K\u0131br\u0131s konusuyla ilgili sorular \u00fczerine de de\u011ferlendirmelerde bulunan G\u00fcl, m\u00fczakerelerin ucunun a\u00e7\u0131k olmamas\u0131 gerekti\u011fini, s\u0131n\u0131rl\u0131 yap\u0131lacak g\u00f6r\u00fc\u015fmeler sonunda var\u0131lacak anla\u015fman\u0131n referanduma g\u00f6t\u00fcr\u00fclmesi gerekti\u011fini s\u00f6yledi.<\/p>\n<p style=\"text-align: justify;\">&#8220;Biz, bu y\u0131l\u0131n sonuna kadar bu i\u015fin bitmesini arzu ediyoruz&#8221; diyen G\u00fcl, bitmemesi halinde makul bir s\u00fcrede tamamlanmas\u0131n\u0131 istediklerini ifade etti. G\u00fcl, aksi durumu &#8220;Zaman ge\u00e7irme takti\u011fi gibi oluyor&#8221; diye niteledi.<\/p>\n<p style=\"text-align: justify;\">Atalay: &#8220;DTP s\u00fcreci tahrip etti&#8221;<\/p>\n<p style=\"text-align: justify;\">K\u00f6\u015fk&#8217;teki resepsiyonda g\u00f6zlerin \u00e7evrildi\u011fi bir di\u011fer isim ise \u0130\u00e7i\u015fleri Bakan\u0131 Be\u015fir Atalay&#8217;d\u0131. Atalay, a\u00e7\u0131l\u0131m s\u00fcreci ve da\u011fdan d\u00f6n\u00fc\u015flerle ilgili \u00e7arp\u0131c\u0131 mesajlar verdi.<\/p>\n<p style=\"text-align: justify;\">Eve d\u00f6n\u00fc\u015flere ara verilmesine neden olarak DTP&#8217;yi g\u00f6sterdi. Dahas\u0131 DTP&#8217;yi s\u00fcreci tahrip etmekle su\u00e7lad\u0131.<\/p>\n<p style=\"text-align: justify;\">Atalay, DTP&#8217;nin PKK&#8217;l\u0131lar \u00fczerinde kontrol\u00fcn\u00fc kaybetti\u011fi tezine de kat\u0131lmad\u0131\u011f\u0131n\u0131 belirtti, &#8220;mitingler DTP&#8217;nin i\u015fi&#8221; diye konu\u015ftu.<\/p>\n<p style=\"text-align: justify;\">Ter\u00f6r \u00f6rg\u00fct\u00fc PKK \u00fcyelerinin T\u00fcrkiye&#8217;ye d\u00f6n\u00fc\u015f\u00fcnde ya\u015fanan g\u00f6r\u00fcnt\u00fclerin yeniden de\u011ferlendirme yapmay\u0131 gerektirdi\u011fini ifade eden Atalay, bu durumu hi\u00e7 kimse ve hi\u00e7bir kesimin onaylamad\u0131\u011f\u0131n\u0131 kaydetti.<\/p>\n<p style=\"text-align: justify;\">Atalay, konu \u00fczerinde tekrar bir \u00e7al\u0131\u015fma ve planlamadan sonra s\u00fcre\u00e7le ilgili yap\u0131lacaklar\u0131 belirleyeceklerini anlatarak, &#8220;Bu, katiyen s\u00fcreci kesmek anlam\u0131nda de\u011fil. T\u00fcrkiye bu ivmeyi yakalad\u0131&#8221; dedi.<\/p>\n<p style=\"text-align: justify;\">Bakan Atalay, Avrupa&#8217;dan yeni bir grubun T\u00fcrkiye&#8217;ye d\u00f6nece\u011fine ve grubun ka\u00e7 ki\u015fiden olu\u015faca\u011f\u0131na ili\u015fkin haberlerin hat\u0131rlat\u0131lmas\u0131 \u00fczerine, say\u0131n\u0131n belirtilenden fazla da olabilece\u011fini s\u00f6yledi.<\/p>\n<p style=\"text-align: justify;\">Atalay, &#8220;Neticede silah\u0131n\u0131 b\u0131rak\u0131p teslim olanlar i\u015fin \u00f6z\u00fc. O boyutu g\u00f6z \u00f6n\u00fcnden \u00e7\u0131karmamak laz\u0131m. Eve d\u00f6nenler daha fazla da olabilir. Devam edecek bir \u015fey. Mahmur&#8217;un \u00fczerinde yo\u011fun durulabilir&#8221; diye konu\u015ftu.<\/p>\n<p style=\"text-align: justify;\">S\u00fcre\u00e7le ilgili TBMM&#8217;deki g\u00f6r\u00fc\u015fmeyi bir an evvel yapmak gerekti\u011finin alt\u0131n\u0131 \u00e7izen Atalay, g\u00f6r\u00fc\u015fmenin Ba\u015fbakan Recep Tayyip Erdo\u011fan&#8217;\u0131n takviminin yo\u011funlu\u011fu dolay\u0131s\u0131yla ger\u00e7ekle\u015fmedi\u011fini s\u00f6yledi.<\/p>\n<p style=\"text-align: justify;\">Atalay, g\u00f6r\u00fc\u015fmenin &#8220;bilgilendirme&#8221; ya da &#8220;genel g\u00f6r\u00fc\u015fme&#8221; \u015feklinde olabilece\u011fini de belirtti.<\/p>\n<p style=\"text-align: justify;\">Bakan Atalay, D\u0131\u015fi\u015fleri Bakan\u0131 Ahmet Davuto\u011flu ve D\u0131\u015f Ticaret Bakan\u0131 Zafer \u00c7a\u011flayan&#8217;\u0131n, Irak ziyaretinin de \u00e7ok \u00f6nemli olaca\u011f\u0131n\u0131 s\u00f6yledi.<\/p>\n<p style=\"text-align: justify;\">Zira Basra ve Kuzey Irak b\u00f6lgesel K\u00fcrt y\u00f6netiminin ba\u015fkenti Erbil&#8217;de konsolosluklar a\u00e7\u0131lacak.<\/p>\n<p style=\"text-align: justify;\">Ve b\u00f6lgeye T\u00fcrkiye&#8217;den ilk kez bakan gidiyor. Atalay, ter\u00f6rle m\u00fccadelede Kuzey Irak&#8217;\u0131n \u00f6nemini de vurgulad\u0131, &#8220;bizim i\u00e7in \u00f6nemli olan Kuzey Irak&#8217;taki ortam ve bu ortam\u0131n ter\u00f6r \u00f6rg\u00fct\u00fc i\u00e7in bir zemin olmaktan \u00e7\u0131kmas\u0131&#8221; dedi.<\/p>\n<p style=\"text-align: justify;\"><span style=\"color: #888888;\">CNN T\u00dcRK<\/span><\/p>\n","protected":false},"excerpt":{"rendered":"<p style=\"text-align: center;\">\n<p style=\"text-align: justify;\">\u00c7ankaya K\u00f6\u015fk\u00fc&#8217;nde ak\u015fam da resepsiyon vard\u0131. Cumhurba\u015fkan\u0131 Abdullah G\u00fcl, demokratik a\u00e7\u0131l\u0131m s\u00fcreciyle ilgili mesajlar verdi. Ancak resepsiyonun as\u0131l \u00f6nemli ismi, \u0130\u00e7i\u015fleri Bakan\u0131 Be\u015fir Atalay oldu. Atalay&#8217;\u0131n hedefinde, DTP vard\u0131. Atalay, DTP&#8217;yi a\u00e7\u0131l\u0131m s\u00fcrecini tahrip etmekle su\u00e7lad\u0131.<\/p>\n<p style=\"text-align: justify;\">Cumhurba\u015fkan\u0131 Abdullah G\u00fcl, T\u00fcrkiye&#8217;nin gelece\u011fine g\u00fcveninin tam oldu\u011funu belirterek, &#8216;Sorunlar\u0131m\u0131z\u0131 kendi g\u00fcc\u00fcm\u00fcz, <\/p>\n","protected":false},"author":1,"featured_media":0,"comment_status":"open","ping_status":"closed","sticky":false,"template":"","format":"standard","meta":{"footnotes":""},"categories":[105],"tags":[],"class_list":["post-16260","post","type-post","status-publish","format-standard","hentry","category-gundem","odd"],"_links":{"self":[{"href":"http:\/\/www.korhanyilmaz.com\/index.php?rest_route=\/wp\/v2\/posts\/16260","targetHints":{"allow":["GET"]}}],"collection":[{"href":"http:\/\/www.korhanyilmaz.com\/index.php?rest_route=\/wp\/v2\/posts"}],"about":[{"href":"http:\/\/www.korhanyilmaz.com\/index.php?rest_route=\/wp\/v2\/types\/post"}],"author":[{"embeddable":true,"href":"http:\/\/www.korhanyilmaz.com\/index.php?rest_route=\/wp\/v2\/users\/1"}],"replies":[{"embeddable":true,"href":"http:\/\/www.korhanyilmaz.com\/index.php?rest_route=%2Fwp%2Fv2%2Fcomments&post=16260"}],"version-history":[{"count":0,"href":"http:\/\/www.korhanyilmaz.com\/index.php?rest_route=\/wp\/v2\/posts\/16260\/revisions"}],"wp:attachment":[{"href":"http:\/\/www.korhanyilmaz.com\/index.php?rest_route=%2Fwp%2Fv2%2Fmedia&parent=16260"}],"wp:term":[{"taxonomy":"category","embeddable":true,"href":"http:\/\/www.korhanyilmaz.com\/index.php?rest_route=%2Fwp%2Fv2%2Fcategories&post=16260"},{"taxonomy":"post_tag","embeddable":true,"href":"http:\/\/www.korhanyilmaz.com\/index.php?rest_route=%2Fwp%2Fv2%2Ftags&post=16260"}],"curies":[{"name":"wp","href":"https:\/\/api.w.org\/{rel}","templated":true}]}}