{"id":16213,"date":"2009-10-29T20:54:45","date_gmt":"2009-10-29T18:54:45","guid":{"rendered":"http:\/\/www.korhanyilmaz.com\/?p=16213"},"modified":"2009-10-29T20:54:45","modified_gmt":"2009-10-29T18:54:45","slug":"erdogan-ve-basbug-arasinda-kritik-gorusme","status":"publish","type":"post","link":"http:\/\/www.korhanyilmaz.com\/?p=16213","title":{"rendered":"Erdo\u011fan ve Ba\u015fbu\u011f aras\u0131nda kritik g\u00f6r\u00fc\u015fme"},"content":{"rendered":"<p style=\"text-align: center;\"><a href=\"http:\/\/www.korhanyilmaz.com\/wp-content\/uploads\/2009\/10\/basbug51.jpg\"  class=\"lightview\"><img loading=\"lazy\" decoding=\"async\" class=\"aligncenter size-full wp-image-16215\" title=\"basbug5\" src=\"http:\/\/www.korhanyilmaz.com\/wp-content\/uploads\/2009\/10\/basbug51.jpg\" alt=\"basbug5\" width=\"307\" height=\"236\" \/><\/a><\/p>\n<p style=\"text-align: justify;\">Ba\u015fbakan Recep Tayyip Erdo\u011fan ile Genelkurmay Ba\u015fkan\u0131 Orgeneral \u0130lker Ba\u015fbu\u011f, haftal\u0131k ola\u011fan g\u00f6r\u00fc\u015fmesini ger\u00e7ekle\u015ftirdi. G\u00f6r\u00fc\u015fmede \u0130rtica M\u00fccadele Eylem Plan\u0131 da g\u00fcndeme geldi.<\/p>\n<p style=\"text-align: justify;\">Saat 18.20&#8217;de Ba\u015fbakanl\u0131k Resmi Konut&#8217;ta ger\u00e7ekle\u015fen g\u00f6r\u00fc\u015fme 1 saat 20 dakika s\u00fcrd\u00fc. <!--more--><\/p>\n<p style=\"text-align: justify;\">Ba\u015fbakanl\u0131k Bas\u0131n Merkezi, Ba\u015fbakan Recep Tayyip Erdo\u011fan ile Genelkurmay Ba\u015fkan\u0131 Orgeneral \u0130lker Ba\u015fbu\u011f&#8217;un haftal\u0131k ola\u011fan g\u00f6r\u00fc\u015fmesinde, g\u00fcndemde yer alan &#8220;irticayla m\u00fccadele eylem plan\u0131&#8221; belgesine y\u00f6nelik tart\u0131\u015fmalar\u0131n da de\u011ferlendirildi\u011fini bildirdi.<\/p>\n<p style=\"text-align: justify;\">Ba\u015fbakanl\u0131k Bas\u0131n Merkezi&#8217;nden yap\u0131lan yaz\u0131l\u0131 a\u00e7\u0131klamada, Ba\u015fbakan Erdo\u011fan ile Genelkurmay Ba\u015fkan\u0131 Orgeneral Ba\u015fbu\u011f&#8217;un bug\u00fcn haftal\u0131k ola\u011fan g\u00f6r\u00fc\u015fmelerini ger\u00e7ekle\u015ftirdikleri an\u0131msat\u0131ld\u0131.<\/p>\n<p style=\"text-align: justify;\">G\u00f6r\u00fc\u015fmede, \u00fclke g\u00fcvenli\u011fine ili\u015fkin konular\u0131n de\u011ferlendirildi\u011fi belirtilen a\u00e7\u0131klamada, \u015funlar kaydedildi: &#8220;G\u00fcndemde yer alan &#8216;irticayla m\u00fccadele eylem plan\u0131&#8217;na y\u00f6nelik tart\u0131\u015fmalar da de\u011ferlendirilmi\u015ftir. \u0130ddia edilen, &#8216;eylem plan\u0131na&#8217; ili\u015fkin soru\u015fturma s\u00fcreci adli ve askeri yarg\u0131 makamlar\u0131 taraf\u0131ndan kendi g\u00f6rev ve yetki alanlar\u0131 kapsam\u0131nda y\u00fcr\u00fct\u00fclmektedir. Bu s\u00fcrecin en k\u0131sa zamanda ger\u00e7e\u011fi ortaya \u00e7\u0131karmas\u0131 beklenmektedir. Bu s\u00fcre\u00e7te herkese d\u00fc\u015fen g\u00f6rev, s\u00fcrecin sonu\u00e7lanmas\u0131n\u0131 beklemek, ki\u015fi ve kurumlar\u0131 hedef alan davran\u0131\u015f ve yorumlardan ka\u00e7\u0131nmakt\u0131r.&#8221;<\/p>\n<p style=\"text-align: justify;\">Ba\u015fbakan Erdo\u011fan Pakistan gezisi s\u0131ras\u0131nda konuyu Genelkurmay Ba\u015fkan\u0131 \u0130lker Ba\u015fbu\u011f ile g\u00f6r\u00fc\u015fece\u011fini a\u00e7\u0131klam\u0131\u015ft\u0131.<\/p>\n<p style=\"text-align: justify;\"><span style=\"color: #888888;\">CNN T\u00dcRK<\/span><\/p>\n","protected":false},"excerpt":{"rendered":"<p style=\"text-align: center;\">\n<p style=\"text-align: justify;\">Ba\u015fbakan Recep Tayyip Erdo\u011fan ile Genelkurmay Ba\u015fkan\u0131 Orgeneral \u0130lker Ba\u015fbu\u011f, haftal\u0131k ola\u011fan g\u00f6r\u00fc\u015fmesini ger\u00e7ekle\u015ftirdi. G\u00f6r\u00fc\u015fmede \u0130rtica M\u00fccadele Eylem Plan\u0131 da g\u00fcndeme geldi.<\/p>\n<p style=\"text-align: justify;\">Saat 18.20&#8217;de Ba\u015fbakanl\u0131k Resmi Konut&#8217;ta ger\u00e7ekle\u015fen g\u00f6r\u00fc\u015fme 1 saat 20 dakika s\u00fcrd\u00fc. <\/p>\n","protected":false},"author":1,"featured_media":0,"comment_status":"open","ping_status":"closed","sticky":false,"template":"","format":"standard","meta":{"footnotes":""},"categories":[105],"tags":[],"class_list":["post-16213","post","type-post","status-publish","format-standard","hentry","category-gundem","odd"],"_links":{"self":[{"href":"http:\/\/www.korhanyilmaz.com\/index.php?rest_route=\/wp\/v2\/posts\/16213","targetHints":{"allow":["GET"]}}],"collection":[{"href":"http:\/\/www.korhanyilmaz.com\/index.php?rest_route=\/wp\/v2\/posts"}],"about":[{"href":"http:\/\/www.korhanyilmaz.com\/index.php?rest_route=\/wp\/v2\/types\/post"}],"author":[{"embeddable":true,"href":"http:\/\/www.korhanyilmaz.com\/index.php?rest_route=\/wp\/v2\/users\/1"}],"replies":[{"embeddable":true,"href":"http:\/\/www.korhanyilmaz.com\/index.php?rest_route=%2Fwp%2Fv2%2Fcomments&post=16213"}],"version-history":[{"count":0,"href":"http:\/\/www.korhanyilmaz.com\/index.php?rest_route=\/wp\/v2\/posts\/16213\/revisions"}],"wp:attachment":[{"href":"http:\/\/www.korhanyilmaz.com\/index.php?rest_route=%2Fwp%2Fv2%2Fmedia&parent=16213"}],"wp:term":[{"taxonomy":"category","embeddable":true,"href":"http:\/\/www.korhanyilmaz.com\/index.php?rest_route=%2Fwp%2Fv2%2Fcategories&post=16213"},{"taxonomy":"post_tag","embeddable":true,"href":"http:\/\/www.korhanyilmaz.com\/index.php?rest_route=%2Fwp%2Fv2%2Ftags&post=16213"}],"curies":[{"name":"wp","href":"https:\/\/api.w.org\/{rel}","templated":true}]}}